{"id":271774,"date":"2025-12-05T02:14:12","date_gmt":"2025-12-05T02:14:12","guid":{"rendered":"https:\/\/www.europesays.com\/es\/271774\/"},"modified":"2025-12-05T02:14:12","modified_gmt":"2025-12-05T02:14:12","slug":"el-ballet-espanol-de-la-comunidad-de-madrid-baila-al-ritmo-de-debussy-halffter-y-falla-en-su-nuevo-espectaculo-viaje-al-amor-brujo","status":"publish","type":"post","link":"https:\/\/www.europesays.com\/es\/271774\/","title":{"rendered":"El Ballet Espa\u00f1ol de la Comunidad de Madrid baila al ritmo de Debussy, Halffter y Falla en su nuevo espect\u00e1culo Viaje al Amor Brujo"},"content":{"rendered":"<p>La Comunidad de Madrid inaugura su programaci\u00f3n cultural de diciembre con el estreno absoluto del nuevo espect\u00e1culo del Ballet Espa\u00f1ol de la Comunidad de Madrid, Viaje al Amor Brujo, con partituras de Manuel de Falla, Claude Debussy y Crist\u00f3bal Halffter, que puede verse desde hoy en los Teatros del Canal (hasta el 4 de enero de 2026, Sala Roja Concha Velasco).\u00a0<\/p>\n<p>Esta gran producci\u00f3n constituye el inicio oficial de las celebraciones del A\u00f1o Falla con motivo del 150\u00ba aniversario de su nacimiento, y coincide, adem\u00e1s, con el centenario del estreno de El Amor Brujo en Madrid. En esta propuesta, coreografiada por Olga Pericet y Est\u00e9vez y Pa\u00f1os, se re\u00fane a 21 bailarines y 35 m\u00fasicos en un recorrido cl\u00e1sico y flamenco, tradicional y contempor\u00e1neo, por tres obras del compositor gaditano.<\/p>\n<p>La Joven Orquesta y Coro de la Comunidad de Madrid (JORCAM) tocar\u00e1 en directo, bajo la direcci\u00f3n de Alondra de la Parra, con la participaci\u00f3n de los m\u00fasicos flamencos del Ballet, que interpretar\u00e1n piezas originales compuestas por Dani de Mor\u00f3n. El programa parte de las Siete canciones populares seg\u00fan la versi\u00f3n de Ernesto Halffter, contin\u00faa con el homenaje a Debussy y culmina en El Amor Brujo, obra inseparable de la Edad de Plata de Madrid, fruto de la colaboraci\u00f3n entre Falla y Mar\u00eda Lej\u00e1rraga.<\/p>\n<p>En abril de 2026 una gira internacional llevar\u00e1 el montaje a diversos destinos de Hispanoam\u00e9rica y Europa, reforzando as\u00ed la estrategia de proyecci\u00f3n exterior de las instituciones culturales de la regi\u00f3n.<\/p>\n<p>La cartelera madrile\u00f1a de estos d\u00edas incluye tambi\u00e9n el Ciclo de Artes Vivas y Performance de los Teatros del Canal, donde la core\u00f3grafa madrile\u00f1a Cuqui Jerez estrena en Espa\u00f1a Sugar Island (jueves 4 y viernes 5, Sala de Cristal). Con este trabajo ahonda en la investigaci\u00f3n que ha desarrollado en los \u00faltimos a\u00f1os en torno a la suspensi\u00f3n del sentido, plasmada en una trilog\u00eda de piezas performativas representadas en diferentes festivales y teatros europeos y de M\u00e9xico.<\/p>\n<p>La oferta musical se ampl\u00eda con la celebraci\u00f3n de la jornada de despedida del XVI Festival de Ensembles de M\u00fasica Contempor\u00e1nea, que ha reunido hasta el momento a diferentes formaciones espa\u00f1olas especializadas en creaci\u00f3n actual y que pone de relieve la pluralidad est\u00e9tica y generacional del panorama compositivo contempor\u00e1neo. PluralEnsemble de Madrid ser\u00e1 el encargado de cerrar el ciclo en los Teatros del Canal (domingo 7, Sala Negra).<\/p>\n<p>Por su parte, el Teatro de La Abad\u00eda acoge la producci\u00f3n de la Sala Beckett Del fandom al troleo. Una s\u00e1tira del bla bla bla. Escrita por Berta Prieto y orientada especialmente al p\u00fablico nacido entre 1994 y 2010, generaci\u00f3n Z, se presenta por primera vez en Madrid en castellano (hasta el domingo 14, Sala Jos\u00e9 Luis Alonso).<\/p>\n<p>En paralelo, contin\u00faa en cartel Francisco Ferrer. \u00a1Viva la Escuela Moderna!, dirigida por Jos\u00e9 Luis G\u00f3mez e interpretada por Ernesto Arias, Lidia Ot\u00f3n, David Luque y Jes\u00fas Barranco. Una obra que recupera la figura del pedagogo catal\u00e1n y su relevante influencia en la renovaci\u00f3n educativa de principios del siglo XX (hasta el domingo 7, Sala Juan de la Cruz).<\/p>\n<p><strong>La Puerta del Sol se llena de magia esta Navidad\u00a0<\/strong><\/p>\n<p>La Real Casa de Correos, sede del Gobierno regional, es en estas fechas una parada imprescindible, con dos propuestas ideadas para compartir en familia la ilusi\u00f3n, la luz y la magia de la Navidad en la Puerta del Sol. Ambas estar\u00e1n disponibles hasta el 6 de enero y son de acceso gratuito.<\/p>\n<p>En el exterior, al anochecer la fachada del edificio se transforma en La F\u00e1brica de los Deseos, un gran videomapping que convierte el hist\u00f3rico inmueble en un calendario de Adviento lleno de color, m\u00fasica y escenas m\u00e1gicas. La experiencia invita tambi\u00e9n a descubrir, a trav\u00e9s de im\u00e1genes animadas, los cinco lugares Patrimonio de la Humanidad de la regi\u00f3n, integrados en una narrativa pensada para que los m\u00e1s peque\u00f1os aprendan mientras disfrutan. El espect\u00e1culo puede verse todos los d\u00edas, desde las 18:00 horas, con pases cada 30 minutos.<\/p>\n<p>En el interior, el tradicional Bel\u00e9n recibe este a\u00f1o a las familias con un montaje especialmente sorprendente dedicado a la Huida a Egipto. En un recorrido de 132 metros cuadrados, los visitantes pueden seguir el camino de Jos\u00e9, Mar\u00eda y el Ni\u00f1o Jes\u00fas a trav\u00e9s de un gran paisaje que recrea templos, pir\u00e1mides, el r\u00edo Nilo y escenas de viaje llenas de detalles, acompa\u00f1adas por m\u00e1s de 500 figuras artesanales.<\/p>\n<p>Uno de los elementos m\u00e1s llamativos es el cielo estrellado que cubre todo el espacio, formado por 60.000 luces que generan un ambiente nocturno y m\u00e1gico. Por primera vez, el Nacimiento puede contemplarse en 360 grados, de modo que el p\u00fablico puede rodearlo completamente y descubrir cada uno de sus rincones, desde las escenas m\u00e1s conocidas hasta la Cabalgata de los Reyes Magos. Puede visitarse de 10:00 a 22:00 h, todos los d\u00edas (con horarios especiales en fechas se\u00f1aladas).<\/p>\n<p><strong>Picasso y Mingote en Buitrago del Lozoya\u00a0<\/strong><\/p>\n<p>Asimismo, el Ejecutivo regional presenta una amplia oferta de exposiciones gratuitas en salas y museos regionales. En Buitrago del Lozoya, el Museo Picasso\u2013Colecci\u00f3n Eugenio Arias propone Picasso en la obra de Mingote, que podr\u00e1 verse hasta este domingo 7 de diciembre.<\/p>\n<p>En la capital, la recientemente inaugurada Circuitos de Artes Pl\u00e1sticas 2025, que presenta los trabajos de diez creadores emergentes resultado de la convocatoria anual dirigida a menores de 35 a\u00f1os residentes en la regi\u00f3n. Bajo el subt\u00edtulo de Una flor es una flecha es un flexo un flan es una flor y el comisariado de Manuela Pedr\u00f3n Nicolau, la muestra presenta la obra de Clara Silvina, Natalia Cardoso, Elisa Cuesta Fern\u00e1ndez, Alba Lorente Hern\u00e1ndez, Lucas Marcos Barquilla, Rub\u00e9n Ojeda Guzm\u00e1n, Sara Santana L\u00f3pez, Ra\u00fal Silva C., Jorge S\u00faarez Qui\u00f1ones Rivas y Julieta Hsiung. Se podr\u00e1 visitar en la Sala de Arte Joven hasta el pr\u00f3ximo 8 de febrero.<\/p>\n<p>Por su parte, la Biblioteca Regional exhibe Un Madrid de novela\u2026 negra, un recorrido por cuatro siglos de crimen literario vinculado a la capital (hasta el 11 de enero) y en el Archivo Regional\u2013El \u00c1guila puede visitarse \u00a1Me lo pido! Juguetes en el Madrid de nuestra infancia, que muestra la memoria l\u00fadica de varias generaciones (hasta el 8 de febrero).<\/p>\n<p>La Sala Canal de Isabel II acoge 14 millones de ojos. Colecci\u00f3n, fotograf\u00eda, p\u00fablico, con 175 obras y materiales de archivo procedentes del CA2M. La Sala Alcal\u00e1 31 presenta Alfredo Alcain. Una retrospectiva, dedicada a uno de los creadores m\u00e1s singulares del\u00a0arte espa\u00f1ol contempor\u00e1neo. Ambas pueden visitarse hasta el pr\u00f3ximo 11 de enero.<\/p>\n<p>Adem\u00e1s, la exposici\u00f3n Ecos del. arte virreinal del Per\u00fa, integrada por trece piezas del Museo Pedro de Osma de Lima, puede visitarse en la Casa Museo Lope de Vega (Madrid) y en el Museo Casa Natal de Cervantes (Alcal\u00e1 de Henares) hasta el domingo 11 de enero, y llegar\u00e1 desde mediados de diciembre a la sede de la Consejer\u00eda de Cultura, Turismo y Deporte, situada en la calle Alcal\u00e1 31.<\/p>\n<p>Mientras que el Centro de Arte Dos de Mayo de M\u00f3stoles (CA2M) contin\u00faa con las exposiciones Aguas Turbias, de In\u00eas Zenha, y Juan P\u00e9rez Agirregoikoa. Guerra, Comercio y Filantrop\u00eda (ambas hasta el 11 de enero).<\/p>\n<p>La Red Itiner extiende esta programaci\u00f3n a distintos municipios de la regi\u00f3n con muestras como Salvador Dal\u00ed. La Divina Comedia, El esp\u00edritu del samur\u00e1i, REGI\u00d3N. Paisaje, fotograf\u00eda y patrimonio y Tirando del hilo. Lenguajes textiles en el arte contempor\u00e1neo.<\/p>\n<p class=\"rtecenter\"><strong>Jueves 4 de diciembre<\/strong><\/p>\n<p><a href=\"https:\/\/www.teatroscanal.com\/espectaculo\/viaje-al-amor-brujo-ballet-espanol-cam-tc2526\/\" rel=\"nofollow noopener\" target=\"_blank\">Viaje al Amor Brujo<\/a><\/p>\n<p>Ballet Espa\u00f1ol de la Comunidad de Madrid<\/p>\n<p>Hasta el 4 de enero \u2013 20:00 h \u2013 Sala Roja Concha Velasco. Teatros del Canal. MADRID<\/p>\n<p><a href=\"https:\/\/www.comunidad.madrid\/navidad-sol\" rel=\"nofollow noopener\" target=\"_blank\">Programa completo Navidades en Sol 2025<\/a><\/p>\n<p class=\"rtecenter\"><strong>Viernes 5 de diciembre\u00a0<\/strong><\/p>\n<p><a href=\"https:\/\/www.teatroscanal.com\/espectaculo\/cuqui-jerez-sugar-island-tc2526\/\" rel=\"nofollow noopener\" target=\"_blank\">Sugar Island<\/a><\/p>\n<p>Cuqui Jerez<\/p>\n<p>Hasta el 5 de diciembre \u2013 18:30 h \u2013 Sala Negra. Teatros del Canal. MADRID<\/p>\n<p><a href=\"https:\/\/www.comunidad.madrid\/navidad-sol\" rel=\"nofollow noopener\" target=\"_blank\">Programa completo Navidades en Sol 2025<\/a><\/p>\n<p class=\"rtecenter\"><strong>S\u00e1bado 6 de diciembre\u00a0<\/strong><\/p>\n<p><a href=\"https:\/\/www.teatroabadia.com\/espectaculo\/del-fandom-al-troleo\/\" rel=\"nofollow noopener\" target=\"_blank\">Del fandom al troleo. Una s\u00e1tira del bla bla bla<\/a><\/p>\n<p><strong>Sala Beckett \u2013 Berta Prieto<\/strong><\/p>\n<p>Hasta el 14 de diciembre \u2013 20:00 h &#8211; Sala Jos\u00e9 Luis Alonso. Teatro de La Abad\u00eda. MADRID<\/p>\n<p><a href=\"https:\/\/www.comunidad.madrid\/navidad-sol\" rel=\"nofollow noopener\" target=\"_blank\">Programa completo Navidades en Sol 2025<\/a><\/p>\n<p class=\"rtecenter\"><strong>Domingo 7 de diciembre\u00a0<\/strong><\/p>\n<p><a href=\"https:\/\/www.teatroabadia.com\/espectaculo\/francisco-ferrer-viva-la-escuela-moderna\/\" rel=\"nofollow noopener\" target=\"_blank\">Francisco Ferrer. \u00a1Viva la Escuela Moderna!<\/a><\/p>\n<p><strong>Jean-Claude Id\u00e9e \u2013 Jos\u00e9 Luis G\u00f3mez<\/strong><\/p>\n<p>Hasta el 7 de diciembre \u2013 19:00 h &#8211; Sala Juan de la Cruz. Teatro de La Abad\u00eda. MADRID<\/p>\n<p><a href=\"https:\/\/www.comunidad.madrid\/navidad-sol\" rel=\"nofollow noopener\" target=\"_blank\">Programa completo Navidades en Sol 2025<\/a><\/p>\n<p><a href=\"https:\/\/www.teatroscanal.com\/espectaculo\/xvi-festival-de-ensembles-tc256\/\" rel=\"nofollow noopener\" target=\"_blank\">Programa completo del XVI Festival de Ensembles<\/a><\/p>\n<p class=\"rtecenter\"><strong>Museos y exposiciones\u00a0<\/strong><\/p>\n<p><a href=\"https:\/\/www.comunidad.madrid\/actividades\/2025\/exposicion-picasso-obra-mingote\" rel=\"nofollow noopener\" target=\"_blank\">Picasso en la obra de Mingote<\/a><\/p>\n<p>Hasta el 7 de diciembre &#8211; Museo Picasso &#8211; Colecci\u00f3n Eugenio Arias. BUITRAGO DEL LOZOYA<\/p>\n<p><a href=\"https:\/\/ca2m.org\/exposiciones\/ines-zenha-aguas-turbias\" rel=\"nofollow noopener\" target=\"_blank\">In\u00eas Zenha. Aguas Turbias<\/a><\/p>\n<p>Hasta el 11 de enero &#8211; Museo Centro de Arte Dos de Mayo CA2M. M\u00d3STOLES<\/p>\n<p><a href=\"https:\/\/ca2m.org\/exposiciones\/ines-zenha-aguas-turbias\" rel=\"nofollow noopener\" target=\"_blank\">Juan P\u00e9rez Agirregoikoa. Guerra, Comercio y Filantrop\u00eda<\/a><\/p>\n<p>Hasta el 11 de enero &#8211; Museo Centro de Arte Dos de Mayo CA2M. M\u00d3STOLES<\/p>\n<p><a href=\"https:\/\/www.comunidad.madrid\/actividades\/2025\/exposicion-alfredo-alcain-retrospectiva\" rel=\"nofollow noopener\" target=\"_blank\">Alfredo Alcain. Una retrospectiva<\/a><\/p>\n<p>Hasta el 11 de enero &#8211; Sala Alcal\u00e1 31. MADRID<\/p>\n<p><a href=\"https:\/\/www.comunidad.madrid\/actividades\/2025\/exposicion-14-millones-ojos\" rel=\"nofollow noopener\" target=\"_blank\">14 millones de ojos<\/a><\/p>\n<p>Hasta el 11 de enero &#8211; Sala Canal de Isabel II. MADRID<\/p>\n<p><a href=\"https:\/\/www.comunidad.madrid\/actividades\/2025\/exposicion-madrid-novela-negra\" rel=\"nofollow noopener\" target=\"_blank\">Un Madrid de novela\u2026negra<\/a><\/p>\n<p>Hasta el 11 de enero &#8211; Sala de Exposiciones de la Biblioteca Regional de Madrid &#8211; El \u00c1guila. MADRID<\/p>\n<p><a href=\"https:\/\/www.casamuseolopedevega.org\/es\/\" rel=\"nofollow noopener\" target=\"_blank\">Ecos del arte virreinato del Per\u00fa<\/a><\/p>\n<p>Hasta el 11 de enero &#8211; Casa Museo Lope de Vega (MADRID)<\/p>\n<p><a href=\"https:\/\/www.museothyssen.org\/exposiciones\/warhol-pollock\" rel=\"nofollow noopener\" target=\"_blank\">Warhol, Pollock y otros espacios americanos<\/a><\/p>\n<p>Hasta el 25 de enero &#8211; Museo Nacional Thyssen-Bornemisza (MADRID)<\/p>\n<p><a href=\"https:\/\/www.comunidad.madrid\/archivos\/index.php\/es\/actividades\/exposiciones-sala-cristobal-portilllo\" rel=\"nofollow noopener\" target=\"_blank\">\u00a1Me lo pido! Juguetes en el Madrid de nuestra infancia<\/a><\/p>\n<p>Hasta el 8 de febrero &#8211; Sala Crist\u00f3bal Portillo del Archivo Regional &#8211; El \u00c1guila (MADRID)<\/p>\n<p><a href=\"https:\/\/www.comunidad.madrid\/actividades\/2025\/exposicion-circuitos-2025\" rel=\"nofollow noopener\" target=\"_blank\">Circuitos de Artes Pl\u00e1sticas 2025<\/a><\/p>\n<p>Hasta el 8 de febrero &#8211; Sala de Arte Joven de la Comunidad de Madrid (MADRID)<\/p>\n<p><a href=\"https:\/\/www.comunidad.madrid\/cultura\/oferta-cultural-ocio\/red-itiner-2025\" rel=\"nofollow noopener\" target=\"_blank\">Red Itiner 2025<\/a><\/p>\n","protected":false},"excerpt":{"rendered":"La Comunidad de Madrid inaugura su programaci\u00f3n cultural de diciembre con el estreno absoluto del nuevo espect\u00e1culo del&hellip;\n","protected":false},"author":2,"featured_media":271775,"comment_status":"","ping_status":"","sticky":false,"template":"","format":"standard","meta":{"footnotes":""},"categories":[91],"tags":[146,147,25,24,23],"class_list":{"0":"post-271774","1":"post","2":"type-post","3":"status-publish","4":"format-standard","5":"has-post-thumbnail","7":"category-entretenimiento","8":"tag-entertainment","9":"tag-entretenimiento","10":"tag-es","11":"tag-espana","12":"tag-spain"},"share_on_mastodon":{"url":"https:\/\/pubeurope.com\/@es\/115664549532218140","error":""},"_links":{"self":[{"href":"https:\/\/www.europesays.com\/es\/wp-json\/wp\/v2\/posts\/271774","targetHints":{"allow":["GET"]}}],"collection":[{"href":"https:\/\/www.europesays.com\/es\/wp-json\/wp\/v2\/posts"}],"about":[{"href":"https:\/\/www.europesays.com\/es\/wp-json\/wp\/v2\/types\/post"}],"author":[{"embeddable":true,"href":"https:\/\/www.europesays.com\/es\/wp-json\/wp\/v2\/users\/2"}],"replies":[{"embeddable":true,"href":"https:\/\/www.europesays.com\/es\/wp-json\/wp\/v2\/comments?post=271774"}],"version-history":[{"count":0,"href":"https:\/\/www.europesays.com\/es\/wp-json\/wp\/v2\/posts\/271774\/revisions"}],"wp:featuredmedia":[{"embeddable":true,"href":"https:\/\/www.europesays.com\/es\/wp-json\/wp\/v2\/media\/271775"}],"wp:attachment":[{"href":"https:\/\/www.europesays.com\/es\/wp-json\/wp\/v2\/media?parent=271774"}],"wp:term":[{"taxonomy":"category","embeddable":true,"href":"https:\/\/www.europesays.com\/es\/wp-json\/wp\/v2\/categories?post=271774"},{"taxonomy":"post_tag","embeddable":true,"href":"https:\/\/www.europesays.com\/es\/wp-json\/wp\/v2\/tags?post=271774"}],"curies":[{"name":"wp","href":"https:\/\/api.w.org\/{rel}","templated":true}]}}