{"id":271778,"date":"2025-12-05T02:17:13","date_gmt":"2025-12-05T02:17:13","guid":{"rendered":"https:\/\/www.europesays.com\/es\/271778\/"},"modified":"2025-12-05T02:17:13","modified_gmt":"2025-12-05T02:17:13","slug":"mogherini-dimite-como-rectora-del-colegio-de-europa-tras-ser-imputada-por-fraude-y-corrupcion","status":"publish","type":"post","link":"https:\/\/www.europesays.com\/es\/271778\/","title":{"rendered":"Mogherini dimite como rectora del Colegio de Europa tras ser imputada por fraude y corrupci\u00f3n"},"content":{"rendered":"<p style=\"\">La antigua Alta Representante para la pol\u00edtica exterior de la UE, <a href=\"https:\/\/www.abc.es\/internacional\/mogherini-detenida-presunto-fraude-socialista-italiana-tibia-20251202181119-nt.html\" target=\"_self\" data-voc-vtm-id=\"in-text-traffic\" title=\"Federica Mogherini,\" data-mrf-link=\"www.abc.es\" rel=\"nofollow noopener\">Federica Mogherini,<\/a> present\u00f3 este jueves su dimisi\u00f3n como rectora del Colegio de Europa de Brujas al d\u00eda siguiente de haber sido<a href=\"https:\/\/www.abc.es\/internacional\/tres-detenidos-allanamiento-sede-diplomatica-ue-investigacion-20251202134141-nt.html\" target=\"_self\" data-voc-vtm-id=\"in-text-traffic\" title=\" acusada formalmente de fraude y corrupci\u00f3n\" data-mrf-link=\"www.abc.es\" rel=\"nofollow noopener\"> acusada formalmente de fraude y corrupci\u00f3n<\/a> en una licitaci\u00f3n p\u00fablica que  &#8230; implicaba dinero comunitario.<\/p>\n<p class=\"voc-p\" style=\"\">La decisi\u00f3n fue anunciada en un correo electr\u00f3nico enviado al personal y al alumnado de la escuela de postgrado en el que asegura que \u00absiempre\u00bb ha actuado \u00abcon el m\u00e1ximo rigor y correcci\u00f3n\u00bb.<\/p>\n<p class=\"voc-p\" style=\"\">Mogherini fue <a href=\"https:\/\/www.abc.es\/internacional\/mogherini-pone-vez-picota-socialistas-italianos-bruselas-20251203040303-nt.html\" data-voc-vtm-id=\"in-text-traffic\" title=\"detenida el martes y puesta en libertad el mi\u00e9rcoles\" data-mrf-link=\"www.abc.es\" rel=\"nofollow noopener\" target=\"_blank\">detenida el martes y puesta en libertad el mi\u00e9rcoles<\/a> despu\u00e9s de ser interrogada por la Polic\u00eda judicial belga en el marco de la investigaci\u00f3n sobre presunto fraude y corrupci\u00f3n en la licitaci\u00f3n para la Academia Diplom\u00e1tica Europea, adjudicada en 2022 al Colegio de Europa.<\/p>\n<p class=\"voc-p\" style=\"\">\u00abCon el m\u00e1ximo rigor e integridad con los que siempre he desempe\u00f1ado mis funciones, he decidido dimitir de mi cargo de rectora del Colegio de Europa y directora de la <strong>Academia Diplom\u00e1tica de la Uni\u00f3n Europea<\/strong>. Estoy segura de que la comunidad universitaria en nuestros tres campus continuar\u00e1 el camino de innovaci\u00f3n y excelencia que hemos trazado juntos durante estos \u00faltimos cinco maravillosos a\u00f1os\u00ab, ha dicho.<\/p>\n<p class=\"voc-p\" style=\"\">Para a continuaci\u00f3n a\u00f1adir que se siente \u00aborgullosa de lo que hemos logrado juntos y profundamente agradecida por la confianza, la estima y el apoyo que me han demostrado y me siguen demostrando los estudiantes, el profesorado, el personal y los exalumnos de la Facultad y la Academia. Ha sido un honor y un placer para m\u00ed servir a la comunidad universitaria y a su misi\u00f3n, junto con todos ustedes\u00bb. <\/p>\n<p class=\"voc-p\" style=\"\"><a href=\"https:\/\/www.abc.es\/internacional\/tres-detenidos-allanamiento-sede-diplomatica-ue-investigacion-20251202134141-nt.html\" data-voc-vtm-id=\"in-text-traffic\" title=\"Mogherini hab\u00eda sido detenida en el marco de una investigaci\u00f3n sobre un posible fraude\" data-mrf-link=\"www.abc.es\" rel=\"nofollow noopener\" target=\"_blank\">Mogherini hab\u00eda sido detenida en el marco de una investigaci\u00f3n sobre un posible fraude<\/a> en el uso de fondos de la UE. Tambi\u00e9n est\u00e1n implicados en la misma investigaci\u00f3n el exsecretario general del Servicio Europeo de Acci\u00f3n Exterior (AEE) en Bruselas, <strong>Stefano Sannino<\/strong> (quien tambi\u00e9n ha dimitido), y el italobelga <strong>Cesare Zegretti<\/strong>, codirector de la Oficina Ejecutiva de Educaci\u00f3n, Formaci\u00f3n y Proyectos del Colegio de Europa.<\/p>\n<p class=\"voc-p\" style=\"\">Los hechos se remontar\u00edan a 2021-2022. Se le reprocha \u00abfraude en la adjudicaci\u00f3n de contratos p\u00fablicos, corrupci\u00f3n, conflicto de intereses y violaci\u00f3n del secreto profesional\u00bb. Los investigadores pretenden determinar si el Colegio de Europa o sus representantes fueron informados previamente de los criterios de selecci\u00f3n de la licitaci\u00f3n convocada por el Servicio Europeo de Acci\u00f3n Exteriores (SEAE) para el programa de formaci\u00f3n de diplom\u00e1ticos nacionales que van a incorporarse a las embajadas europeas. <\/p>\n<p>\nEl detonante\n<\/p>\n<p class=\"voc-p\" style=\"\">Uno de los elementos clave de la <strong>investigaci\u00f3n<\/strong> habr\u00eda sido la decisi\u00f3n del Colegio de Europa de comprar un edificio en la calle de Los Espa\u00f1oles de Brujas, para alojar a los futuros alumnos, mucho antes de que se hubiera resuelto el concurso que deb\u00eda decidir qu\u00e9 instituci\u00f3n impartir\u00eda los cursos de nueve meses.<\/p>\n<p class=\"voc-p\" style=\"\">Mogherini, exministra de Asuntos Exteriores italiana, estuvo a cargo del SEAE entre 2014 y 2019 y est\u00e1 en el Colegio de Europa desde el a\u00f1o 2020. Sannino se convirti\u00f3 en secretario general del SEAE justo despu\u00e9s de la salida de Mogherini del puesto de alta representante. En el momento en que se produjeron estos hechos, el jefe de la diplomacia europea era el socialista espa\u00f1ol <a href=\"https:\/\/www.abc.es\/noticias\/josep-borrell-fontelles\/\" target=\"_self\" data-voc-vtm-id=\"in-text-traffic\" title=\"Josep Borrell\" data-mrf-link=\"www.abc.es\" rel=\"nofollow noopener\">Josep Borrell<\/a>, cuyo nombre no ha aparecido en ninguno de los informes de la investigaci\u00f3n.<\/p>\n<p class=\"voc-p\" style=\"\">Por ahora todas las instituciones europeas han mantenido un respetuoso silencio acerca de este hecho que ha sacudido el barrio europeo de Bruselas. La versi\u00f3n oficial es que no se har\u00e1n declaraciones sobre el caso mientras duren las investigaciones judiciales. <\/p>\n<p class=\"voc-p\" style=\"\">Sin embargo,<strong> Zoltan Kovacs<\/strong>, el portavoz del primer ministro h\u00fangaro, <strong>Viktor Orb\u00e1n,<\/strong> ha publicado un mensaje sarc\u00e1stico en el que dec\u00eda que \u00abla prestigiosa &#8216;escuela de perfeccionamiento&#8217; de la UE para eur\u00f3cratas est\u00e1 ahora bajo investigaci\u00f3n por acceso privilegiado a licitaciones. Ni guionizado saldr\u00eda as\u00ed. Es curioso c\u00f3mo Bruselas da lecciones sobre el Estado de derecho, mientras que sus propias instituciones parecen m\u00e1s una serie polic\u00edaca que una uni\u00f3n que funciona\u00bb.<\/p>\n<p class=\"voc-title\">Todas las instituciones europeas han mantenido un respetuoso silencio acerca de este hecho que ha sacudido el barrio europeo de Bruselas<\/p>\n<p class=\"voc-p\" style=\"\">Desde el Departamento de Estado de EE.UU., <strong>Christopher Landau,<\/strong> el n\u00famero dos de Marco Rubio, que estaba en Bruselas el d\u00eda en que fue detenida, record\u00f3 en redes sociales que Mogherini \u00abes la misma persona que se refiri\u00f3 a la Cuba comunista como<strong> una &#8216;democracia de partido \u00fanico&#8217;\u00bb.<\/strong><\/p>\n<p class=\"voc-p\" style=\"\">Seg\u00fan el diplom\u00e1tico estadounidense, la dirigente socialista \u00abfoment\u00f3 la inversi\u00f3n, el turismo y el comercio europeos que apuntalaron al r\u00e9gimen represivo y marcadamente antiestadounidense de la isla\u00bb, en referencia a la dictadura comunista de La Habana\ufeff.<\/p>\n","protected":false},"excerpt":{"rendered":"La antigua Alta Representante para la pol\u00edtica exterior de la UE, Federica Mogherini, present\u00f3 este jueves su dimisi\u00f3n&hellip;\n","protected":false},"author":2,"featured_media":271779,"comment_status":"","ping_status":"","sticky":false,"template":"","format":"standard","meta":{"footnotes":""},"categories":[42],"tags":[17,18,42658,767,2334,700,13,14,6986,11,29355,61,62,63,64,19,20,66683,9,10,15,16,60234,12,575,21,22,65,66,67],"class_list":{"0":"post-271778","1":"post","2":"type-post","3":"status-publish","4":"format-standard","5":"has-post-thumbnail","7":"category-internacional","8":"tag-breaking-news","9":"tag-breakingnews","10":"tag-colegio","11":"tag-corrupcion","12":"tag-dimite","13":"tag-europa","14":"tag-featured-news","15":"tag-featurednews","16":"tag-fraude","17":"tag-headlines","18":"tag-imputada","19":"tag-internacional","20":"tag-international","21":"tag-international-news","22":"tag-internationalnews","23":"tag-latest-news","24":"tag-latestnews","25":"tag-mogherini","26":"tag-news","27":"tag-noticias","28":"tag-noticias-destacadas","29":"tag-noticiasdestacadas","30":"tag-rectora","31":"tag-titulares","32":"tag-tras","33":"tag-ultimas-noticias","34":"tag-ultimasnoticias","35":"tag-world","36":"tag-world-news","37":"tag-worldnews"},"share_on_mastodon":{"url":"https:\/\/pubeurope.com\/@es\/115664561271441941","error":""},"_links":{"self":[{"href":"https:\/\/www.europesays.com\/es\/wp-json\/wp\/v2\/posts\/271778","targetHints":{"allow":["GET"]}}],"collection":[{"href":"https:\/\/www.europesays.com\/es\/wp-json\/wp\/v2\/posts"}],"about":[{"href":"https:\/\/www.europesays.com\/es\/wp-json\/wp\/v2\/types\/post"}],"author":[{"embeddable":true,"href":"https:\/\/www.europesays.com\/es\/wp-json\/wp\/v2\/users\/2"}],"replies":[{"embeddable":true,"href":"https:\/\/www.europesays.com\/es\/wp-json\/wp\/v2\/comments?post=271778"}],"version-history":[{"count":0,"href":"https:\/\/www.europesays.com\/es\/wp-json\/wp\/v2\/posts\/271778\/revisions"}],"wp:featuredmedia":[{"embeddable":true,"href":"https:\/\/www.europesays.com\/es\/wp-json\/wp\/v2\/media\/271779"}],"wp:attachment":[{"href":"https:\/\/www.europesays.com\/es\/wp-json\/wp\/v2\/media?parent=271778"}],"wp:term":[{"taxonomy":"category","embeddable":true,"href":"https:\/\/www.europesays.com\/es\/wp-json\/wp\/v2\/categories?post=271778"},{"taxonomy":"post_tag","embeddable":true,"href":"https:\/\/www.europesays.com\/es\/wp-json\/wp\/v2\/tags?post=271778"}],"curies":[{"name":"wp","href":"https:\/\/api.w.org\/{rel}","templated":true}]}}