{"id":271780,"date":"2025-12-05T02:19:07","date_gmt":"2025-12-05T02:19:07","guid":{"rendered":"https:\/\/www.europesays.com\/es\/271780\/"},"modified":"2025-12-05T02:19:07","modified_gmt":"2025-12-05T02:19:07","slug":"pido-perdon-a-la-aficion-esto-una-cagada-gorda","status":"publish","type":"post","link":"https:\/\/www.europesays.com\/es\/271780\/","title":{"rendered":"\u201cPido perd\u00f3n a la afici\u00f3n; esto una cagada gorda\u201d"},"content":{"rendered":"<p data-mrf-recirculation=\"Links P\u00e1rrafos\" class=\"ue-c-article__paragraph paragraph ue-c-article--first-letter-highlighted\">El Espanyol se la ha pegado gorda en su enfrentamiento copero ante el Atl\u00e9tico Baleares. <strong>El conjunto perico ha ca\u00eddo ante un 2RFEF<\/strong> por segunda temporada consecutiva y las sensaciones de los blanquiazules han sido muy malas. Apenas han logrado inquietar a un Atl\u00e9tico Baleares que se ha defendido sin grandes apuros y al que <strong>le ha valido el tanto de Jaume Tovar <\/strong>para dejar fuera de la Copa del Rey al Espanyol. Manolo Gonz\u00e1lez comparec\u00eda enfadado tras el partido, <strong>ped\u00eda disculpas a la afici\u00f3n y se mostraba cr\u00edtico con los suyos.<\/strong><\/p>\n<p data-mrf-recirculation=\"Links P\u00e1rrafos\" class=\"ue-c-article__paragraph paragraph\"><strong>Cr\u00edtico con la eliminaci\u00f3n:<\/strong> \u201cPedir disculpas a socios y aficionados. Felicitar al Baleares por pasar la eliminatoria<strong>. A nivel defensivo han estado bien y han hecho un gran partido<\/strong>. Nosotros no hemos estado bien y hemos tirado la copa. Hemos ido con jugadores del primer equipo, pero no hemos podido marcar ni ganar.<strong> Cuando no competimos a nuestro nivel pasan estas cosas\u201d.<\/strong><\/p>\n<blockquote class=\"ue-c-article__blockquote\">\n<p>Cuando no competimos a nuestro nivel pasan estas cosas<\/p>\n<p>Manolo Gonz\u00e1lez, entrenador del Espanyol<\/p><\/blockquote>\n<p data-mrf-recirculation=\"Links P\u00e1rrafos\" class=\"ue-c-article__paragraph paragraph\"><strong>Una cagada gorda:<\/strong> \u201cEsto es una cagada gorda. No puedo enga\u00f1ar a la gente. Hemos venido a pasar la eliminatoria y no lo hemos hecho. <strong>Estoy muy cabreado por el partido y jodido por no pasar hoy.<\/strong> Es dif\u00edcil siempre. Hay que ganar los duelos. A partir de ah\u00ed el primero que tiene que meterle el dedo en el culo a los jugadores soy yo. <strong>Con calma, no hay que volverse loco ahora.<\/strong> Pero es un partido que a m\u00ed me toca las narices\u201d<\/p>\n<p data-mrf-recirculation=\"Links P\u00e1rrafos\" class=\"ue-c-article__paragraph paragraph\"><strong>Un partido horrible del equipo:<\/strong> \u201cEn la primera parte hemos tenido las dos acciones de Salinas y el chute de Roca. Luego la segunda parte alguna m\u00e1s, pero<strong> hemos generado muy poco<\/strong>. Hemos hecho un partido horrible. Toca levantarse. Ma\u00f1ana ser\u00e1 un d\u00eda jodido, pero <strong>toca ponerse las pilas para el partido del domingo\u201d.<\/strong><\/p>\n<blockquote class=\"ue-c-article__blockquote\">\n<p>Han jugado todo jugadores de Primera Divisi\u00f3n y con nivel suficiente para pasar la eliminatoria<\/p>\n<p>Manolo Gonz\u00e1lez, entrenador del Espanyol<\/p><\/blockquote>\n<p data-mrf-recirculation=\"Links P\u00e1rrafos\" class=\"ue-c-article__paragraph paragraph\"><strong>Sobre el once titular:<\/strong> \u201cPienso que hemos sacado un equipo para poder pasar, no como el a\u00f1o pasado en Barbastro.<strong> Han jugado todo jugadores de Primera Divisi\u00f3n<\/strong> y con nivel suficiente para pasar la eliminatoria. Hay que hacer autocr\u00edtica, yo el primero.<strong> Cuando digo que nos demos cuenta de lo que somos hablo de las cosas como la de hoy\u201d.<\/strong><\/p>\n<p data-mrf-recirculation=\"Links P\u00e1rrafos\" class=\"ue-c-article__paragraph paragraph\"><strong>Falta de nivel competitivo:<\/strong> \u201cLos partidos de copa son complicados. <strong>Cuando no sales a tu nivel y piensas que ganaras a otro ritmo pasan estas cosas<\/strong>. Si no competimos al m\u00e1ximo nivel no competimos a nadie. Estoy bastante jodido. <strong>Cuando no ganas los duelos individuales es porque el rival va m\u00e1s fuerte<\/strong>. A partir de aqu\u00ed lo digo, me toca las narices. Entiendo que cuesta pasar estas rondas, pero <strong>no hemos estado a nuestro nivel.<\/strong> Estoy cabreado por m\u00ed y por la gente. Ahora toca volver a la liga y <strong>si no estamos a nuestro nivel no vamos a ning\u00fan lado<\/strong>\u201d<\/p>\n","protected":false},"excerpt":{"rendered":"El Espanyol se la ha pegado gorda en su enfrentamiento copero ante el Atl\u00e9tico Baleares. El conjunto perico&hellip;\n","protected":false},"author":2,"featured_media":271781,"comment_status":"","ping_status":"","sticky":false,"template":"","format":"standard","meta":{"footnotes":""},"categories":[5],"tags":[17,18,25,24,13,14,11,19,20,9,10,15,16,23,12,21,22],"class_list":{"0":"post-271780","1":"post","2":"type-post","3":"status-publish","4":"format-standard","5":"has-post-thumbnail","7":"category-titulares","8":"tag-breaking-news","9":"tag-breakingnews","10":"tag-es","11":"tag-espana","12":"tag-featured-news","13":"tag-featurednews","14":"tag-headlines","15":"tag-latest-news","16":"tag-latestnews","17":"tag-news","18":"tag-noticias","19":"tag-noticias-destacadas","20":"tag-noticiasdestacadas","21":"tag-spain","22":"tag-titulares","23":"tag-ultimas-noticias","24":"tag-ultimasnoticias"},"share_on_mastodon":{"url":"https:\/\/pubeurope.com\/@es\/115664569199383525","error":""},"_links":{"self":[{"href":"https:\/\/www.europesays.com\/es\/wp-json\/wp\/v2\/posts\/271780","targetHints":{"allow":["GET"]}}],"collection":[{"href":"https:\/\/www.europesays.com\/es\/wp-json\/wp\/v2\/posts"}],"about":[{"href":"https:\/\/www.europesays.com\/es\/wp-json\/wp\/v2\/types\/post"}],"author":[{"embeddable":true,"href":"https:\/\/www.europesays.com\/es\/wp-json\/wp\/v2\/users\/2"}],"replies":[{"embeddable":true,"href":"https:\/\/www.europesays.com\/es\/wp-json\/wp\/v2\/comments?post=271780"}],"version-history":[{"count":0,"href":"https:\/\/www.europesays.com\/es\/wp-json\/wp\/v2\/posts\/271780\/revisions"}],"wp:featuredmedia":[{"embeddable":true,"href":"https:\/\/www.europesays.com\/es\/wp-json\/wp\/v2\/media\/271781"}],"wp:attachment":[{"href":"https:\/\/www.europesays.com\/es\/wp-json\/wp\/v2\/media?parent=271780"}],"wp:term":[{"taxonomy":"category","embeddable":true,"href":"https:\/\/www.europesays.com\/es\/wp-json\/wp\/v2\/categories?post=271780"},{"taxonomy":"post_tag","embeddable":true,"href":"https:\/\/www.europesays.com\/es\/wp-json\/wp\/v2\/tags?post=271780"}],"curies":[{"name":"wp","href":"https:\/\/api.w.org\/{rel}","templated":true}]}}