{"id":271790,"date":"2025-12-05T02:32:15","date_gmt":"2025-12-05T02:32:15","guid":{"rendered":"https:\/\/www.europesays.com\/es\/271790\/"},"modified":"2025-12-05T02:32:15","modified_gmt":"2025-12-05T02:32:15","slug":"jesus-vazquez-tiene-sustituto-para-dirigir-el-concurso","status":"publish","type":"post","link":"https:\/\/www.europesays.com\/es\/271790\/","title":{"rendered":"Jes\u00fas V\u00e1zquez tiene sustituto para dirigir el concurso"},"content":{"rendered":"<p class=\"c-paragraph\"><a href=\"https:\/\/www.20minutos.es\/tags\/instituciones-empresas\/mediaset.html\" title=\"Mediaset\" rel=\"nofollow noopener\" target=\"_blank\">Mediaset<\/a> ha anunciado que el programa \u00a1All\u00e1 t\u00fa! volver\u00e1 a la parrilla de Telecinco. Eso s\u00ed, lo har\u00e1 con un presentador nuevo, por lo que <b>no contar\u00e1n con Jes\u00fas Vazquez <\/b>para dirigir el concurso, quien ha sido el conductor principal desde su vuelta en 2024.<\/p>\n<p class=\"c-paragraph\">El grupo de comunicaci\u00f3n ha fichado a<a href=\"https:\/\/www.20minutos.es\/tags\/personas\/juanra-bonet.html\" title=\"Juanra Bonet\" rel=\"nofollow noopener\" target=\"_blank\">  Juanra Bonet <\/a>para la nueva temporada del programa, que sigue producido por\u00a0Gestmusic. As\u00ed pues, el rostro de Atresmedia<b> vuelve a la que fue su casa <\/b>entre 2005 y 2008 con Caiga quien caiga y entre 2012 y 2023 con Lo sabe no lo sabe.<\/p>\n<p class=\"c-paragraph\">\u00abJuanra Bonet presentar\u00e1 \u00a1All\u00e1 t\u00fa! en Telecinco. El presentador regresa a Mediaset Espa\u00f1a para conducir la nueva etapa del concurso. Telecinco ya ha iniciado la producci\u00f3n de las nuevas entregas del formato junto a Gestmusic, que<b> llegar\u00e1n pr\u00f3ximamente<\/b>\u00ab, ha apuntado Mediaset en sus redes.<\/p>\n<p class=\"c-paragraph\">Por su parte, se desconoce el futuro laboral de Jes\u00fas V\u00e1zquez. <a href=\"https:\/\/www.20minutos.es\/tags\/temas\/bailando-con-las-estrellas.html\" title=\"Bailando con las estrellas\" rel=\"nofollow noopener\" target=\"_blank\">Bailando con las estrellas<\/a> ha sido el \u00faltimo programa de Telecinco que ha presentado, pero<b> tras ello se quedaba \u00ablibre\u00bb,<\/b> tal y como asegur\u00f3 en una entrevista con El Televisero.<\/p>\n<p class=\"c-paragraph\">El presentador gallego ha sido el rostro principal de \u00a1All\u00e1 t\u00fa! desde que lleg\u00f3 a Telecinco en el a\u00f1o 2004. V\u00e1zquez solo fue sustitu\u00eddo del formato por <b>Arturo Valls y Silvia Jato durante los veranos de 2005 y 2006,<\/b> respectivamente.<\/p>\n","protected":false},"excerpt":{"rendered":"Mediaset ha anunciado que el programa \u00a1All\u00e1 t\u00fa! volver\u00e1 a la parrilla de Telecinco. Eso s\u00ed, lo har\u00e1&hellip;\n","protected":false},"author":2,"featured_media":271791,"comment_status":"","ping_status":"","sticky":false,"template":"","format":"standard","meta":{"footnotes":""},"categories":[171],"tags":[15059,4023,146,147,25,24,11551,23,692,214,739],"class_list":{"0":"post-271790","1":"post","2":"type-post","3":"status-publish","4":"format-standard","5":"has-post-thumbnail","7":"category-tv","8":"tag-alla-tu","9":"tag-concurso","10":"tag-entertainment","11":"tag-entretenimiento","12":"tag-es","13":"tag-espana","14":"tag-parrilla","15":"tag-spain","16":"tag-telecinco","17":"tag-tv","18":"tag-vuelve"},"share_on_mastodon":{"url":"https:\/\/pubeurope.com\/@es\/115664620308526569","error":""},"_links":{"self":[{"href":"https:\/\/www.europesays.com\/es\/wp-json\/wp\/v2\/posts\/271790","targetHints":{"allow":["GET"]}}],"collection":[{"href":"https:\/\/www.europesays.com\/es\/wp-json\/wp\/v2\/posts"}],"about":[{"href":"https:\/\/www.europesays.com\/es\/wp-json\/wp\/v2\/types\/post"}],"author":[{"embeddable":true,"href":"https:\/\/www.europesays.com\/es\/wp-json\/wp\/v2\/users\/2"}],"replies":[{"embeddable":true,"href":"https:\/\/www.europesays.com\/es\/wp-json\/wp\/v2\/comments?post=271790"}],"version-history":[{"count":0,"href":"https:\/\/www.europesays.com\/es\/wp-json\/wp\/v2\/posts\/271790\/revisions"}],"wp:featuredmedia":[{"embeddable":true,"href":"https:\/\/www.europesays.com\/es\/wp-json\/wp\/v2\/media\/271791"}],"wp:attachment":[{"href":"https:\/\/www.europesays.com\/es\/wp-json\/wp\/v2\/media?parent=271790"}],"wp:term":[{"taxonomy":"category","embeddable":true,"href":"https:\/\/www.europesays.com\/es\/wp-json\/wp\/v2\/categories?post=271790"},{"taxonomy":"post_tag","embeddable":true,"href":"https:\/\/www.europesays.com\/es\/wp-json\/wp\/v2\/tags?post=271790"}],"curies":[{"name":"wp","href":"https:\/\/api.w.org\/{rel}","templated":true}]}}