{"id":271792,"date":"2025-12-05T02:34:21","date_gmt":"2025-12-05T02:34:21","guid":{"rendered":"https:\/\/www.europesays.com\/es\/271792\/"},"modified":"2025-12-05T02:34:21","modified_gmt":"2025-12-05T02:34:21","slug":"eligen-tardes-de-soledad-el-documental-de-tauromaquia-de-albert-serra-como-mejor-pelicula-mundial-de-2025","status":"publish","type":"post","link":"https:\/\/www.europesays.com\/es\/271792\/","title":{"rendered":"Eligen &#8216;Tardes de soledad&#8217;, el documental de tauromaquia de Albert Serra, como mejor pel\u00edcula mundial de 2025"},"content":{"rendered":"<p class=\"paragraph\">La prestigiosa publicaci\u00f3n francesa <b>Cahiers du Cinema<\/b> ha publicado su <b>lista con las mejores pel\u00edculas de 2025<\/b> y ha otorgado el primer lugar a <b>Tardes de soledad<\/b>, el documental de Albert Serra sobre la tauromaquia que acompa\u00f1a al torero peruano <b>Andr\u00e9s Roca Rey<\/b>. Tardes de soledad, que se alz\u00f3 con la Concha de Oro en el pasado Festival de San Sebasti\u00e1n, ha superado en la clasificaci\u00f3n de la reconocida revista cinematogr\u00e1fica a <b>Una batalla tras otra<\/b>, el filme de Paul Thomas Anderson protagonizado por Leonardo DiCaprio que se postula como uno de los favoritos para el Oscar a la mejor pel\u00edcula.<\/p>\n<p class=\"paragraph\">El tercer puesto de la lista de Cahiers du Cinema con las mejores pel\u00edculas del a\u00f1o ha correspondido a Yes, el largometraje del director israel\u00ed Nadav Lapid, que precede a <b>El agente secreto<\/b>, la cinta que representa a Brasil en la carrera por el Oscar a la mejor pel\u00edcula internacional, igual que la espa\u00f1ola Sirat. La risa y la navaja, del portugu\u00e9s Pedro Pinho, es el quinto mejor filme del a\u00f1o seg\u00fan la publicaci\u00f3n francesa.<\/p>\n<p class=\"paragraph\">L&#8217;aventura, de Sophie Letourneur; el documental 7 promenades avec Mark Brown; el esperado nuevo largometraje de Richard Linklater, Nouvelle Vague; Drifting Laurent, de Anton Balekdjian, Matt\u00e9o Eustachon y L\u00e9o Couture; y Mirrors n\u00ba 3, del alem\u00e1n Christian Petzold, completan la selecci\u00f3n de Cahiers du Cinema con las 10 mejores pel\u00edculas de 2025 que encabeza la espa\u00f1ola Tardes de soledad, uno de los dos \u00fanicos t\u00edtulos de la lista, junto a Una batalla tras otra, que se han estrenado hasta ahora en Espa\u00f1a.<\/p>\n<p class=\"paragraph\"><b>Tardes de soledad<\/b> recibi\u00f3 recientemente las <b>nominaciones de los Premios del Cine Europeo<\/b> en las categor\u00edas de mejor pel\u00edcula (al igual que las tambi\u00e9n espa\u00f1olas Sirat, de Oliver Laxe, y la cinta de animaci\u00f3n Olivia y el terremoto invisible, de Irene Iborra) y mejor documental.<\/p>\n","protected":false},"excerpt":{"rendered":"La prestigiosa publicaci\u00f3n francesa Cahiers du Cinema ha publicado su lista con las mejores pel\u00edculas de 2025 y&hellip;\n","protected":false},"author":2,"featured_media":271793,"comment_status":"","ping_status":"","sticky":false,"template":"","format":"standard","meta":{"footnotes":""},"categories":[169],"tags":[177,146,147,25,24,176,175,23],"class_list":{"0":"post-271792","1":"post","2":"type-post","3":"status-publish","4":"format-standard","5":"has-post-thumbnail","7":"category-cine","8":"tag-cine","9":"tag-entertainment","10":"tag-entretenimiento","11":"tag-es","12":"tag-espana","13":"tag-film","14":"tag-movies","15":"tag-spain"},"share_on_mastodon":{"url":"https:\/\/pubeurope.com\/@es\/115664628417807789","error":""},"_links":{"self":[{"href":"https:\/\/www.europesays.com\/es\/wp-json\/wp\/v2\/posts\/271792","targetHints":{"allow":["GET"]}}],"collection":[{"href":"https:\/\/www.europesays.com\/es\/wp-json\/wp\/v2\/posts"}],"about":[{"href":"https:\/\/www.europesays.com\/es\/wp-json\/wp\/v2\/types\/post"}],"author":[{"embeddable":true,"href":"https:\/\/www.europesays.com\/es\/wp-json\/wp\/v2\/users\/2"}],"replies":[{"embeddable":true,"href":"https:\/\/www.europesays.com\/es\/wp-json\/wp\/v2\/comments?post=271792"}],"version-history":[{"count":0,"href":"https:\/\/www.europesays.com\/es\/wp-json\/wp\/v2\/posts\/271792\/revisions"}],"wp:featuredmedia":[{"embeddable":true,"href":"https:\/\/www.europesays.com\/es\/wp-json\/wp\/v2\/media\/271793"}],"wp:attachment":[{"href":"https:\/\/www.europesays.com\/es\/wp-json\/wp\/v2\/media?parent=271792"}],"wp:term":[{"taxonomy":"category","embeddable":true,"href":"https:\/\/www.europesays.com\/es\/wp-json\/wp\/v2\/categories?post=271792"},{"taxonomy":"post_tag","embeddable":true,"href":"https:\/\/www.europesays.com\/es\/wp-json\/wp\/v2\/tags?post=271792"}],"curies":[{"name":"wp","href":"https:\/\/api.w.org\/{rel}","templated":true}]}}