{"id":271796,"date":"2025-12-05T02:37:21","date_gmt":"2025-12-05T02:37:21","guid":{"rendered":"https:\/\/www.europesays.com\/es\/271796\/"},"modified":"2025-12-05T02:37:21","modified_gmt":"2025-12-05T02:37:21","slug":"saca-de-la-casa-a-los-concursantes-mueble-de-una-tacada","status":"publish","type":"post","link":"https:\/\/www.europesays.com\/es\/271796\/","title":{"rendered":"saca de la casa a los &#8216;concursantes mueble&#8217; de una tacada"},"content":{"rendered":"<p><img loading=\"lazy\" decoding=\"async\" src=\"https:\/\/www.europesays.com\/es\/wp-content\/uploads\/2025\/08\/david.jpg\" itemtype=\"\/\/schema.org\/ImageObject\" itemprop=\"url\" alt=\"David Saiz\" width=\"64\" height=\"64\" pinger-seen=\"true\"\/><\/p>\n<p>Gran Hermano <b>se encamina hacia una final adelantada<\/b> para dar por concluida una edici\u00f3n que no est\u00e1 funcionando como Telecinco esperaba. La idea, aunque no ha sido confirmada por la cadena, es terminar antes de Navidad y volver en enero con un GH VIP en el que participar\u00e1n concursantes famosos, de tal manera que Telecinco tenga contenido suficiente hasta que arranque Supervivientes en marzo.<\/p>\n<p>Para precipitar esa final, GH tiene que acelerar el ritmo de las expulsiones, y esta noche ser\u00e1 clave para ello. Por una parte, la audiencia echar\u00e1 a uno de los nominados, Bel\u00e9n, Jos\u00e9 Manuel o Patricia. Por otra, el programa que produce Zeppelin ejecutar\u00e1 un plan para <b>eliminar a los participantes menos queridos<\/b>. \u00abEl cami\u00f3n de la mudanza de GH llegar\u00e1 a la casa para llevarse a los que menos convencen a la audiencia en una decisi\u00f3n en la que el p\u00fablico volver\u00e1 a tener un papel determinante\u00bb, explica Telecinco. Es decir, se entiende que el programa abrir\u00e1 una votaci\u00f3n para elaborar un ranking y descartar, de golpe, a los que menos apoyo tengan, aunque no se especifica cu\u00e1ntos.<\/p>\n<p>En este punto, si se confirma el cierre anticipado de GH20, lo l\u00f3gico es que el programa <b>llegue hasta la tercera semana de diciembre<\/b>, antes de las fiestas de Navidad. El jueves 18 o el domingo 21 podr\u00edan ser los d\u00edas de esa hipot\u00e9tica final con la que se resolver\u00eda una edici\u00f3n deslucida que, en cualquier caso, debe acabar de la manera m\u00e1s elegante posible, porque una marca tan importante como la de Gran Hermano no puede quedar manchada de cara al futuro. No hay que olvidar que estamos ante un reality, el m\u00e1s longevo de todos, que ha dado muchas alegr\u00edas a Mediaset, y la cadena no puede ni debe renunciar a un formato que puede recuperar en cualquier momento.<\/p>\n<p>Gran Hermano 20 se estren\u00f3 en Mediaset hace un mes, y aunque arranc\u00f3 con una audiencia bastante aceptable (15,8%) para los tiempos que corren en Telecinco, <b>el programa se fue desinflando semana a semana<\/b>. La \u00faltima gala cosech\u00f3 un tibio 11% de share (aun as\u00ed est\u00e1 por encima de la media del canal) y el debate se desplom\u00f3 hasta el 8,9%.<\/p>\n<p>Lo cierto es que Gran Hermano no lo ha tenido f\u00e1cil este curso. Abri\u00f3 sus puertas a mitad del primer trimestre, en vez de hacerlo a comienzos de temporada, como es habitual en este tipo de programas. Adem\u00e1s, tuvo que &#8216;competir&#8217; en promoci\u00f3n (y expectaci\u00f3n) con La isla de las tentaciones, porque los dos formatos llegaron en la misma semana. Esta coincidencia pudo provocar <b>una sobredosis de realities al mismo tiempo<\/b>, en la misma cadena y ambos protagonizados por concursantes an\u00f3nimos, que ofrecen menos capacidad de reclamo. El m\u00e1s perjudicado, sin duda, ha sido GH.<\/p>\n<p>WhatsApp<a href=\"https:\/\/api.whatsapp.com\/send?text=https:\/\/www.eleconomista.es\/informalia\/television\/noticias\/13675880\/12\/25\/el-plan-de-gran-hermano-para-su-final-adelantada-saca-de-la-casa-a-los-concursantes-mueble-de-una-tacada.html?utm_source%3Dwhatsapp%26utm_medium%3Dshare_button&amp;id=1648118629957_whatsapp\" target=\"_blank\" data-action=\"share\/whatsapp\/share\" aria-label=\"Compartir en Whatsapp\" rel=\"nofollow noopener\"><\/a>Facebook<a id=\"fb-share\" href=\"#\" target=\"_blank\" rel=\"noopener noreferrer\" aria-label=\"Compartir en Facebook\"><\/a>Twitter<a href=\"https:\/\/twitter.com\/share?text=El+plan+de+%27Gran+Hermano%27+para+su+final+adelantada%3A+saca+de+la+casa+a+los+%27concursantes+mueble%27+de+una+tacada&amp;url=https:\/\/www.eleconomista.es\/informalia\/television\/noticias\/13675880\/12\/25\/el-plan-de-gran-hermano-para-su-final-adelantada-saca-de-la-casa-a-los-concursantes-mueble-de-una-tacada.html&amp;via=Informalia&amp;id=1648118839245_twitter\" target=\"_blank\" aria-label=\"Compartir en Twitter\" rel=\"nofollow noopener\"><\/a>Linkedin<a onclick=\"return abrirLinkedin();\" href=\"https:\/\/www.linkedin.com\/shareArticle?text=El+plan+de+%27Gran+Hermano%27+para+su+final+adelantada%3A+saca+de+la+casa+a+los+%27concursantes+mueble%27+de+una+tacada&amp;url=https:\/\/www.eleconomista.es\/informalia\/television\/noticias\/13675880\/12\/25\/el-plan-de-gran-hermano-para-su-final-adelantada-saca-de-la-casa-a-los-concursantes-mueble-de-una-tacada.html&amp;mini=true\" target=\"_blank\" aria-label=\"Compartir en linkedin\" rel=\"nofollow noopener\"><\/a>Beloud<a href=\"https:\/\/beloud.com\/share?text=El+plan+de+%27Gran+Hermano%27+para+su+final+adelantada%3A+saca+de+la+casa+a+los+%27concursantes+mueble%27+de+una+tacada&amp;url=https:\/\/www.eleconomista.es\/informalia\/television\/noticias\/13675880\/12\/25\/el-plan-de-gran-hermano-para-su-final-adelantada-saca-de-la-casa-a-los-concursantes-mueble-de-una-tacada.html&amp;via=Informalia&amp;id=1648118839245_beloud\" target=\"_blank\" aria-label=\"Compartir en beloud\" rel=\"nofollow noopener\"><\/a>Bluesky<a href=\"https:\/\/bsky.app\/intent\/compose?text=https:\/\/bsky.app\/intent\/compose?text=https:\/\/www.eleconomista.es\/informalia\/television\/noticias\/13675880\/12\/25\/el-plan-de-gran-hermano-para-su-final-adelantada-saca-de-la-casa-a-los-concursantes-mueble-de-una-tacada.html&amp;url=https:\/\/www.eleconomista.es\/informalia\/television\/noticias\/13675880\/12\/25\/el-plan-de-gran-hermano-para-su-final-adelantada-saca-de-la-casa-a-los-concursantes-mueble-de-una-tacada.html&amp;via=elEconomistaes&amp;id=1648118839245_bluesky\" target=\"_blank\" aria-label=\"Compartir en bluesky\" rel=\"nofollow noopener\"><\/a><\/p>\n<p><script async src=\"https:\/\/platform.twitter.com\/widgets.js\" charset=\"utf-8\"><\/script><\/p>\n","protected":false},"excerpt":{"rendered":"Gran Hermano se encamina hacia una final adelantada para dar por concluida una edici\u00f3n que no est\u00e1 funcionando&hellip;\n","protected":false},"author":2,"featured_media":271797,"comment_status":"","ping_status":"","sticky":false,"template":"","format":"standard","meta":{"footnotes":""},"categories":[91],"tags":[146,147,25,24,23,807],"class_list":{"0":"post-271796","1":"post","2":"type-post","3":"status-publish","4":"format-standard","5":"has-post-thumbnail","7":"category-entretenimiento","8":"tag-entertainment","9":"tag-entretenimiento","10":"tag-es","11":"tag-espana","12":"tag-spain","13":"tag-television"},"share_on_mastodon":{"url":"https:\/\/pubeurope.com\/@es\/115664640224725169","error":""},"_links":{"self":[{"href":"https:\/\/www.europesays.com\/es\/wp-json\/wp\/v2\/posts\/271796","targetHints":{"allow":["GET"]}}],"collection":[{"href":"https:\/\/www.europesays.com\/es\/wp-json\/wp\/v2\/posts"}],"about":[{"href":"https:\/\/www.europesays.com\/es\/wp-json\/wp\/v2\/types\/post"}],"author":[{"embeddable":true,"href":"https:\/\/www.europesays.com\/es\/wp-json\/wp\/v2\/users\/2"}],"replies":[{"embeddable":true,"href":"https:\/\/www.europesays.com\/es\/wp-json\/wp\/v2\/comments?post=271796"}],"version-history":[{"count":0,"href":"https:\/\/www.europesays.com\/es\/wp-json\/wp\/v2\/posts\/271796\/revisions"}],"wp:featuredmedia":[{"embeddable":true,"href":"https:\/\/www.europesays.com\/es\/wp-json\/wp\/v2\/media\/271797"}],"wp:attachment":[{"href":"https:\/\/www.europesays.com\/es\/wp-json\/wp\/v2\/media?parent=271796"}],"wp:term":[{"taxonomy":"category","embeddable":true,"href":"https:\/\/www.europesays.com\/es\/wp-json\/wp\/v2\/categories?post=271796"},{"taxonomy":"post_tag","embeddable":true,"href":"https:\/\/www.europesays.com\/es\/wp-json\/wp\/v2\/tags?post=271796"}],"curies":[{"name":"wp","href":"https:\/\/api.w.org\/{rel}","templated":true}]}}