{"id":271800,"date":"2025-12-05T02:40:11","date_gmt":"2025-12-05T02:40:11","guid":{"rendered":"https:\/\/www.europesays.com\/es\/271800\/"},"modified":"2025-12-05T02:40:11","modified_gmt":"2025-12-05T02:40:11","slug":"en-que-consiste-la-resolucion-2803-en-la-que-no-participan-los-palestinos","status":"publish","type":"post","link":"https:\/\/www.europesays.com\/es\/271800\/","title":{"rendered":"en qu\u00e9 consiste la Resoluci\u00f3n 2803 en la que no participan los palestinos"},"content":{"rendered":"<p>M\u00e1s de 100 a\u00f1os despu\u00e9s del <a href=\"https:\/\/historia.nationalgeographic.com.es\/a\/palestina-fue-mandato-britanico-entre-1920-y-1948-pero-que-era-exactamente-mandato_24338\" rel=\"nofollow noopener\" target=\"_blank\">Mandato Brit\u00e1nico de Palestina<\/a> ha comenzado el nuevo mandato estadounidense que se extender\u00e1, al menos, hasta finales de 2027. <\/p>\n<p>Con 13 votos a favor y las abstenciones cr\u00edticas de China y Rusia, as\u00ed como con el apoyo pol\u00edtico de algunos Estados \u00e1rabes y musulmanes, el Consejo de Seguridad de Naciones Unidas respald\u00f3 y legitim\u00f3 a mediados de noviembre el <a href=\"https:\/\/www.state.gov\/translations\/spanish\/plan-integral-del-presidente-donald-j-trump-para-terminar-con-el-conflicto-en-gaza\" rel=\"nofollow noopener\" target=\"_blank\">Plan integral del presidente Donald Trump<\/a> a trav\u00e9s de la <a href=\"https:\/\/docs.un.org\/es\/S\/RES\/2803(2025)\" rel=\"nofollow noopener\" target=\"_blank\">Resoluci\u00f3n 2803 (2025)<\/a>. <\/p>\n<p>Nos encontramos ante una decisi\u00f3n sui generis que rompe con la pr\u00e1ctica habitual del Consejo de Seguridad en la formulaci\u00f3n de sus resoluciones: el pre\u00e1mbulo es extremadamente corto, se califica la situaci\u00f3n en la Franja de Gaza como una amenaza para la paz regional y la seguridad de los Estados vecinos y no se ampara en el <a href=\"https:\/\/www.un.org\/es\/about-us\/un-charter\/chapter-7\" rel=\"nofollow noopener\" target=\"_blank\">Cap\u00edtulo VII de la Carta de Naciones Unidas<\/a> para autorizar la fuerza armada. <\/p>\n<p>Contenido de la resoluci\u00f3n<\/p>\n<p>En l\u00ednea con el Plan Integral, la resoluci\u00f3n ha creado una Junta de Paz a fin de supervisar la reconstrucci\u00f3n, recuperaci\u00f3n econ\u00f3mica y desmilitarizaci\u00f3n absoluta de la Franja de Gaza. No as\u00ed para garantizar el fin de ocupaci\u00f3n israel\u00ed y que el pueblo palestino ejerza su derecho a la libre determinaci\u00f3n. <\/p>\n<p>Este gobierno transitorio cuenta con amplios poderes para llevar a cabo su labor y tendr\u00e1 el mando general de todo lo que acontezca en Gaza. Est\u00e1 previsto que la gesti\u00f3n diaria de los servicios p\u00fablicos est\u00e9 a cargo de un comit\u00e9 tecnocr\u00e1tico apol\u00edtico palestino constituido por palestinos cualificados y expertos internacionales.<\/p>\n<p>La resoluci\u00f3n no detalla tampoco la composici\u00f3n de la Junta, si bien sabemos que estar\u00e1 dirigida por el presidente Trump y compuesta por otros l\u00edderes, como Tony Blair, y jefes de Estado de la regi\u00f3n.<\/p>\n<p>Para hacer frente a los desaf\u00edos de seguridad, se ha creado una Fuerza Internacional de Estabilizaci\u00f3n encargada de garantizar la seguridad de la zona y los civiles, desarmar a Ham\u00e1s y otros actores no estatales y desmilitarizar Gaza. Asimismo, est\u00e1 previsto que capacite y apoye a unas fuerzas policiales palestinas sin presencia de Ham\u00e1s que <a href=\"https:\/\/www.aa.com.tr\/en\/middle-east\/egypt-jordan-train-palestinian-police-for-deployment-in-gaza\/3658978\" rel=\"nofollow noopener\" target=\"_blank\">Egipto y Jordania llevan meses formando<\/a>.  <\/p>\n<p>Esta fuerza multinacional no constituir\u00e1 una operaci\u00f3n de cascos azules al uso, sino lo que los especialistas denominan \u201cfuerzas de imposici\u00f3n de la paz\u201d, autorizadas a utilizar la fuerza armada para cumplir su mandato. <\/p>\n<p>En este sentido, destaca la amplitud de la autorizaci\u00f3n del uso de la fuerza, alej\u00e1ndose de la pr\u00e1ctica de establecer mandatos espec\u00edficos. Visto el <a href=\"https:\/\/x.com\/DropSiteNews\/status\/1990550770073088154\" rel=\"nofollow\">cr\u00edtico comunicado de Ham\u00e1s<\/a> sobre la resoluci\u00f3n, cabe plantearse qu\u00e9 ocurrir\u00e1 si la organizaci\u00f3n sigue rechazando desarmarse al amparo de su derecho para hacer uso de la fuerza contra fuerzas de ocupaci\u00f3n. <\/p>\n<p>    <strong><br \/>\n      Read more:<br \/>\n      <a href=\"https:\/\/theconversation.com\/tiene-palestina-derecho-a-hacer-uso-de-la-fuerza-armada-contra-israel-218553\" rel=\"nofollow noopener\" target=\"_blank\">\u00bfTiene Palestina derecho a hacer uso de la fuerza armada contra Israel?<\/a><br \/>\n    <\/strong><\/p>\n<p>La fuerza internacional contar\u00e1 presumiblemente con fuerzas militares de <a href=\"https:\/\/www.thejakartapost.com\/world\/2025\/11\/10\/indonesia-seeks-strong-un-oversight-for-gaza-peacekeeping.html\" rel=\"nofollow noopener\" target=\"_blank\">Azerbaiy\u00e1n, Egipto, Indonesia, Catar y Turqu\u00eda<\/a> y comenzar\u00e1 a desplegarse en <a href=\"https:\/\/www.axios.com\/2025\/11\/03\/gaza-security-force-board-of-peace-un-resolution\" rel=\"nofollow noopener\" target=\"_blank\">enero de 2026<\/a>. <\/p>\n<p>Plan para parte de Gaza sin palestinos<\/p>\n<p>El elemento m\u00e1s rese\u00f1able es la ausencia de los palestinos tanto durante el proceso de negociaci\u00f3n del plan de paz y la resoluci\u00f3n como durante el nuevo mandato estadounidense. M\u00e1s all\u00e1 del comit\u00e9 tecnocr\u00e1tico, sometido a la supervisi\u00f3n de la Junta, no se ha buscado el consentimiento previo de la Organizaci\u00f3n para la Liberaci\u00f3n de Palestina o la Autoridad Nacional Palestina en la creaci\u00f3n de la Junta, ni en el despliegue de la Fuerza Internacional de Estabilizaci\u00f3n. <\/p>\n<p>Durante esta etapa tampoco se contempla recabar la opini\u00f3n del pueblo palestino; por el contrario, la resoluci\u00f3n ha explicitado que la fuerza multinacional deber\u00e1 coordinarse estrechamente con Egipto e Israel.<\/p>\n<p>De la misma manera, la retirada de Israel del territorio de la Franja de Gaza que mantiene ocupado militarmente se har\u00e1 de forma paulatina, condicionada a \u201chitos y plazos de desmilitarizaci\u00f3n\u201d que se pactar\u00e1n entre la fuerza multinacional, Israel y la Junta. En todo caso, se prev\u00e9 que Israel conserve una \u201czona de seguridad\u201d alrededor de la Franja hasta que no exista una \u201camenaza terrorista resurgente\u201d. <\/p>\n<p>            <a href=\"https:\/\/images.theconversation.com\/files\/704372\/original\/file-20251124-56-f8o1nr.jpg?ixlib=rb-4.1.0&amp;q=45&amp;auto=format&amp;w=1000&amp;fit=clip\" rel=\"nofollow noopener\" target=\"_blank\"><img decoding=\"async\" alt=\"\" src=\"https:\/\/www.europesays.com\/es\/wp-content\/uploads\/2025\/12\/file-20251124-56-f8o1nr.jpg\" class=\"native-lazy\" loading=\"lazy\"  \/><\/a><\/p>\n<p>              La franja azul indica la l\u00ednea de control de las Fuerzas de Defensa de Israel (IDF); la amarilla muestra la retirada inicial-liberaci\u00f3n de rehenes; la roja marca la segunda retirada, cuando las Fuerzas de Seguridad de Israel (ISF) se movilicen seg\u00fan los est\u00e1ndares establecidos en el plan de Trump, y la zona rayada marca la tercera retirada (zona de amortiguamiento de seguridad).<br \/>\n              <a class=\"source\" href=\"https:\/\/x.com\/WhiteHouse\/status\/1972736025597219278\" rel=\"nofollow\">https:\/\/x.com\/WhiteHouse\/status\/1972736025597219278<\/a><\/p>\n<p>Un di\u00e1logo condicionado a que solo cumpla Palestina<\/p>\n<p>Otro aspecto particularmente negativo de la resoluci\u00f3n es que solamente se refiere a Gaza, rompiendo la integridad territorial de Palestina, y no reafirma el compromiso con la soluci\u00f3n de los dos Estados, limit\u00e1ndose a comprometerse al impulso de un di\u00e1logo para acordar un \u201chorizonte pol\u00edtico\u201d de coexistencia pac\u00edfico y pr\u00f3spero.<\/p>\n<p>Este di\u00e1logo parece estar condicionado, al igual que el periodo de transici\u00f3n de la Junta, a que la reconstrucci\u00f3n est\u00e9 avanzada y la Autoridad Nacional Palestina \u201ccumpla plenamente\u201d con un programa de reformas no concretado. <\/p>\n<p>Probablemente, el mejor an\u00e1lisis de la situaci\u00f3n lo haya aportado un <a href=\"https:\/\/www.ynet.co.il\/news\/article\/sjbx11asl11e\" rel=\"nofollow noopener\" target=\"_blank\">funcionario israel\u00ed<\/a> al se\u00f1alar que la resoluci\u00f3n debilita la causa palestina: \u201cSe les exige que realicen cambios tan estrictos y radicales que las posibilidades de que lo consigan son nulas. Para conseguir un Estado, tendr\u00edan que convertirse en algo parecido a Suecia\u201d.<\/p>\n<p>Tampoco es alentador que el mando de todo este intento est\u00e9 dirigido \u00fanicamente por Estados Unidos, un actor que ha demostrado reiteradamente que es un <a href=\"https:\/\/theconversation.com\/dos-anos-despues-del-fatidico-7-de-octubre-el-mundo-inicia-condenas-contra-israel-266332\" rel=\"nofollow noopener\" target=\"_blank\">aliado incondicional de Israel<\/a>. Sin ir m\u00e1s lejos, al d\u00eda siguiente de la aprobaci\u00f3n de la resoluci\u00f3n, vot\u00f3 en contra de una resoluci\u00f3n en favor del derecho a la autodeterminaci\u00f3n del pueblo palestino. <\/p>\n<p>Con todo, la resoluci\u00f3n ha sido saludada por la Autoridad Nacional Palestina con una <a href=\"https:\/\/x.com\/pmofa\/status\/1990661171859406960\" rel=\"nofollow\">declaraci\u00f3n<\/a> en la que subraya su derecho a la autodeterminaci\u00f3n. Ante la disyuntiva de que contin\u00faen los cr\u00edmenes de Israel y este mandato estadounidense, sobre el que <a href=\"https:\/\/www.ohchr.org\/en\/press-releases\/2025\/11\/un-security-council-resolution-violation-palestinian-right-self\" rel=\"nofollow noopener\" target=\"_blank\">existen serias dudas de su licitud<\/a>, se ha tenido que optar por el mal menor. <\/p>\n<p>Mientras tanto, Israel, que rechaza abiertamente la creaci\u00f3n del Estado palestino, sigue con su pol\u00edtica de colonizaci\u00f3n de Cisjordania e insiste en que <a href=\"https:\/\/www.washingtonpost.com\/national-security\/2025\/11\/17\/un-vote-gaza-trump-plan\" rel=\"nofollow noopener\" target=\"_blank\">la \u00fanica soluci\u00f3n para Gaza es la emigraci\u00f3n de la poblaci\u00f3n gazat\u00ed<\/a>.<\/p>\n","protected":false},"excerpt":{"rendered":"M\u00e1s de 100 a\u00f1os despu\u00e9s del Mandato Brit\u00e1nico de Palestina ha comenzado el nuevo mandato estadounidense que se&hellip;\n","protected":false},"author":2,"featured_media":271801,"comment_status":"","ping_status":"","sticky":false,"template":"","format":"standard","meta":{"footnotes":""},"categories":[42],"tags":[17,18,13,14,11,61,62,63,64,19,20,9,10,15,16,12,21,22,65,66,67],"class_list":{"0":"post-271800","1":"post","2":"type-post","3":"status-publish","4":"format-standard","5":"has-post-thumbnail","7":"category-internacional","8":"tag-breaking-news","9":"tag-breakingnews","10":"tag-featured-news","11":"tag-featurednews","12":"tag-headlines","13":"tag-internacional","14":"tag-international","15":"tag-international-news","16":"tag-internationalnews","17":"tag-latest-news","18":"tag-latestnews","19":"tag-news","20":"tag-noticias","21":"tag-noticias-destacadas","22":"tag-noticiasdestacadas","23":"tag-titulares","24":"tag-ultimas-noticias","25":"tag-ultimasnoticias","26":"tag-world","27":"tag-world-news","28":"tag-worldnews"},"share_on_mastodon":{"url":"https:\/\/pubeurope.com\/@es\/115664651850138734","error":""},"_links":{"self":[{"href":"https:\/\/www.europesays.com\/es\/wp-json\/wp\/v2\/posts\/271800","targetHints":{"allow":["GET"]}}],"collection":[{"href":"https:\/\/www.europesays.com\/es\/wp-json\/wp\/v2\/posts"}],"about":[{"href":"https:\/\/www.europesays.com\/es\/wp-json\/wp\/v2\/types\/post"}],"author":[{"embeddable":true,"href":"https:\/\/www.europesays.com\/es\/wp-json\/wp\/v2\/users\/2"}],"replies":[{"embeddable":true,"href":"https:\/\/www.europesays.com\/es\/wp-json\/wp\/v2\/comments?post=271800"}],"version-history":[{"count":0,"href":"https:\/\/www.europesays.com\/es\/wp-json\/wp\/v2\/posts\/271800\/revisions"}],"wp:featuredmedia":[{"embeddable":true,"href":"https:\/\/www.europesays.com\/es\/wp-json\/wp\/v2\/media\/271801"}],"wp:attachment":[{"href":"https:\/\/www.europesays.com\/es\/wp-json\/wp\/v2\/media?parent=271800"}],"wp:term":[{"taxonomy":"category","embeddable":true,"href":"https:\/\/www.europesays.com\/es\/wp-json\/wp\/v2\/categories?post=271800"},{"taxonomy":"post_tag","embeddable":true,"href":"https:\/\/www.europesays.com\/es\/wp-json\/wp\/v2\/tags?post=271800"}],"curies":[{"name":"wp","href":"https:\/\/api.w.org\/{rel}","templated":true}]}}