{"id":271804,"date":"2025-12-05T02:50:10","date_gmt":"2025-12-05T02:50:10","guid":{"rendered":"https:\/\/www.europesays.com\/es\/271804\/"},"modified":"2025-12-05T02:50:10","modified_gmt":"2025-12-05T02:50:10","slug":"las-palabras-de-sergio-scariolo-sobre-el-impacto-de-usman-garuba","status":"publish","type":"post","link":"https:\/\/www.europesays.com\/es\/271804\/","title":{"rendered":"Las palabras de Sergio Scariolo sobre el impacto de Usman Garuba"},"content":{"rendered":"<p><strong>Sergio Scariolo <\/strong>compareci\u00f3 en rueda de prensa despu\u00e9s de <a href=\"https:\/\/www.gigantes.com\/euroliga\/anadolu-efes-real-madrid-resultado-resumen\/\" rel=\"nofollow noopener\" target=\"_blank\">la victoria del Real Madrid en su visita al Anadolu Efes<\/a> con un claro protagonista en sus declaraciones: <strong>Usman Garuba.<\/strong><\/p>\n<p>El t\u00e9cnico italiano alab\u00f3 el partido del internacional espa\u00f1ol despu\u00e9s de haber sumado <strong>7 rebotes y 3 tapones<\/strong> y de su impacto en el encuentro, especialmente en el \u00faltimo cuarto que le vali\u00f3 la victoria al conjunto blanco\u2026 a pesar de haberse quedado en 0 puntos. Garuba no intent\u00f3 ning\u00fan lanzamiento a canasta en los 14 minutos que estuvo sobre la cancha.<\/p>\n<p>Estas fueron sus palabras en rueda de prensa recogidas por <a href=\"https:\/\/www.eurohoops.net\/es\/euroleague-es\/1903104\/scariolo-tras-la-victoria-ante-el-efes-garuba-tuvo-el-mejor-partido-de-0-puntos-que-he-visto\/\" rel=\"nofollow noopener\" target=\"_blank\">Eurohoops<\/a>:<\/p>\n<p>\u00ab<strong>Usman Garuba tuvo el mejor partido de 0 puntos que he visto<\/strong>: fue un factor clave sin necesidad de anotar. Todos contribuyeron aunque no tuvimos nuestro mejor partido. Edy Tavares estuvo fuera por dos faltas tempranas en la primera mitad y no pudo entrar en el partido pero logramos reemplazarlo bien.<\/p>\n<p>Alex Len hizo un buen trabajo, y Usman Garuba, especialmente contra su l\u00ednea de cinco. Fue el jugador ideal para marcarlos y activar a sus tiradores. Una de nuestras asignaturas pendientes para lograr la mejor qu\u00edmica en el equipo es contar con una contribuci\u00f3n positiva de todos nuestros aleros, tanto de 3 como de 4: Hezonja, Deck, Lyles y Okeke, en el mismo partido.<\/p>\n<p>Probablemente este sea el primer partido en el que los cuatro fueron realmente cruciales en alg\u00fan momento. Estoy muy contento por ello\u00ab.<\/p>\n<p>Garuba acab\u00f3 el encuentro con un +6 en el +\/- en los 14 minutos que estuvo sobre la cancha, justo la diferencia que reflej\u00f3 el marcador al t\u00e9rmino del partido. Solo Facundo Campazzo y Mario Hezonja con +8 tuvieron un mejor dato en ese apartado en el Real Madrid. <\/p>\n<p class=\"has-text-align-right\">Foto: Getty Images<\/p>\n<p><img decoding=\"async\" src=\"https:\/\/www.europesays.com\/es\/wp-content\/uploads\/2025\/12\/1764903010_476_mtracking.gif\" alt=\"Etiquetas de Mautic\" style=\"display:none;\"\/><\/p>\n","protected":false},"excerpt":{"rendered":"Sergio Scariolo compareci\u00f3 en rueda de prensa despu\u00e9s de la victoria del Real Madrid en su visita al&hellip;\n","protected":false},"author":2,"featured_media":271805,"comment_status":"","ping_status":"","sticky":false,"template":"","format":"standard","meta":{"footnotes":""},"categories":[269],"tags":[299,298,168,25,24,23,167],"class_list":{"0":"post-271804","1":"post","2":"type-post","3":"status-publish","4":"format-standard","5":"has-post-thumbnail","7":"category-baloncesto","8":"tag-baloncesto","9":"tag-basketball","10":"tag-deportes","11":"tag-es","12":"tag-espana","13":"tag-spain","14":"tag-sports"},"share_on_mastodon":{"url":"https:\/\/pubeurope.com\/@es\/115664691424322364","error":""},"_links":{"self":[{"href":"https:\/\/www.europesays.com\/es\/wp-json\/wp\/v2\/posts\/271804","targetHints":{"allow":["GET"]}}],"collection":[{"href":"https:\/\/www.europesays.com\/es\/wp-json\/wp\/v2\/posts"}],"about":[{"href":"https:\/\/www.europesays.com\/es\/wp-json\/wp\/v2\/types\/post"}],"author":[{"embeddable":true,"href":"https:\/\/www.europesays.com\/es\/wp-json\/wp\/v2\/users\/2"}],"replies":[{"embeddable":true,"href":"https:\/\/www.europesays.com\/es\/wp-json\/wp\/v2\/comments?post=271804"}],"version-history":[{"count":0,"href":"https:\/\/www.europesays.com\/es\/wp-json\/wp\/v2\/posts\/271804\/revisions"}],"wp:featuredmedia":[{"embeddable":true,"href":"https:\/\/www.europesays.com\/es\/wp-json\/wp\/v2\/media\/271805"}],"wp:attachment":[{"href":"https:\/\/www.europesays.com\/es\/wp-json\/wp\/v2\/media?parent=271804"}],"wp:term":[{"taxonomy":"category","embeddable":true,"href":"https:\/\/www.europesays.com\/es\/wp-json\/wp\/v2\/categories?post=271804"},{"taxonomy":"post_tag","embeddable":true,"href":"https:\/\/www.europesays.com\/es\/wp-json\/wp\/v2\/tags?post=271804"}],"curies":[{"name":"wp","href":"https:\/\/api.w.org\/{rel}","templated":true}]}}