{"id":271810,"date":"2025-12-05T02:55:30","date_gmt":"2025-12-05T02:55:30","guid":{"rendered":"https:\/\/www.europesays.com\/es\/271810\/"},"modified":"2025-12-05T02:55:30","modified_gmt":"2025-12-05T02:55:30","slug":"de-viernes-recuperara-la-esencia-salvame-con-el-reencuentro-de-jorge-javier-vazquez-y-lydia-lozano","status":"publish","type":"post","link":"https:\/\/www.europesays.com\/es\/271810\/","title":{"rendered":"&#8216;De Viernes&#8217; recuperar\u00e1 la esencia &#8216;S\u00e1lvame&#8217; con el reencuentro de Jorge Javier V\u00e1zquez y Lydia Lozano"},"content":{"rendered":"<p>El plat\u00f3 de <a title=\"&#039;De Viernes&#039;\" href=\"https:\/\/www.larazon.es\/television\/programas\/viernes-consigue-testimonio-mas-esperado-ingreso-abalos-prision-entrevistara-exmujer_202511276928a29c55584d48fb603582.html\" target=\"_blank\" rel=\"nofollow noopener\">&#8216;De Viernes&#8217;<\/a> revivir\u00e1 la esencia de &#8216;S\u00e1lvame&#8217; con el reencuentro que har\u00e1 presenciar a sus espectadores en la entrega de este viernes 5 de diciembre. El formato de Telecinco presentado por Santi Acosta y Beatriz Archidona ha preparado un programa que <b>juntar\u00e1 a Jorge Javier V\u00e1zquez y Lydia Lozano<\/b>, para, a partir de las 22:00 horas competir con &#8216;La Voz&#8217;.<\/p>\n<p>La entrevista con el maestro de ceremonias de &#8216;Gran Hermano&#8217; servir\u00e1 para que el de Badalona cuente por primera vez, en un plat\u00f3 de televisi\u00f3n y sin ahorrarse ning\u00fan detalle, el <b>cambio de imagen al que se ha sometido hace unos meses<\/b> y que fue de lo m\u00e1s comentado cuando reapareci\u00f3 ante las c\u00e1maras para presentar la \u00faltima edici\u00f3n de <a title=\"&#039;Supervivientes All Stars&#039;\" href=\"https:\/\/www.larazon.es\/television\/programas\/edicion-mas-dura-supervivientes-all-stars-alas-mediaset-que-considera-tercera-entrega_202511036908d17296fd1d323b0a3d2e.html\" target=\"_blank\" rel=\"nofollow noopener\">&#8216;Supervivientes All Stars&#8217;<\/a>. Adem\u00e1s, el programa mostrar\u00e1 en exclusiva fotos y v\u00eddeos del presentador antes y despu\u00e9s de su operaci\u00f3n y tambi\u00e9n las <b>reacciones de su madre y su hermana<\/b> tras pasar por quir\u00f3fano.<\/p>\n<p>Su visita supondr\u00e1<b> coincidir con Lydia Lozano tras m\u00e1s de dos a\u00f1os y medio sin verse en un plat\u00f3<\/b>, en un momento en el que la colaboradora del programa de Mediaset <a title=\"no lo est\u00e1 pasando nada bien\" href=\"https:\/\/www.larazon.es\/gente\/famosos\/marido-lydia-lozano-sube-planta-pero-familia-silencia-mujer_202512036930727955584d48fb685b2a.html\" target=\"_blank\" rel=\"nofollow noopener\">no lo est\u00e1 pasando nada bien<\/a>. Su marido Charly lleva ingresado en el hospital desde hace dos meses, cuando fue operado de la espalda y contrajo una bacteria que le ha afectado a varios \u00f3rganos vitales.<\/p>\n<p>Resto de invitados<\/p>\n<p>El programa de prime time producido por Producciones Mandarina tambi\u00e9n contar\u00e1 con <b>Jota Peleteiro<\/b>. El exjugador de f\u00fatbol regresar\u00e1 al plat\u00f3 d\u00edas despu\u00e9s de su reencuentro con Jessica Bueno en los juzgados por un litigio que mantienen abierto desde hace cuatro a\u00f1os para desvelar si han llegado a un acuerdo y en qu\u00e9 punto se encuentra su relaci\u00f3n.<\/p>\n<p>El que jugara en equipos como el Celta o el Alav\u00e9s tambi\u00e9n valorar\u00e1 la participaci\u00f3n de Jessica Bueno en &#8216;Supervivientes All Stars&#8217;, los comentarios que ha hecho sobre \u00e9l y sus hijos en el reality y c\u00f3mo ha sido la relaci\u00f3n con la familia de la modelo durante su presencia en Honduras. Asimismo, <b>responder\u00e1 a las declaraciones que Kiko Rivera ha hecho sobre \u00e9l.<\/b><\/p>\n<p>Por otro lado, <b>Mar\u00eda Jes\u00fas Ruiz<\/b> tambi\u00e9n visitar\u00e1 el plat\u00f3 para contar con detalle c\u00f3mo ha sido la feliz reconciliaci\u00f3n con su madre, Juani Garz\u00f3n, con la que acumulaba varios a\u00f1os sin hablar tras un conflicto generado por la relaci\u00f3n de la ex Miss Espa\u00f1a con su actual marido, Curro. Adem\u00e1s, hablar\u00e1 de c\u00f3mo se encuentra su pareja tras sufrir un ictus.<\/p>\n","protected":false},"excerpt":{"rendered":"El plat\u00f3 de &#8216;De Viernes&#8217; revivir\u00e1 la esencia de &#8216;S\u00e1lvame&#8217; con el reencuentro que har\u00e1 presenciar a sus&hellip;\n","protected":false},"author":2,"featured_media":271811,"comment_status":"","ping_status":"","sticky":false,"template":"","format":"standard","meta":{"footnotes":""},"categories":[171],"tags":[146,147,25,24,23,214],"class_list":{"0":"post-271810","1":"post","2":"type-post","3":"status-publish","4":"format-standard","5":"has-post-thumbnail","7":"category-tv","8":"tag-entertainment","9":"tag-entretenimiento","10":"tag-es","11":"tag-espana","12":"tag-spain","13":"tag-tv"},"share_on_mastodon":{"url":"https:\/\/pubeurope.com\/@es\/115664710737254400","error":""},"_links":{"self":[{"href":"https:\/\/www.europesays.com\/es\/wp-json\/wp\/v2\/posts\/271810","targetHints":{"allow":["GET"]}}],"collection":[{"href":"https:\/\/www.europesays.com\/es\/wp-json\/wp\/v2\/posts"}],"about":[{"href":"https:\/\/www.europesays.com\/es\/wp-json\/wp\/v2\/types\/post"}],"author":[{"embeddable":true,"href":"https:\/\/www.europesays.com\/es\/wp-json\/wp\/v2\/users\/2"}],"replies":[{"embeddable":true,"href":"https:\/\/www.europesays.com\/es\/wp-json\/wp\/v2\/comments?post=271810"}],"version-history":[{"count":0,"href":"https:\/\/www.europesays.com\/es\/wp-json\/wp\/v2\/posts\/271810\/revisions"}],"wp:featuredmedia":[{"embeddable":true,"href":"https:\/\/www.europesays.com\/es\/wp-json\/wp\/v2\/media\/271811"}],"wp:attachment":[{"href":"https:\/\/www.europesays.com\/es\/wp-json\/wp\/v2\/media?parent=271810"}],"wp:term":[{"taxonomy":"category","embeddable":true,"href":"https:\/\/www.europesays.com\/es\/wp-json\/wp\/v2\/categories?post=271810"},{"taxonomy":"post_tag","embeddable":true,"href":"https:\/\/www.europesays.com\/es\/wp-json\/wp\/v2\/tags?post=271810"}],"curies":[{"name":"wp","href":"https:\/\/api.w.org\/{rel}","templated":true}]}}