{"id":271816,"date":"2025-12-05T03:00:12","date_gmt":"2025-12-05T03:00:12","guid":{"rendered":"https:\/\/www.europesays.com\/es\/271816\/"},"modified":"2025-12-05T03:00:12","modified_gmt":"2025-12-05T03:00:12","slug":"jorge-javier-vazquez-anuncia-que-la-edicion-terminara-antes-de-navidad","status":"publish","type":"post","link":"https:\/\/www.europesays.com\/es\/271816\/","title":{"rendered":"Jorge Javier V\u00e1zquez anuncia que la edici\u00f3n terminar\u00e1 antes de Navidad"},"content":{"rendered":"<p class=\"article-text\">\n        <strong>Telecinco<\/strong> pone el turbo a <strong>GH 20<\/strong> y acorta su emisi\u00f3n con un desenlace antes de Navidad. As\u00ed lo anunciaba <strong>Jorge Javier V\u00e1zquez <\/strong>en la quinta gala que se emiti\u00f3 este jueves, 4 de diciembre.\n    <\/p>\n<p>    <a href=\"https:\/\/www.eldiario.es\/vertele\/noticias\/gh-20-anuncia-abandono-voluntario-inigo-motivos-personales-deja-shock-edurne-da-pena_1_12815806.html\" data-mrf-recirculation=\"saber-mas\" data-dl-event=\"saber-mas\" rel=\"nofollow noopener\" target=\"_blank\"><\/p>\n<p class=\"know-more__title\">&#8216;GH 20&#8217; anuncia el abandono voluntario de \u00cd\u00f1igo por \u00abmotivos personales\u00bb y deja en shock a Edurne: \u00abMe da mucha pena\u00bb<\/p>\n<p>            <img decoding=\"async\" class=\"lazy\" loading=\"lazy\" data-src=\"https:\/\/static.eldiario.es\/clip\/7c969c5c-9550-4c93-befe-70333378a26e_16-9-aspect-ratio_default_0.jpg\" src=\"data:image\/svg+xml,%3Csvg xmlns=\" http:=\"\" viewbox=\"0 0 880 495\" alt=\"'GH 20' anuncia el abandono voluntario de \u00cd\u00f1igo por &quot;motivos personales&quot; y deja en shock a Edurne: &quot;Me da mucha pena&quot;\"\/><\/p>\n<p>                        <\/a><\/p>\n<p class=\"article-text\">\n        Una entrega que ya <strong>empez\u00f3 a \u201cempaquetar\u201d a los concursantes<\/strong>, mand\u00e1ndolos a casa antes de lo esperado. A la expulsi\u00f3n habitual, sumaron dos m\u00e1s en la que dejaron escoger a la audiencia a los \u201cmuebles\u201d que quer\u00edan sacar de la nueva casa.\n    <\/p>\n<p class=\"article-text\">\n        \u201cEl desenlace de esta edici\u00f3n est\u00e1 cada vez m\u00e1s cerca,<strong> los concursantes pasar\u00e1n la Navidad con sus familias y uno las pasar\u00e1 como ganador de<\/strong><strong> GH 20<\/strong><strong>\u201d,<\/strong> informaba el presentador en directo.\n    <\/p>\n<blockquote class=\"twitter-tweet\" data-lang=\"es\"><p><a href=\"https:\/\/twitter.com\/X\/status\/1996718909303496831?ref_src=twsrc%5Etfw\" rel=\"nofollow noopener\" target=\"_blank\"><\/p><\/blockquote>\n<p class=\"article-text\">\n        Por lo que, a\u00fan sin tener fecha confirmada (aunque si es antes de Navidad, la fecha que mejor encaja podr\u00eda ser la del jueves, 18 de diciembre), el hecho de que el reality acabe antes de las fiestas convertir\u00e1 a<strong> la edici\u00f3n en la m\u00e1s corta de su historia<\/strong>: con una duraci\u00f3n de poco m\u00e1s de un mes en emisi\u00f3n.\n    <\/p>\n<p>    <strong>Las audiencias de &#8216;Gran Hermano 20&#8217;<\/strong><\/p>\n<p class=\"article-text\">\n        Pese a los intentos de la cadena,\u00a0Gran Hermano 20\u00a0no est\u00e1 rindiendo a la altura de las expectativas, como <a href=\"https:\/\/www.eldiario.es\/vertele\/noticias\/gh-20-desalojar-casa-expulsara-golpe-concursantes-favoritos-concretar_1_12818807.html\" target=\"_blank\" data-mrf-recirculation=\"links-noticia\" class=\"link\" rel=\"nofollow noopener\">ya analizamos<\/a>. Las audiencias de esta edici\u00f3n tan emblem\u00e1tica distan mucho de los registros de su antecesora, conform\u00e1ndose con un\u00a0<strong>12.5% de cuota de pantalla y 711.000 espectadores<\/strong>\u00a0de media en el tramo principal \u201423:10 horas en adelante\u2014 de sus galas emitidas en jueves. Sin embargo, la peor parte se la lleva su tramo\u00a0<strong>Express<\/strong><strong>\u00a0<\/strong>en el access prime time, incapaz de superar el list\u00f3n psicol\u00f3gico del\u00a0<strong>doble d\u00edgito<\/strong>\u00a0en ninguna de las cuatro emisiones hasta la fecha.\n    <\/p>\n<p>    <a href=\"https:\/\/www.eldiario.es\/vertele\/noticias\/sorpresa-telecinco-ficha-juanra-bonet-alla-tu-jesus-vazquez_1_12822355.html\" data-mrf-recirculation=\"saber-mas-abajo\" data-dl-event=\"saber-mas-abajo\" rel=\"nofollow noopener\" target=\"_blank\"><\/p>\n<p class=\"know-more__title\">Sorpresa en Telecinco: ficha a Juanra Bonet para presentar &#8216;All\u00e1 t\u00fa&#8217;, que pierde a Jes\u00fas V\u00e1zquez<\/p>\n<p>            <img decoding=\"async\" class=\"lazy\" loading=\"lazy\" data-src=\"https:\/\/static.eldiario.es\/clip\/b1e603d1-e559-405f-97b5-d09fabcef6f3_16-9-aspect-ratio_default_0.jpg\" src=\"data:image\/svg+xml,%3Csvg xmlns=\" http:=\"\" viewbox=\"0 0 880 495\" alt=\"Sorpresa en Telecinco: ficha a Juanra Bonet para presentar 'All\u00e1 t\u00fa', que pierde a Jes\u00fas V\u00e1zquez\"\/><\/p>\n<p>                        <\/a><\/p>\n<p class=\"article-text\">\n        Las entregas de\u00a0<strong>El Debate<\/strong><strong>\u00a0<\/strong>tampoco est\u00e1n funcionando, de hecho, Mediaset se vio obligada a recortar su duraci\u00f3n en la noche dominical y programarlo despu\u00e9s de\u00a0El debate de las tentaciones. El espacio capitaneado por\u00a0<strong>Ion Aramendi\u00a0<\/strong>se conforma con un escueto\u00a0<strong>9.6% de share y 631.000 televidentes<\/strong>. Todav\u00eda peor suerte corri\u00f3 la tira diaria\u00a0<strong>GH. La vida en directo<\/strong>, que fue\u00a0<a href=\"https:\/\/www.eldiario.es\/vertele\/noticias\/telecinco-cancela-tira-diaria-gh-vida-directo-audiencias-insostenibles-tarde_1_12765702.html\" target=\"_blank\" data-mrf-recirculation=\"links-noticia\" class=\"link\" rel=\"nofollow noopener\">cancelada tras solo cuatro emisiones<\/a>\u00a0en las tardes de Telecinco.\n    <\/p>\n<p>                                <script async src=\"https:\/\/platform.twitter.com\/widgets.js\" charset=\"utf-8\"><\/script><\/p>\n","protected":false},"excerpt":{"rendered":"Telecinco pone el turbo a GH 20 y acorta su emisi\u00f3n con un desenlace antes de Navidad. As\u00ed&hellip;\n","protected":false},"author":2,"featured_media":271817,"comment_status":"","ping_status":"","sticky":false,"template":"","format":"standard","meta":{"footnotes":""},"categories":[91],"tags":[4248,14603,4187,2197,146,147,25,24,1058,37023,5264,2224,2951,23,692,15881,5783],"class_list":{"0":"post-271816","1":"post","2":"type-post","3":"status-publish","4":"format-standard","5":"has-post-thumbnail","7":"category-entretenimiento","8":"tag-4248","9":"tag-acelera","10":"tag-anuncia","11":"tag-edicion","12":"tag-entertainment","13":"tag-entretenimiento","14":"tag-es","15":"tag-espana","16":"tag-final","17":"tag-gh","18":"tag-javier","19":"tag-jorge","20":"tag-navidad","21":"tag-spain","22":"tag-telecinco","23":"tag-terminara","24":"tag-vazquez"},"share_on_mastodon":{"url":"https:\/\/pubeurope.com\/@es\/115664730674579636","error":""},"_links":{"self":[{"href":"https:\/\/www.europesays.com\/es\/wp-json\/wp\/v2\/posts\/271816","targetHints":{"allow":["GET"]}}],"collection":[{"href":"https:\/\/www.europesays.com\/es\/wp-json\/wp\/v2\/posts"}],"about":[{"href":"https:\/\/www.europesays.com\/es\/wp-json\/wp\/v2\/types\/post"}],"author":[{"embeddable":true,"href":"https:\/\/www.europesays.com\/es\/wp-json\/wp\/v2\/users\/2"}],"replies":[{"embeddable":true,"href":"https:\/\/www.europesays.com\/es\/wp-json\/wp\/v2\/comments?post=271816"}],"version-history":[{"count":0,"href":"https:\/\/www.europesays.com\/es\/wp-json\/wp\/v2\/posts\/271816\/revisions"}],"wp:featuredmedia":[{"embeddable":true,"href":"https:\/\/www.europesays.com\/es\/wp-json\/wp\/v2\/media\/271817"}],"wp:attachment":[{"href":"https:\/\/www.europesays.com\/es\/wp-json\/wp\/v2\/media?parent=271816"}],"wp:term":[{"taxonomy":"category","embeddable":true,"href":"https:\/\/www.europesays.com\/es\/wp-json\/wp\/v2\/categories?post=271816"},{"taxonomy":"post_tag","embeddable":true,"href":"https:\/\/www.europesays.com\/es\/wp-json\/wp\/v2\/tags?post=271816"}],"curies":[{"name":"wp","href":"https:\/\/api.w.org\/{rel}","templated":true}]}}