{"id":271824,"date":"2025-12-05T03:05:15","date_gmt":"2025-12-05T03:05:15","guid":{"rendered":"https:\/\/www.europesays.com\/es\/271824\/"},"modified":"2025-12-05T03:05:15","modified_gmt":"2025-12-05T03:05:15","slug":"la-patronal-rompe-con-yolanda-diaz-y-no-acordara-la-ampliacion-a-10-dias-de-los-permisos-por-fallecimiento-20minutos-es","status":"publish","type":"post","link":"https:\/\/www.europesays.com\/es\/271824\/","title":{"rendered":"La patronal rompe con Yolanda D\u00edaz y no acordar\u00e1 la ampliaci\u00f3n a 10 d\u00edas de los permisos por fallecimiento &#8211; 20minutos.es"},"content":{"rendered":"<ol>\n<li><a href=\"https:\/\/news.google.com\/rss\/articles\/CBMi-wFBVV95cUxQWEdWRjdnQlZRUnNKQ0FrMTM5QTlhaXhrdTM0b0lYbnVNdXJ2LWRmbHpPSDJVaC1OOE1SQnVlcG9VUmZXRElMQnROWXFQNEVYNzczSmFUdElTaDZudm1kSnBoTS1TMEFsZERnS3FlTHpSSnNJVk1jTHRPQmxLWEx0aHF1dEpTek5jN2FzMm1UM05MTFRIdHhVc0pGVGVoZV91ZnJFOHczcGVmcDhzWGY4ZmNSd2NfZGdqQVlmbzNUMU1OczlOUE9ybXZHTkh1MnNjTk5UQkRvTXVZT21PNlNCXzY2ZGFvNGRyVVJwdVE1Mm9xRndrczZBQ3dsSdIBgAJBVV95cUxNZzdncF9zTElmOUZRWXVzRFVPYkIweGc2V0piVjFGQVJkcU9LVmcwNDREWFc3dGc3VkRrSXZvRTVGVmthdUZVTWlEZWhSbUwwb3U0RThmVDhQdmo4VHJHXzl1TVhkWThkcnBwZGlDVy1FUy1HM3h1QVhDXzJJMUVHZXFYd1IzZFEtTldUaTlMQlhrbmpsdEtZRTlNR1NMV1o4MlJtWG5xWm5nVl93VHJXZ0UzYVVaTUV2cnZYNFp6LUxWS3dGUGVCbkg4N2RzLXRGLTJOUGdKZGdfTlA1UmV2TEdvYmRqSUZKSXkxSVdmc2sydkt3Nm9vWHBnand4VG9D?oc=5\" target=\"_blank\" rel=\"nofollow noopener\">La patronal rompe con Yolanda D\u00edaz y no acordar\u00e1 la ampliaci\u00f3n a 10 d\u00edas de los permisos por fallecimiento<\/a>&nbsp;&nbsp;20minutos.es<\/li>\n<li><a href=\"https:\/\/news.google.com\/rss\/articles\/CBMi3wFBVV95cUxPcnMwbGtaTThSM2EzQUszT0FOeHc3c2I0VFRsbllKb255Ul9uVlVlVmZsMXRJSHpTX3J6WUFfREk2OURIMGd5X1FKUHItc1JreHpVd25DQ0pTU2Y1Qk9yaEViVHBVODRTTFRYXzdzZlNNV1NvZ2FON0xLdTNVbGVSZDJ0dkQxT2dWMG1hR2JveHByY1hHX0VudFEzWjc0Nkkzd2F4blJrQmIzeDEwWlBDRExjc3dXWHJka0Q5NGhNMk1ONGN0UGlzSzltYzdpdW5PXzNGdUlmVEs3SmxHV3Ew?oc=5\" target=\"_blank\" rel=\"nofollow noopener\">Trabajo pactar\u00e1 los permisos de fallecimiento solo con los sindicatos tras el rechazo patronal a ampliarlos<\/a>&nbsp;&nbsp;EL PA\u00cdS<\/li>\n<li><a href=\"https:\/\/news.google.com\/rss\/articles\/CBMipwFBVV95cUxPX3d6NjJaNWxVWlVSSjNDMGRPQnRkeXFldGp1a2c5ZHpPUWxjZUlQU0ZfT0tXbE00UFNqdmpzNV9JY29TU2ZnMExkaVg2UkU4b1pSVTZZejl6cGxYN1Z4Tl9GSm5YLWdsOTZLdlVLT2h4TFVRZWFJQVQ1Rm54SFkwQUNFWnhSOWJFYzh4REtFeXY0LS1jcTlkeTVlVVJBSFp3ZkptOFNjNA?oc=5\" target=\"_blank\" rel=\"nofollow noopener\">Yolanda D\u00edaz aparta a la CEOE y negociar\u00e1 solo con los sindicatos los permisos por fallecimiento<\/a>&nbsp;&nbsp;ABC<\/li>\n<li><a href=\"https:\/\/news.google.com\/rss\/articles\/CBMixgFBVV95cUxQanBwQmI3UTFxRzU5YnVkLUVmOG5VdDZJdzc5ZFdNVkk3blRDYzJtSmJFVmlvVThQdWZjc3JMWHZuUWhHQVRxUmZ5cFlTWEllSEdIems3V2dWdERCakVjTkh2YTBRaGs4cWdrSjVvMmlURUdTQ0lnMVFUSmp5WkctamVSblkxc1Izb0diaGxoUHNzRU1hSnJ1Qm1DbHpDRGpGblRIZHV6Skx1dE90ZEVwZmZ5UWp2NEJYYjFhektmV2RPd3JXWmc?oc=5\" target=\"_blank\" rel=\"nofollow noopener\">La patronal pone ahora en la diana los permisos para cuidar familiares y convivientes: \u00abSe han ampliado mucho\u00bb<\/a>&nbsp;&nbsp;elDiario.es<\/li>\n<li><a href=\"https:\/\/news.google.com\/rss\/articles\/CBMixgFBVV95cUxQOUppVmhET1ROWU5rdXJGLVJLdmtjM0FMSldLMlU4QzNVY1RkYWJpeWMwRUQ0NEIzY2djY2dYenBCQWZKZ3pSS0hFVU5yZWlfa2ZnRy1ZRWU3OTAyUlc2ZzBDeHp2SzVLTENTN1pDVzRUYjJMUVYtdnNSb0VjQVhFdUY3ODhIclI2M1Z2RnR3ZlBUU0syRGpkRS1CLVVtUzZ3U21DaW5hRm5OLTBrc0JnR19qUVBVd25DNkZhRGVkbXdTUldJT2fSAcsBQVVfeXFMTmx1T1lLVW44Qmh6djFFREFTcm9jQVhzSXRmUHNpMnlCZWg3cUNGMUxGLUJ6anZUMVlYNjdlOW5WSzVEdzJoYlNoakV6amJyNGZUbEtpZGdBNTlvYUZfaDJDc1FIOXB4cHVFaUVTb0lKamNIVEhMZTQ0M0R1U1dPb0Y4ZlJyb1BqSWVXNTRPQ1hwX0VEV2VFT0g0a24zSU5MUkhxMUZNbExfeXRkV3psNTJPdmlwOGozVVlTRkhNd2xtZE5NOHl4X1RCMms?oc=5\" target=\"_blank\" rel=\"nofollow noopener\">D\u00edaz buscar\u00e1 un acuerdo con sindicatos sobre los permisos por duelo tras la ruptura de la negociaci\u00f3n de la patronal<\/a>&nbsp;&nbsp;Diario P\u00fablico<\/li>\n<\/ol>\n","protected":false},"excerpt":{"rendered":"La patronal rompe con Yolanda D\u00edaz y no acordar\u00e1 la ampliaci\u00f3n a 10 d\u00edas de los permisos por&hellip;\n","protected":false},"author":2,"featured_media":248356,"comment_status":"","ping_status":"","sticky":false,"template":"","format":"standard","meta":{"footnotes":""},"categories":[5],"tags":[17,18,25,24,13,14,11,19,20,9,10,15,16,23,12,21,22],"class_list":{"0":"post-271824","1":"post","2":"type-post","3":"status-publish","4":"format-standard","5":"has-post-thumbnail","7":"category-titulares","8":"tag-breaking-news","9":"tag-breakingnews","10":"tag-es","11":"tag-espana","12":"tag-featured-news","13":"tag-featurednews","14":"tag-headlines","15":"tag-latest-news","16":"tag-latestnews","17":"tag-news","18":"tag-noticias","19":"tag-noticias-destacadas","20":"tag-noticiasdestacadas","21":"tag-spain","22":"tag-titulares","23":"tag-ultimas-noticias","24":"tag-ultimasnoticias"},"share_on_mastodon":{"url":"https:\/\/pubeurope.com\/@es\/115664750079552368","error":""},"_links":{"self":[{"href":"https:\/\/www.europesays.com\/es\/wp-json\/wp\/v2\/posts\/271824","targetHints":{"allow":["GET"]}}],"collection":[{"href":"https:\/\/www.europesays.com\/es\/wp-json\/wp\/v2\/posts"}],"about":[{"href":"https:\/\/www.europesays.com\/es\/wp-json\/wp\/v2\/types\/post"}],"author":[{"embeddable":true,"href":"https:\/\/www.europesays.com\/es\/wp-json\/wp\/v2\/users\/2"}],"replies":[{"embeddable":true,"href":"https:\/\/www.europesays.com\/es\/wp-json\/wp\/v2\/comments?post=271824"}],"version-history":[{"count":0,"href":"https:\/\/www.europesays.com\/es\/wp-json\/wp\/v2\/posts\/271824\/revisions"}],"wp:featuredmedia":[{"embeddable":true,"href":"https:\/\/www.europesays.com\/es\/wp-json\/wp\/v2\/media\/248356"}],"wp:attachment":[{"href":"https:\/\/www.europesays.com\/es\/wp-json\/wp\/v2\/media?parent=271824"}],"wp:term":[{"taxonomy":"category","embeddable":true,"href":"https:\/\/www.europesays.com\/es\/wp-json\/wp\/v2\/categories?post=271824"},{"taxonomy":"post_tag","embeddable":true,"href":"https:\/\/www.europesays.com\/es\/wp-json\/wp\/v2\/tags?post=271824"}],"curies":[{"name":"wp","href":"https:\/\/api.w.org\/{rel}","templated":true}]}}