{"id":271825,"date":"2025-12-05T03:13:09","date_gmt":"2025-12-05T03:13:09","guid":{"rendered":"https:\/\/www.europesays.com\/es\/271825\/"},"modified":"2025-12-05T03:13:09","modified_gmt":"2025-12-05T03:13:09","slug":"el-monaco-se-desmelena-y-bate-el-tope-anotador-de-la-euroliga-sin-prorroga","status":"publish","type":"post","link":"https:\/\/www.europesays.com\/es\/271825\/","title":{"rendered":"El M\u00f3naco se desmelena y bate el tope anotador de la Euroliga sin pr\u00f3rroga"},"content":{"rendered":"<p data-mrf-recirculation=\"Links P\u00e1rrafos\" class=\"ue-c-article__paragraph paragraph ue-c-article--first-letter-highlighted\">El <strong>M\u00f3naco<\/strong>, que se impuso este jueves al <strong>Par\u00eds<\/strong> por <strong>125-104 <\/strong>en partido de la decimocuarta jornada, bati\u00f3 el <strong>r\u00e9cord de anotaci\u00f3n<\/strong> de un equipo en un choque de la <strong>Euroliga sin necesidad de pr\u00f3rroga.<\/strong><\/p>\n<p data-mrf-recirculation=\"Links P\u00e1rrafos\" class=\"ue-c-article__paragraph paragraph\">El conjunto del <strong>Principado <\/strong>volvi\u00f3 a hacer historia. Tras dos jornadas seguidas en las que bati\u00f3 su propio r\u00e9cord de margen en sus victorias, se march\u00f3 hasta los<strong> 125 puntos<\/strong>. Ning\u00fan conjunto hasta la fecha hab\u00eda llegado a esta cantidad sin necesidad de pr\u00f3rroga.<\/p>\n<p data-mrf-recirculation=\"Links P\u00e1rrafos\" class=\"ue-c-article__paragraph paragraph\">Tan solo superan esa marca el <strong>Real Madrid<\/strong>, que en la campa\u00f1a <strong>2023-24<\/strong> gan\u00f3 con <strong>130 puntos al Anadolu Efes<\/strong> pero tras cuatro pr\u00f3rrogas, y el equipo turco, que en ese mismo encuentro acab\u00f3 con <strong>126 tantos<\/strong>.<\/p>\n<p data-mrf-recirculation=\"Links P\u00e1rrafos\" class=\"ue-c-article__paragraph paragraph\">El tr\u00edo formado por<strong> Elie Okobo, Matthew Strazel y Mike James <\/strong>lider\u00f3 el ataque del <strong>M\u00f3naco <\/strong>con 26 puntos y 8 asistencias, 22 y 7, y 16 y 7, respectivamente. Mientras, <strong>Nikola Mirotic <\/strong>aport\u00f3 14 y <strong>Alpha Diallo<\/strong> 10.<\/p>\n","protected":false},"excerpt":{"rendered":"El M\u00f3naco, que se impuso este jueves al Par\u00eds por 125-104 en partido de la decimocuarta jornada, bati\u00f3&hellip;\n","protected":false},"author":2,"featured_media":271826,"comment_status":"","ping_status":"","sticky":false,"template":"","format":"standard","meta":{"footnotes":""},"categories":[269],"tags":[299,298,168,25,24,23,167],"class_list":{"0":"post-271825","1":"post","2":"type-post","3":"status-publish","4":"format-standard","5":"has-post-thumbnail","7":"category-baloncesto","8":"tag-baloncesto","9":"tag-basketball","10":"tag-deportes","11":"tag-es","12":"tag-espana","13":"tag-spain","14":"tag-sports"},"share_on_mastodon":{"url":"https:\/\/pubeurope.com\/@es\/115664781698159988","error":""},"_links":{"self":[{"href":"https:\/\/www.europesays.com\/es\/wp-json\/wp\/v2\/posts\/271825","targetHints":{"allow":["GET"]}}],"collection":[{"href":"https:\/\/www.europesays.com\/es\/wp-json\/wp\/v2\/posts"}],"about":[{"href":"https:\/\/www.europesays.com\/es\/wp-json\/wp\/v2\/types\/post"}],"author":[{"embeddable":true,"href":"https:\/\/www.europesays.com\/es\/wp-json\/wp\/v2\/users\/2"}],"replies":[{"embeddable":true,"href":"https:\/\/www.europesays.com\/es\/wp-json\/wp\/v2\/comments?post=271825"}],"version-history":[{"count":0,"href":"https:\/\/www.europesays.com\/es\/wp-json\/wp\/v2\/posts\/271825\/revisions"}],"wp:featuredmedia":[{"embeddable":true,"href":"https:\/\/www.europesays.com\/es\/wp-json\/wp\/v2\/media\/271826"}],"wp:attachment":[{"href":"https:\/\/www.europesays.com\/es\/wp-json\/wp\/v2\/media?parent=271825"}],"wp:term":[{"taxonomy":"category","embeddable":true,"href":"https:\/\/www.europesays.com\/es\/wp-json\/wp\/v2\/categories?post=271825"},{"taxonomy":"post_tag","embeddable":true,"href":"https:\/\/www.europesays.com\/es\/wp-json\/wp\/v2\/tags?post=271825"}],"curies":[{"name":"wp","href":"https:\/\/api.w.org\/{rel}","templated":true}]}}