{"id":271829,"date":"2025-12-05T03:15:09","date_gmt":"2025-12-05T03:15:09","guid":{"rendered":"https:\/\/www.europesays.com\/es\/271829\/"},"modified":"2025-12-05T03:15:09","modified_gmt":"2025-12-05T03:15:09","slug":"david-broncano-atonito-frente-a-la-respuesta-de-dani-rovira-a-la-pregunta-clasica-jamas-habiamos-tenido-un-numero-negativo-lecturas","status":"publish","type":"post","link":"https:\/\/www.europesays.com\/es\/271829\/","title":{"rendered":"David Broncano, at\u00f3nito, frente a la respuesta de Dani Rovira a la pregunta cl\u00e1sica: &quot;Jam\u00e1s hab\u00edamos tenido un n\u00famero negativo&quot; &#8211; Lecturas"},"content":{"rendered":"<ol>\n<li><a href=\"https:\/\/news.google.com\/rss\/articles\/CBMi4wFBVV95cUxNczFSMThsWUlGc1pMU3lTYm41WEtfVUVjdWJnclpuYlFOSU5odGdZMjdRcVFnclByT0RuS2xpejd4NHlCcTF2QTlXV25UQldGQ0pnV3BpRTM1SjJmN0w3UGFwVkM4S0V2a3NBQ0o5cms0dUgxbzBNQ0FXeVpiSU94VlhBbEY3RU51X29fNjRtSjAwN0ctaFVvZmVucDZnWjUtdE5KM0lzRHZYbTNSQ3pEQmhxNlRCb0tZUmh0VmhNTG9ac0ljTVhJU3hxcm1rdmFVVzBqeG1TN1A0WGluc3Zhb3Vobw?oc=5\" target=\"_blank\" rel=\"nofollow noopener\">David Broncano, at\u00f3nito, frente a la respuesta de Dani Rovira a la pregunta cl\u00e1sica: \u00abJam\u00e1s hab\u00edamos tenido un n\u00famero negativo\u00bb<\/a>&nbsp;&nbsp;Lecturas<\/li>\n<li><a href=\"https:\/\/news.google.com\/rss\/articles\/CBMi7gFBVV95cUxQVVF3U0szQm5sb3VpRm1TQmo2YzBsNVBiZVZ4M2pTb29HYnFmVTlMMFRXalFueHBwR05pYnNCUkozVjZWRUtFYkNlNUpJMXBiTFVhV2ZDQ3ctazNFTzItcTJoRTZ2LXBlMFRYbGN4SzRDSVJQaGxCR1ZPbm5OdFFaM2FuWE1LMkR1ZGtDNXFVUmhZQzdLLUhXc0l5eVRXZi1mRnhsOUtTWlFEN0dLTkdUTHdxenlnOXpVcDNMNzFKX1l6TnR0d3E4TnJvWXp3dzlnaE5TN0JQMlpHUmF5NTlyNURWUy1ZR0Z6WWVsVUJR0gHzAUFVX3lxTE56MHhFYWQwOWJHa1RrWWc2M2JvOV9hcHRTR1dFa2tMTmxmTm5IUFd5U1pXQjJWMnNta3pZZkdzRmUwaE5MVlgzMkg3RldOMURLMUtNMi13ZXpGd3A1SE1jR1VWWTFpVzh3MzVNSzRRUEdPc3ZENEJ4WGVzZXJtamJCVUFOQlZUV0dnQXNZOVVGN2VMbXNaVXhfamlqeXNIUG9FYjNBSGhBZW12MDlCTGdBeWVUaS1Va3phamZqaVB3TjVyU1VnQWFHTllaVDBNLTNCUHNmTjk2c3NwQ2pSaTRsTHo1cVJqX1ZzcDJVR25mbnctMA?oc=5\" target=\"_blank\" rel=\"nofollow noopener\">Dani Rovira actualiza en &#8216;La Revuelta&#8217; su dato a la pregunta cl\u00e1sica del sexo: \u00abHa sido un mes deplorable, no ten\u00eda ganas de nada\u00bb<\/a>&nbsp;&nbsp;20minutos.es<\/li>\n<li><a href=\"https:\/\/news.google.com\/rss\/articles\/CBMiqAFBVV95cUxOSWhIUHVUMjlPN1ZLYkgzUjYyZDdJX3kyTHdWb2VjWllaMTJMWnkyN1h6NFNuRGpBeTctcS1IZzA2Y2xLQW4tVDRBalRSM3VuQ1kyZ3NZbWMwWU9nMkZQWUxoUnZtSVotbVhIb3ZGZGVDRU91SHBVOFJhM0F6cmowQzJ2WUJXY2JwWk1WclJud2RMYjYzd09lOGFXbGd5UlJjbmJIZ1JzSjDSAa4BQVVfeXFMTzdUMThvUEVIdE9PaVNGN09ud09ZVDRPcHNRR1dGSFpwZlp0QnhGR3Fpc1ZOWDd1VzUxQ3Bkdmp4SXE3dFNQNHItbUZ5SDl1b2NyeHAwa2Q3dl9ZS3NrR0sxSkhQOE94Q3JTR2dUc1NIRHA0T3NDNzFBZ09McVVMc3ZJZ3F2d1FSX2lyNTBJMF80azZOVmo4a2VBaHZhcUVrTVBVNDBjUnlqSHoyamh3?oc=5\" target=\"_blank\" rel=\"nofollow noopener\">Dani Rovira se sincera en &#8216;La Revuelta&#8217; sobre un mes \u201cdeplorable\u201d en el terreno sexual: \u201cLo dej\u00e9 a medias\u201d<\/a>&nbsp;&nbsp;La Vanguardia<\/li>\n<li><a href=\"https:\/\/news.google.com\/rss\/articles\/CBMi3wFBVV95cUxNcC1vdDFrZ3IzQS1uQW02MjFsUENoYlVqeUJiZWVDZEdqQzR3RDJkUVF2ZFlISDVNUTBFZTJobHBXVVF0SVYxV051Ykk2UzE4Y3g3NlpmMlVtUWYzZUE4dWtseGxvTEl1RXgxY2x6bGFWUlAyMUxYM19VUXNlTEttR1E4VHhfSGpidk1CSEU0S3VrREU2WXhEM3FMNFRBOGw4X3pzalZXUXlickU3NnJhZEl0aGs2anB5SVR1X2pBQzFyRHNmQXo1WVhYSmhMak9OMjNPa1Y4SDRyLVdibTVr0gHfAUFVX3lxTE03RlNkR3ZRN2pvZWw4ZU1ZeFB0X24xNUJsMm5pVk9Ud2p6Vy1jMG1wa2xicXloMFlOUkxaVENnU1lveElxVUVmQlJrS0FCV1hXc0ZLZEVPX29GbTJSazZwN1hhQlRvaVo5bzBEMGwzUHJpbXRha2ZZUGZRMFZwYkY3YzYtVE1GSUxVLUNGa0s3ajJLWV9vWHV3aDZxelRGaGhxUkI5SUN6TkxTa0RiZGpyU2taSmZaaVVzZXNZSmtWTVFBN0JwYzZKdmdYZ1preUZXbWU5VVNkdF9uVTI0TFU?oc=5\" target=\"_blank\" rel=\"nofollow noopener\">La sensaci\u00f3n de Dani Rovira cada vez que va a &#8216;La Revuelta: \u00abSiempre me da la sensaci\u00f3n de que vengo poco drogado a este programa\u00bb<\/a>&nbsp;&nbsp;MARCA<\/li>\n<li><a href=\"https:\/\/news.google.com\/rss\/articles\/CBMiuAFBVV95cUxObkdRYUU4a2FlcXJ1djZvWVZLZWNwLXlvQjdDeVc2X3hZY0dEdk9EcElka0wxRldLcnhuTzI1U3B4YjZMVnQtZ215M3pVOEZ6b1pGNnF2eVdyQUV4OHZMVWlia092LWdueVdLYjVNVTZiakNyVHZ1eGRBVThZdUsyajRGaHFHN0Q0czRDTF9hTHQ1cURlLW9sWFRVNWNvdTAzWF9hYTlDUmdzYmFoNF9qbTZHM2FJNEIt0gG-AUFVX3lxTE03a0tjZUc0MGxjQzQ5OWs0a2oxOEgzb1JEVDgzalU2R2o0WEs3TXd0Q2ZkeXVnNHRob2R6SE9PdDdfb0JLTExpOTB4UmFDLXJzYm9VblpkejlJeTJNRW9kc24xMzhvRkp3SzB1MEgzNUtIc2FHZUNKVVpCSGtMd1piUkVaN1gyU1BIVm5CYm5Xb3huazlNbldmdkNIVUFaTzN3YkdsTDRrcGtXWWgyWURQaE1GWGVyNFB6SDd2eEE?oc=5\" target=\"_blank\" rel=\"nofollow noopener\">Dani Rovira redefine la famosa pregunta sexual de Broncano con una respuesta hist\u00f3rica<\/a>&nbsp;&nbsp;OkDiario<\/li>\n<\/ol>\n","protected":false},"excerpt":{"rendered":"David Broncano, at\u00f3nito, frente a la respuesta de Dani Rovira a la pregunta cl\u00e1sica: \u00abJam\u00e1s hab\u00edamos tenido un&hellip;\n","protected":false},"author":2,"featured_media":271830,"comment_status":"","ping_status":"","sticky":false,"template":"","format":"standard","meta":{"footnotes":""},"categories":[174],"tags":[255,146,147,25,24,256,23],"class_list":{"0":"post-271829","1":"post","2":"type-post","3":"status-publish","4":"format-standard","5":"has-post-thumbnail","7":"category-famosos","8":"tag-celebrities","9":"tag-entertainment","10":"tag-entretenimiento","11":"tag-es","12":"tag-espana","13":"tag-famosos","14":"tag-spain"},"share_on_mastodon":{"url":"https:\/\/pubeurope.com\/@es\/115664789373998422","error":""},"_links":{"self":[{"href":"https:\/\/www.europesays.com\/es\/wp-json\/wp\/v2\/posts\/271829","targetHints":{"allow":["GET"]}}],"collection":[{"href":"https:\/\/www.europesays.com\/es\/wp-json\/wp\/v2\/posts"}],"about":[{"href":"https:\/\/www.europesays.com\/es\/wp-json\/wp\/v2\/types\/post"}],"author":[{"embeddable":true,"href":"https:\/\/www.europesays.com\/es\/wp-json\/wp\/v2\/users\/2"}],"replies":[{"embeddable":true,"href":"https:\/\/www.europesays.com\/es\/wp-json\/wp\/v2\/comments?post=271829"}],"version-history":[{"count":0,"href":"https:\/\/www.europesays.com\/es\/wp-json\/wp\/v2\/posts\/271829\/revisions"}],"wp:featuredmedia":[{"embeddable":true,"href":"https:\/\/www.europesays.com\/es\/wp-json\/wp\/v2\/media\/271830"}],"wp:attachment":[{"href":"https:\/\/www.europesays.com\/es\/wp-json\/wp\/v2\/media?parent=271829"}],"wp:term":[{"taxonomy":"category","embeddable":true,"href":"https:\/\/www.europesays.com\/es\/wp-json\/wp\/v2\/categories?post=271829"},{"taxonomy":"post_tag","embeddable":true,"href":"https:\/\/www.europesays.com\/es\/wp-json\/wp\/v2\/tags?post=271829"}],"curies":[{"name":"wp","href":"https:\/\/api.w.org\/{rel}","templated":true}]}}