{"id":271831,"date":"2025-12-05T03:18:09","date_gmt":"2025-12-05T03:18:09","guid":{"rendered":"https:\/\/www.europesays.com\/es\/271831\/"},"modified":"2025-12-05T03:18:09","modified_gmt":"2025-12-05T03:18:09","slug":"drama-en-gh-20-con-3-expulsiones-en-una-noche-para-acelerar-la-edicion-mas-corta-de-la-historia","status":"publish","type":"post","link":"https:\/\/www.europesays.com\/es\/271831\/","title":{"rendered":"Drama en &#8216;GH 20&#8217; con 3 expulsiones en una noche para acelerar la edici\u00f3n m\u00e1s corta de la historia"},"content":{"rendered":"<p class=\"article-text\">\n        La quinta gala de<strong> GH 20<\/strong> en Telecinco descuadr\u00f3 por completo a los concursantes que esperaban la expulsi\u00f3n de un compa\u00f1ero, y acabaron viviendo la despedida de hasta tres. Con<strong> dos de ellos \u201cempaquetados\u201d y enviados a su casa <\/strong>esa misma noche, elegidos por la audiencia como las m\u00e1s prescindibles de la edici\u00f3n.\n    <\/p>\n<p>    <a href=\"https:\/\/www.eldiario.es\/vertele\/noticias\/gh-20-acelera-final-telecinco-jorge-javier-vazquez-anuncia-edicion-terminara-navidad_1_12822776.html\" data-mrf-recirculation=\"saber-mas\" data-dl-event=\"saber-mas\" rel=\"nofollow noopener\" target=\"_blank\"><\/p>\n<p class=\"know-more__title\">&#8216;GH 20&#8217; acelera su final en Telecinco: Jorge Javier V\u00e1zquez anuncia que la edici\u00f3n terminar\u00e1 antes de Navidad<\/p>\n<p>            <img decoding=\"async\" class=\"lazy\" loading=\"lazy\" data-src=\"https:\/\/static.eldiario.es\/clip\/00d7020d-031c-4efb-8170-3b5281234971_16-9-aspect-ratio_default_0.jpg\" src=\"data:image\/svg+xml,%3Csvg xmlns=\" http:=\"\" viewbox=\"0 0 880 495\" alt=\"'GH 20' acelera su final en Telecinco: Jorge Javier V\u00e1zquez anuncia que la edici\u00f3n terminar\u00e1 antes de Navidad\"\/><\/p>\n<p>                        <\/a><\/p>\n<p class=\"article-text\">\n        Lo que no sab\u00edan los participantes del reality es que todo ello responde a la decisi\u00f3n de la cadena de acelerar el final de una edici\u00f3n que se convertir\u00e1 en <a href=\"https:\/\/www.eldiario.es\/vertele\/noticias\/gh-20-acelera-final-telecinco-jorge-javier-vazquez-anuncia-edicion-terminara-navidad_1_12822776.html\" target=\"_blank\" data-mrf-recirculation=\"links-noticia\" class=\"link\" rel=\"nofollow noopener\">la m\u00e1s corta de la historia<\/a>. As\u00ed lo anunci\u00f3<strong> Jorge Javier V\u00e1zquez<\/strong> en directo:\n    <\/p>\n<p class=\"article-text\">\n        \u201cEl desenlace de esta edici\u00f3n est\u00e1 cada vez m\u00e1s cerca,<strong>\u00a0los concursantes pasar\u00e1n la Navidad con sus familias y uno las pasar\u00e1 como ganador de<\/strong><strong>\u00a0GH 20<\/strong><strong>\u201d. <\/strong>\n    <\/p>\n<p class=\"article-text\">\n        Tres expulsiones en una noche, que se sumaron a la <a href=\"https:\/\/www.eldiario.es\/vertele\/noticias\/gh-20-anuncia-abandono-voluntario-inigo-motivos-personales-deja-shock-edurne-da-pena_1_12815806.html\" target=\"_blank\" data-mrf-recirculation=\"links-noticia\" class=\"link\" rel=\"nofollow noopener\">salida voluntaria <\/a>y \u201cpor motivos personales\u201d de<strong> \u00cd\u00f1igo Tina<\/strong>, el pasado martes. Por lo que en pocos d\u00edas el reality fulmin\u00f3 hasta a cuatro de sus concursantes. Y ser\u00e1n cinco el domingo, con <strong>Ion Aramendi. <\/strong>\n    <\/p>\n<blockquote class=\"twitter-tweet\" data-lang=\"es\"><p><a href=\"https:\/\/twitter.com\/X\/status\/1996683985897115877?ref_src=twsrc%5Etfw\" rel=\"nofollow noopener\" target=\"_blank\"><\/p><\/blockquote>\n<p class=\"article-text\">\n        Mientras, al plat\u00f3 llegaron las madrinas y el padrino de la prueba de esta semana:<strong> Anabel Pantoja, Violeta y Edi<\/strong> que, tras pasar d\u00edas dentro de la casa, coincidieron en su favorita: Roc\u00edo.\n    <\/p>\n<p>    Jos\u00e9 Manuel, el primer expulsado \u201ctradicional\u201d de la gala<\/p>\n<p class=\"article-text\">\n        <strong>Bel\u00e9n, Jos\u00e9 Manuel y Patricia<\/strong> eran los nominados que quedaban, tras la salvaci\u00f3n de Joon. El presentador les mostr\u00f3 los porcentajes ciegos que hab\u00edan acumulado: <strong>49%, 28% y 23%. <\/strong>\n    <\/p>\n<blockquote class=\"twitter-tweet\" data-lang=\"es\"><p><a href=\"https:\/\/twitter.com\/X\/status\/1996703870354174463?ref_src=twsrc%5Etfw\" rel=\"nofollow noopener\" target=\"_blank\"><\/p><\/blockquote>\n<p class=\"article-text\">\n        Los tres se situaron de pie en el centro del comedor, mientras el resto de compa\u00f1eros les observaba desde el sof\u00e1. Seguidamente, el presentador informaba de la primera salvada:\n    <\/p>\n<p class=\"article-text\">\n        <strong>\u201cLa audiencia ha decidido que debe continuar en la casa Bel\u00e9n\u201d<\/strong>. Una noticia que celebraron algunos y otros no mostraron reacci\u00f3n alguna.\n    <\/p>\n<p class=\"article-text\">\n        Jos\u00e9 Manuel y Patricia se despidieron y se marcharon a la sala de expulsiones, para escuchar la sentencia del p\u00fablico.<strong> \u201cLa audiencia ha decidido que debe abandonar la casa Jos\u00e9 Manuel\u201d,<\/strong> dijo Jorge Javier y Patricia celebr\u00f3 su continuidad.\n    <\/p>\n<blockquote class=\"twitter-tweet\" data-lang=\"es\"><p><a href=\"https:\/\/twitter.com\/X\/status\/1996717165895110784?ref_src=twsrc%5Etfw\" rel=\"nofollow noopener\" target=\"_blank\"><\/p><\/blockquote>\n<p>    Mamadou, segundo expulsado como &#8216;mueble empaquetado&#8217;<\/p>\n<p class=\"article-text\">\n        Tras la salida de Jos\u00e9 Manuel aparec\u00eda en el patio de la casa de Tres Cantos un cami\u00f3n de mudanzas para llevarse al concursante que la audiencia escogiera como el m\u00e1s prescindible: \u201c<strong>\u00bfQui\u00e9n merece continuar en GH 20?\u201d,<\/strong> preguntaba Jorge Javier para que el p\u00fablico votara para salvar a su favorito.\n    <\/p>\n<p class=\"article-text\">\n        Varios minutos despu\u00e9s, el presentador desvelaba los nombres de los cuatro \u201cmuebles\u201d que hab\u00eda votado la audiencia: Aquilino, Jonay, Mamadou y Desi. En plat\u00f3 sacaron el sobre con el nombre y as\u00ed lo ley\u00f3 el conductor:<strong> \u201cLa audiencia ha decidido que debe abandonar la casa Mamadou\u201d. <\/strong>\n    <\/p>\n<blockquote class=\"twitter-tweet\" data-lang=\"es\"><p><a href=\"https:\/\/twitter.com\/X\/status\/1996729421655343403?ref_src=twsrc%5Etfw\" rel=\"nofollow noopener\" target=\"_blank\"><\/p><\/blockquote>\n<p class=\"article-text\">\n        Al escuchar su nombre Aroa se derrumbaba, protagonizando un drama de llantos y abrazos a su amigo, al que no esperaba despedir esa noche. <strong>\u201cNo me arrepiento de nada, me he re\u00eddo mucho\u201d,<\/strong> dec\u00eda Mamadou que se sub\u00eda al cami\u00f3n y se marchaba.\n    <\/p>\n<p>    La casa expuls\u00f3 a Paula con un \u201cposicionamiento letal\u201d<\/p>\n<p class=\"article-text\">\n        \u201cEste cami\u00f3n tiene hambre y se ha quedado con ganas de m\u00e1s.<strong> Volver\u00e1 a recoger a otro concursante,<\/strong> porque es el black thursday y es el 2&#215;1\u201d anunciaba Jorge Javier en plat\u00f3.\n    <\/p>\n<p class=\"article-text\">\n        As\u00ed, volvieron a abrir las votaciones y la audiencia escogi\u00f3 a<strong> Joon, Desi y Paula<\/strong> como candidatos para marcharse. La primera en salvarse fue Desi.\n    <\/p>\n<p class=\"article-text\">\n        Por lo que el presentador pidi\u00f3 al resto de la casa que se posicionara tras Joon o Paula, el que prefirieran ver fuera. <strong>La mayor\u00eda se situ\u00f3 detr\u00e1s de la joven, convirti\u00e9ndola en la tercera expulsada de la noche. <\/strong>\n    <\/p>\n<p>    <a href=\"https:\/\/www.eldiario.es\/vertele\/noticias\/sorpresa-telecinco-ficha-juanra-bonet-alla-tu-jesus-vazquez_1_12822355.html\" data-mrf-recirculation=\"saber-mas-abajo\" data-dl-event=\"saber-mas-abajo\" rel=\"nofollow noopener\" target=\"_blank\"><\/p>\n<p class=\"know-more__title\">Sorpresa en Telecinco: ficha a Juanra Bonet para presentar &#8216;All\u00e1 t\u00fa&#8217;, que pierde a Jes\u00fas V\u00e1zquez<\/p>\n<p>            <img decoding=\"async\" class=\"lazy\" loading=\"lazy\" data-src=\"https:\/\/static.eldiario.es\/clip\/b1e603d1-e559-405f-97b5-d09fabcef6f3_16-9-aspect-ratio_default_0.jpg\" src=\"data:image\/svg+xml,%3Csvg xmlns=\" http:=\"\" viewbox=\"0 0 880 495\" alt=\"Sorpresa en Telecinco: ficha a Juanra Bonet para presentar 'All\u00e1 t\u00fa', que pierde a Jes\u00fas V\u00e1zquez\"\/><\/p>\n<p>                        <\/a><\/p>\n<blockquote class=\"twitter-tweet\" data-lang=\"es\"><p><a href=\"https:\/\/twitter.com\/X\/status\/1996744985702433226?ref_src=twsrc%5Etfw\" rel=\"nofollow noopener\" target=\"_blank\"><\/p><\/blockquote>\n<p class=\"article-text\">\n        \u201cEsto para m\u00ed es una experiencia de vida, la he vivido como he sentido y estoy muy feliz de las personas que he conocido. Siempre me dejo llevar por la voluntad del Se\u00f1or, que <strong>seguro que tiene otro plan mejor, que abrazo con fuerza\u201d<\/strong>, zanj\u00f3 Paula.\n    <\/p>\n<p>                                    <script async src=\"https:\/\/platform.twitter.com\/widgets.js\" charset=\"utf-8\"><\/script><\/p>\n","protected":false},"excerpt":{"rendered":"La quinta gala de GH 20 en Telecinco descuadr\u00f3 por completo a los concursantes que esperaban la expulsi\u00f3n&hellip;\n","protected":false},"author":2,"featured_media":271832,"comment_status":"","ping_status":"","sticky":false,"template":"","format":"standard","meta":{"footnotes":""},"categories":[171],"tags":[4248,1554,3896,4708,1931,2197,146,147,25,24,66690,37023,448,193,23,214],"class_list":{"0":"post-271831","1":"post","2":"type-post","3":"status-publish","4":"format-standard","5":"has-post-thumbnail","7":"category-tv","8":"tag-4248","9":"tag-1554","10":"tag-acelerar","11":"tag-corta","12":"tag-drama","13":"tag-edicion","14":"tag-entertainment","15":"tag-entretenimiento","16":"tag-es","17":"tag-espana","18":"tag-expulsiones","19":"tag-gh","20":"tag-historia","21":"tag-noche","22":"tag-spain","23":"tag-tv"},"share_on_mastodon":{"url":"https:\/\/pubeurope.com\/@es\/115664801163476541","error":""},"_links":{"self":[{"href":"https:\/\/www.europesays.com\/es\/wp-json\/wp\/v2\/posts\/271831","targetHints":{"allow":["GET"]}}],"collection":[{"href":"https:\/\/www.europesays.com\/es\/wp-json\/wp\/v2\/posts"}],"about":[{"href":"https:\/\/www.europesays.com\/es\/wp-json\/wp\/v2\/types\/post"}],"author":[{"embeddable":true,"href":"https:\/\/www.europesays.com\/es\/wp-json\/wp\/v2\/users\/2"}],"replies":[{"embeddable":true,"href":"https:\/\/www.europesays.com\/es\/wp-json\/wp\/v2\/comments?post=271831"}],"version-history":[{"count":0,"href":"https:\/\/www.europesays.com\/es\/wp-json\/wp\/v2\/posts\/271831\/revisions"}],"wp:featuredmedia":[{"embeddable":true,"href":"https:\/\/www.europesays.com\/es\/wp-json\/wp\/v2\/media\/271832"}],"wp:attachment":[{"href":"https:\/\/www.europesays.com\/es\/wp-json\/wp\/v2\/media?parent=271831"}],"wp:term":[{"taxonomy":"category","embeddable":true,"href":"https:\/\/www.europesays.com\/es\/wp-json\/wp\/v2\/categories?post=271831"},{"taxonomy":"post_tag","embeddable":true,"href":"https:\/\/www.europesays.com\/es\/wp-json\/wp\/v2\/tags?post=271831"}],"curies":[{"name":"wp","href":"https:\/\/api.w.org\/{rel}","templated":true}]}}