{"id":271837,"date":"2025-12-05T03:23:12","date_gmt":"2025-12-05T03:23:12","guid":{"rendered":"https:\/\/www.europesays.com\/es\/271837\/"},"modified":"2025-12-05T03:23:12","modified_gmt":"2025-12-05T03:23:12","slug":"golpes-el-guionista-de-la-isla-minima-se-pasa-a-la-direccion","status":"publish","type":"post","link":"https:\/\/www.europesays.com\/es\/271837\/","title":{"rendered":"&#8216;Golpes&#8217;, el guionista de &#8216;La isla m\u00ednima&#8217; se pasa a la direcci\u00f3n"},"content":{"rendered":"<p>04\/12\/2025 a las 10:49h.<\/p>\n<p class=\"voc-save-news__paragraph\">Esta funcionalidad es s\u00f3lo para suscriptores<\/p>\n<p><a href=\"https:\/\/secure.abc.es\/suscripcion#vca=suscribete&amp;vso=abc&amp;vmc=on&amp;vli=comentarios-btn-flujo\" data-voc-vtm-id=\"comienzoSuscripcionON\" data-voc-vtm-info=\"btncomentar\" class=\"voc-btn voc-btn--w voc-btn--xs voc-save-news__btn\" rel=\"nofollow noopener\" target=\"_blank\"><br \/>\nSuscribete<br \/>\n<\/a><\/p>\n<p class=\"voc-p\" style=\"\">Madrid, 4 dic (EFE).-&#8216;Golpes&#8217; es un &#8216;thriller&#8217; que actualiza el g\u00e9nero quinqui con Luis Tosar y Jes\u00fas Carroza (ambos coincidieron en &#8216;Celda 211&#8217; o &#8216;El Ni\u00f1o&#8217;) en el papel de dos hermanos, uno polic\u00eda y otro delincuente, que entre atracos y cambios pol\u00edticos en  &#8230; la Sevilla de 1982 deber\u00e1n enfrentarse a las heridas a\u00fan abiertas de un pasado com\u00fan que tiene que ver con la memoria hist\u00f3rica. Es la primera pel\u00edcula que dirige Rafael Cobos, guionista junto a Alberto Rodr\u00edguez de obras tan reconocidas como &#8216;La isla m\u00ednima&#8217;, &#8216;7 v\u00edrgenes&#8217; o la serie reci\u00e9n estrenada &#8216;Anatom\u00eda de un instante&#8217;, en la que tambi\u00e9n se abordan los baches de la Transici\u00f3n a la democracia.   IM\u00c1GENES DE LA PEL\u00cdCULA CEDIDAS POR LA PRODUCTORA.<\/p>\n<p>\nArt\u00edculo solo para suscriptores\n<\/p>\n<p>Reportar un error<\/p>\n<p class=\"voc-save-news__paragraph\">Esta funcionalidad es s\u00f3lo para suscriptores<\/p>\n<p><a href=\"https:\/\/secure.abc.es\/suscripcion#vca=suscribete&amp;vso=abc&amp;vmc=on&amp;vli=comentarios-btn-flujo\" data-voc-vtm-id=\"comienzoSuscripcionON\" data-voc-vtm-info=\"btncomentar\" class=\"voc-btn voc-btn--w voc-btn--xs voc-save-news__btn\" rel=\"nofollow noopener\" target=\"_blank\"><br \/>\nSuscribete<br \/>\n<\/a><\/p>\n","protected":false},"excerpt":{"rendered":"04\/12\/2025 a las 10:49h. Esta funcionalidad es s\u00f3lo para suscriptores Suscribete Madrid, 4 dic (EFE).-&#8216;Golpes&#8217; es un &#8216;thriller&#8217;&hellip;\n","protected":false},"author":2,"featured_media":271838,"comment_status":"","ping_status":"","sticky":false,"template":"","format":"standard","meta":{"footnotes":""},"categories":[91],"tags":[4796,146,147,25,24,12677,28267,3643,17072,3954,23],"class_list":{"0":"post-271837","1":"post","2":"type-post","3":"status-publish","4":"format-standard","5":"has-post-thumbnail","7":"category-entretenimiento","8":"tag-direccion","9":"tag-entertainment","10":"tag-entretenimiento","11":"tag-es","12":"tag-espana","13":"tag-golpes","14":"tag-guionista","15":"tag-isla","16":"tag-minima","17":"tag-pasa","18":"tag-spain"},"share_on_mastodon":{"url":"https:\/\/pubeurope.com\/@es\/115664820899991420","error":""},"_links":{"self":[{"href":"https:\/\/www.europesays.com\/es\/wp-json\/wp\/v2\/posts\/271837","targetHints":{"allow":["GET"]}}],"collection":[{"href":"https:\/\/www.europesays.com\/es\/wp-json\/wp\/v2\/posts"}],"about":[{"href":"https:\/\/www.europesays.com\/es\/wp-json\/wp\/v2\/types\/post"}],"author":[{"embeddable":true,"href":"https:\/\/www.europesays.com\/es\/wp-json\/wp\/v2\/users\/2"}],"replies":[{"embeddable":true,"href":"https:\/\/www.europesays.com\/es\/wp-json\/wp\/v2\/comments?post=271837"}],"version-history":[{"count":0,"href":"https:\/\/www.europesays.com\/es\/wp-json\/wp\/v2\/posts\/271837\/revisions"}],"wp:featuredmedia":[{"embeddable":true,"href":"https:\/\/www.europesays.com\/es\/wp-json\/wp\/v2\/media\/271838"}],"wp:attachment":[{"href":"https:\/\/www.europesays.com\/es\/wp-json\/wp\/v2\/media?parent=271837"}],"wp:term":[{"taxonomy":"category","embeddable":true,"href":"https:\/\/www.europesays.com\/es\/wp-json\/wp\/v2\/categories?post=271837"},{"taxonomy":"post_tag","embeddable":true,"href":"https:\/\/www.europesays.com\/es\/wp-json\/wp\/v2\/tags?post=271837"}],"curies":[{"name":"wp","href":"https:\/\/api.w.org\/{rel}","templated":true}]}}