{"id":271849,"date":"2025-12-05T03:36:09","date_gmt":"2025-12-05T03:36:09","guid":{"rendered":"https:\/\/www.europesays.com\/es\/271849\/"},"modified":"2025-12-05T03:36:09","modified_gmt":"2025-12-05T03:36:09","slug":"que-sorpreson-antetokounmpo-pide-el-traspaso-y-los-clippers-no-pueden-dar-mas-pena-minimo-de-veterano-5x18-diario-as","status":"publish","type":"post","link":"https:\/\/www.europesays.com\/es\/271849\/","title":{"rendered":"Qu\u00e9 sorpres\u00f3n: Antetokounmpo pide el traspaso y los Clippers no pueden dar m\u00e1s pena | M\u00ednimo de Veterano 5&#215;18 &#8211; Diario AS"},"content":{"rendered":"<ol>\n<li><a href=\"https:\/\/news.google.com\/rss\/articles\/CBMi_gFBVV95cUxQdllZOTBZRmRlcE1fQXluZmt1T1ltX0ZvUjRSeUZlR2pGaENIY0d5ZmZQUmE0enFPNWNMZXh4SWJjZWJIaEJaVUl0aER6UVZGbFhBa29ORDVBYXVFaFVUZ3oyWTBLcF91eW1JOUE3UW1PSjl3aDBCZWdXU1JNeG53WVduNHI5UFgxd21VSWZBLUNoTUVERkZQenRuZFJXVmtqVVI4ejBGbXFtQmJBcG5wM3V2UU1aMGdpaUJXNDIwNWVwUnozajlFV2NmeTJYZnB0MU53ZDc0cy1mWUZlMERJMnpQS2s3VFBiV0dHQzFoMFl3YWF5dWZfVV82V3JYd9IBkgJBVV95cUxPX2VVWG5IdW93eVpiNHhvMVJGZ054bDgyeXlSUlVRLWJMMHozcWEwYm5xNXRadnN3bHJfdDhqczdlb3ZOMUIydjVvSHpoWF9MNFgzbFJ1MVVzR1hST2FrRV9GLTJnbmo2TFN4ejZsNWFoSnZZYlUtT1YyYVJzRXZFNjJjYlRDZnV5QmZhb2tLY1hjNUZKdmxWcFpyZU4xRElUMkZ4bHZOY0FMYlhjOGVfWGktTUtVblVzYWhiN2twcHZRX2VLM25iUk92ajQ5a1AtR1hDSGZQNXdoUG5XX1B6ODVxTXJfaGdaLVUwTDA5Y2otQ0lGNjU2RjVxc0NBQWhfeTVaRWpTcjI0OGJ5aVZTZ1lR?oc=5\" target=\"_blank\" rel=\"nofollow noopener\">Qu\u00e9 sorpres\u00f3n: Antetokounmpo pide el traspaso y los Clippers no pueden dar m\u00e1s pena | M\u00ednimo de Veterano 5&#215;18<\/a>&nbsp;&nbsp;Diario AS<\/li>\n<li><a href=\"https:\/\/news.google.com\/rss\/articles\/CBMirgFBVV95cUxNNzZwVG1vUGtrZ1J2aGtqWHlBTC03Wk43a01mU3Foc191bTdQYXBBV2swLUdJbGc4RGR1LWJlalBVMFVBV3lWa2h5VWZvZlRzT0NDRzVYbngwWU8xOUVMd0RpdnJYSEE2T1FxenBNMTdiVDBkTUg0bmxEZFc1d0ZxcTgzbzJ4dm5hRWhmV1ZZNTA4RDVBY0tSclBqODhXdjc2QmRzaXhGNXBBUEhLSmfSAa4BQVVfeXFMTnRiVy1YbHJ1RkxjU3ZJVGV4SUFfel9SMXBsMnM0YjVYY19CczN4TjdoMmNFLVVRX3BNZE9zeFRaRjR3SUNDcjNxekhVM0tteEFnWGYyMlhjY0U5NFFIQ3Yxc1BxN2dIcFdZTTZHa0NNRThtQllYdWpZS01wTjNKakVWampQa1lGY2x5M1Y5SVB0QWVnMnlaeTVaX2t0OURaR2E5ZDVoSjRpMDJMdmVB?oc=5\" target=\"_blank\" rel=\"nofollow noopener\">Giannis Antetokounmpo se lesiona entre rumores de un inminente traspaso<\/a>&nbsp;&nbsp;MARCA<\/li>\n<li><a href=\"https:\/\/news.google.com\/rss\/articles\/CBMifEFVX3lxTE1fbXdpODVIUDV3T1lUb2ZuU3oyTzk3YUdWVUZUMmtzQnZCanlFY3VLUVBZMGt2emNKblNtV3VBU3J4eEg1eUdRTmRaUTZkRDEybkY1d0NlOWxvbzBwYlNaeDJEenRNSlRyVEt3OWI2XzBPWTJzV29jMFRuRE4?oc=5\" target=\"_blank\" rel=\"nofollow noopener\">Resumen del partido Bucks 113-109 Pistons (3 de Dic., 2025)<\/a>&nbsp;&nbsp;ESPN Deportes<\/li>\n<li><a href=\"https:\/\/news.google.com\/rss\/articles\/CBMimwFBVV95cUxOeHA1SUE4SFRrT01jUEZ4VnR4MzZESDFCNVJFN2lacElJM1Q0SHNPZlZFZFNXODROR24yZVpqWHNObEtTRTdQTGdlMHZ4cjBRbGh4dFFIQ2pSNklXNzJubkI0bHVYNDN2eHNQNzVsLUw4dUFMV2IxSTNhT01vTHlSMzI5RXlTRV9zTlNNN2V2cVpiSjdDelB1YTQtWdIBoAFBVV95cUxQRlFTUmN4NFFhel9GWWJtT3B5c21RaDFhS3NjazBrOEtlM0w4aXlVYmotd005NVVxYmlwZ0psT1lHQWZrVm4yeVF2dGE1OTlFYk14MWxMT1FmYkpxVVRES1oyaW1jVkZ5UmxmRTZoWFJZLUtDVTU5NEhWRUZMNi1FSU94TUUyWVpZSHZjZkowWVc3VjhnLUZKaUR6OXc2RENH?oc=5\" target=\"_blank\" rel=\"nofollow noopener\">La lesi\u00f3n que revuelve la NBA: Giannis KO en plenos rumores de traspaso<\/a>&nbsp;&nbsp;Superdeporte<\/li>\n<\/ol>\n","protected":false},"excerpt":{"rendered":"Qu\u00e9 sorpres\u00f3n: Antetokounmpo pide el traspaso y los Clippers no pueden dar m\u00e1s pena | M\u00ednimo de Veterano&hellip;\n","protected":false},"author":2,"featured_media":248356,"comment_status":"","ping_status":"","sticky":false,"template":"","format":"standard","meta":{"footnotes":""},"categories":[269],"tags":[299,298,168,25,24,23,167],"class_list":{"0":"post-271849","1":"post","2":"type-post","3":"status-publish","4":"format-standard","5":"has-post-thumbnail","7":"category-baloncesto","8":"tag-baloncesto","9":"tag-basketball","10":"tag-deportes","11":"tag-es","12":"tag-espana","13":"tag-spain","14":"tag-sports"},"share_on_mastodon":{"url":"https:\/\/pubeurope.com\/@es\/115664872386939621","error":""},"_links":{"self":[{"href":"https:\/\/www.europesays.com\/es\/wp-json\/wp\/v2\/posts\/271849","targetHints":{"allow":["GET"]}}],"collection":[{"href":"https:\/\/www.europesays.com\/es\/wp-json\/wp\/v2\/posts"}],"about":[{"href":"https:\/\/www.europesays.com\/es\/wp-json\/wp\/v2\/types\/post"}],"author":[{"embeddable":true,"href":"https:\/\/www.europesays.com\/es\/wp-json\/wp\/v2\/users\/2"}],"replies":[{"embeddable":true,"href":"https:\/\/www.europesays.com\/es\/wp-json\/wp\/v2\/comments?post=271849"}],"version-history":[{"count":0,"href":"https:\/\/www.europesays.com\/es\/wp-json\/wp\/v2\/posts\/271849\/revisions"}],"wp:featuredmedia":[{"embeddable":true,"href":"https:\/\/www.europesays.com\/es\/wp-json\/wp\/v2\/media\/248356"}],"wp:attachment":[{"href":"https:\/\/www.europesays.com\/es\/wp-json\/wp\/v2\/media?parent=271849"}],"wp:term":[{"taxonomy":"category","embeddable":true,"href":"https:\/\/www.europesays.com\/es\/wp-json\/wp\/v2\/categories?post=271849"},{"taxonomy":"post_tag","embeddable":true,"href":"https:\/\/www.europesays.com\/es\/wp-json\/wp\/v2\/tags?post=271849"}],"curies":[{"name":"wp","href":"https:\/\/api.w.org\/{rel}","templated":true}]}}