{"id":271854,"date":"2025-12-05T03:41:15","date_gmt":"2025-12-05T03:41:15","guid":{"rendered":"https:\/\/www.europesays.com\/es\/271854\/"},"modified":"2025-12-05T03:41:15","modified_gmt":"2025-12-05T03:41:15","slug":"mira-el-trailer-de-la-proxima-serie-de-juego-de-tronos-el-caballero-de-los-siete-reinos","status":"publish","type":"post","link":"https:\/\/www.europesays.com\/es\/271854\/","title":{"rendered":"Mira el tr\u00e1iler de la pr\u00f3xima serie de Juego de Tronos, &#8216;El Caballero de los Siete Reinos&#8217;"},"content":{"rendered":"<p>La franquicia de <strong>Juego de Tronos<\/strong> est\u00e1 a punto de estrenar su tercera serie, <strong><a href=\"https:\/\/hipertextual.com\/cine-television\/primer-trailer-el-caballero-de-los-siete-reinos-proxima-serie-juego-de-tronos\/\" rel=\"nofollow noopener\" target=\"_blank\">El Caballero de los Siete Reinos<\/a><\/strong>, que acaba de lanzar su nuevo tr\u00e1iler. HBO Max seguir\u00e1 expandiendo la saga de <strong>George R.R. Martin<\/strong> con una nueva precuela que se situar\u00e1 antes de la serie principal, pero despu\u00e9s de La Casa del Drag\u00f3n. Adem\u00e1s, ser\u00e1 un t\u00edtulo muy diferente con el que la compa\u00f1\u00eda quiere indagar m\u00e1s en los habitantes de a pie de Poniente.<\/p>\n<p>Esta vez, la historia llevar\u00e1 a los espectadores al continente medieval de fantas\u00eda para seguir las aventuras de <a href=\"https:\/\/hipertextual.com\/cine-television\/el-caballero-de-los-siete-reinos-cuando-se-estrena\/\" rel=\"nofollow noopener\" target=\"_blank\">dos protagonistas muy particulares,\u00a0<strong>Dunk<\/strong>\u00a0y\u00a0<strong>Egg<\/strong><\/a>. Ambientada un siglo antes de los acontecimientos de\u00a0Juego de Tronos\u00a0y unos 72 a\u00f1os despu\u00e9s de\u00a0La Casa del Drag\u00f3n, presentar\u00e1 a estos dos improbables h\u00e9roes. El primero es un joven caballero muy ingenuo pero valiente,\u00a0<strong>Ser Duncan el Alto<\/strong>, que va a competir al torneo de Ashford Meadow para ganar algo de dinero. Muy pronto conocer\u00e1 a\u00a0<strong>Egg<\/strong>, un ni\u00f1o peque\u00f1o y calvo que est\u00e1 decidido a convertirse en su escudero.<\/p>\n<p>Gracias al tr\u00e1iler, podemos hacernos una idea m\u00e1s certera de c\u00f3mo va a ser el tono de El Caballero de los Siete Reinos. La serie\u00a0adaptar\u00e1 la historia de\u00a0El Caballero Errante, escrita por\u00a0<strong>Martin<\/strong>\u00a0en 1998, la primera novela de esta minisaga de\u00a0<strong>Dunk<\/strong>\u00a0y\u00a0<strong>Egg<\/strong>. Y en ella, uno de los elementos m\u00e1s significativos es que <a href=\"https:\/\/hipertextual.com\/cine-television\/el-caballero-de-los-siete-reinos-nueva-imagen-elimina-cabecera-juego-de-tronos\/\" rel=\"nofollow noopener\" target=\"_blank\">no habr\u00e1 rastro de elementos fant\u00e1sticos<\/a>. El \u00faltimo drag\u00f3n muri\u00f3 hace medio siglo y, a esas alturas, ya casi se han olvidado de ellos.<\/p>\n<p><img loading=\"lazy\" data-recalc-dims=\"1\" decoding=\"async\" width=\"1500\" height=\"1000\" alt=\"El Caballero de los Siete reinos\" class=\"wp-image-1867536 perfmatters-lazy\" src=\"https:\/\/www.europesays.com\/es\/wp-content\/uploads\/2025\/12\/El-Caballero-de-los-Siete-reinos-1500x1000.jpg\"  data-\/><\/p>\n<p>\u00abB\u00e1sicamente, esto podr\u00eda ser la Gran Breta\u00f1a del siglo XIV. Se trata de caballeros medievales duros, tenaces, valientes, fr\u00edos, con un toque muy ligero y esperanzador. Es un lugar maravilloso en el que estar. En esta serie partimos de cero, empezamos desde abajo.\u00a0<a href=\"https:\/\/hipertextual.com\/cine-television\/el-caballero-de-los-siete-reinos-suma-nuevas-caras-a-su-elenco\/\" rel=\"nofollow noopener\" target=\"_blank\">No estamos con los se\u00f1ores y las damas, los reyes y las reinas<\/a>\u00ab, prometi\u00f3 hace unos meses <strong>Ira Parker<\/strong>, guionista de\u00a0La Casa del Drag\u00f3n\u00a0y cocreador del nuevo t\u00edtulo.<\/p>\n<p>Mira el tr\u00e1iler de El Caballero de los Siete Reinos<\/p>\n<p>Recientemente, apenas unos d\u00edas antes de lanzar este tr\u00e1iler, <a href=\"https:\/\/hipertextual.com\/cine-television\/excelentes-noticias-el-caballero-de-los-siete-reinos-la-casa-del-dragon-temporadas-3-4\/\" rel=\"nofollow noopener\" target=\"_blank\">HBO anunci\u00f3 la renovaci\u00f3n de El Caballero de los Siete Reinos<\/a> para una segunda temporada en 2027. La compa\u00f1\u00eda apuesta fuerte por el proyecto, d\u00e1ndole una continuaci\u00f3n antes incluso del estreno de la temporada 1. A su vez, tambi\u00e9n se confirmaron las temporadas 3 y 4 de La Casa del Drag\u00f3n para verano de 2026 y para alg\u00fan momento de 2028.<\/p>\n<p><strong>Peter Claffey\u00a0<\/strong>y\u00a0<strong>Dexter Sol Ansell<\/strong>\u00a0ser\u00e1n los protagonistas de la serie que\u00a0dar\u00e1n vida a Dunk y Egg. <strong>Claffey<\/strong> ha aparecido en la serie de Apple TV+\u00a0Hermanas hasta la muerte. En ella, ha dado vida a Callum. Adem\u00e1s, pr\u00f3ximamente aparecer\u00e1 en la tercera temporada de\u00a0Vikingos: Valhalla, la serie de Netflix. Por su parte,\u00a0<strong>Dexter Sol Ansell<\/strong>\u00a0solo tiene once a\u00f1os y empez\u00f3 su carrera muy pronto en la serie brit\u00e1nica\u00a0Emmerdale. Posteriormente ha aparecido en series como\u00a0El pueblo de los malditos\u00a0y pel\u00edculas como la reciente\u00a0<a href=\"https:\/\/hipertextual.com\/2023\/11\/balada-pajaros-cantores-serpientes-critica-juegos-del-hambre\" rel=\"nofollow noopener\" target=\"_blank\">Los Juegos del Hambre: Balada de p\u00e1jaros cantores y serpientes<\/a>.<\/p>\n<p>El Caballero de los Siete Reinos se estrena en HBO Max el 18 de enero de 2026 (la madrugada del 19 de enero en Espa\u00f1a).<\/p>\n<p><a href=\"https:\/\/geni.us\/disney-plus-footer\" target=\"_blank\" rel=\" noreferrer noopener nofollow\"><img loading=\"lazy\" decoding=\"async\" width=\"360\" height=\"197\" alt=\"\" class=\"wp-image-1840708 perfmatters-lazy\" style=\"width:100px\" src=\"https:\/\/www.europesays.com\/es\/wp-content\/uploads\/2025\/08\/1756350495_822_disney-logo.jpeg\"  data-\/><\/a><\/p>\n<p class=\"has-text-align-center\" style=\"padding-top:0;padding-right:0;padding-bottom:0;padding-left:0;font-size:18px\">Disfruta de las mejores historias, en cualquier momento y en cualquier lugar. Series, pel\u00edculas y originales que no encontrar\u00e1s en ninguna otra plataforma: cl\u00e1sicos de siempre y los \u00faltimos estrenos. <a href=\"https:\/\/geni.us\/disney-plus-footer\" target=\"_blank\" rel=\"noreferrer noopener nofollow\">M\u00e1s econ\u00f3mico que nunca<\/a> con el nuevo plan con anuncios.<\/p>\n<p class=\"has-text-align-center\">Consejo ofrecido por Disney+<\/p>\n","protected":false},"excerpt":{"rendered":"La franquicia de Juego de Tronos est\u00e1 a punto de estrenar su tercera serie, El Caballero de los&hellip;\n","protected":false},"author":2,"featured_media":271855,"comment_status":"","ping_status":"","sticky":false,"template":"","format":"standard","meta":{"footnotes":""},"categories":[171],"tags":[146,147,25,24,23,214],"class_list":{"0":"post-271854","1":"post","2":"type-post","3":"status-publish","4":"format-standard","5":"has-post-thumbnail","7":"category-tv","8":"tag-entertainment","9":"tag-entretenimiento","10":"tag-es","11":"tag-espana","12":"tag-spain","13":"tag-tv"},"share_on_mastodon":{"url":"https:\/\/pubeurope.com\/@es\/115664891977714177","error":""},"_links":{"self":[{"href":"https:\/\/www.europesays.com\/es\/wp-json\/wp\/v2\/posts\/271854","targetHints":{"allow":["GET"]}}],"collection":[{"href":"https:\/\/www.europesays.com\/es\/wp-json\/wp\/v2\/posts"}],"about":[{"href":"https:\/\/www.europesays.com\/es\/wp-json\/wp\/v2\/types\/post"}],"author":[{"embeddable":true,"href":"https:\/\/www.europesays.com\/es\/wp-json\/wp\/v2\/users\/2"}],"replies":[{"embeddable":true,"href":"https:\/\/www.europesays.com\/es\/wp-json\/wp\/v2\/comments?post=271854"}],"version-history":[{"count":0,"href":"https:\/\/www.europesays.com\/es\/wp-json\/wp\/v2\/posts\/271854\/revisions"}],"wp:featuredmedia":[{"embeddable":true,"href":"https:\/\/www.europesays.com\/es\/wp-json\/wp\/v2\/media\/271855"}],"wp:attachment":[{"href":"https:\/\/www.europesays.com\/es\/wp-json\/wp\/v2\/media?parent=271854"}],"wp:term":[{"taxonomy":"category","embeddable":true,"href":"https:\/\/www.europesays.com\/es\/wp-json\/wp\/v2\/categories?post=271854"},{"taxonomy":"post_tag","embeddable":true,"href":"https:\/\/www.europesays.com\/es\/wp-json\/wp\/v2\/tags?post=271854"}],"curies":[{"name":"wp","href":"https:\/\/api.w.org\/{rel}","templated":true}]}}