{"id":271858,"date":"2025-12-05T03:44:15","date_gmt":"2025-12-05T03:44:15","guid":{"rendered":"https:\/\/www.europesays.com\/es\/271858\/"},"modified":"2025-12-05T03:44:15","modified_gmt":"2025-12-05T03:44:15","slug":"el-modesto-atletico-baleares-descuelga-al-espanyol-de-la-copa-del-rey-futbol-deportes","status":"publish","type":"post","link":"https:\/\/www.europesays.com\/es\/271858\/","title":{"rendered":"El modesto Atl\u00e9tico Baleares descuelga al Espanyol de la Copa del Rey | F\u00fatbol | Deportes"},"content":{"rendered":"<p class=\"\">El Atl\u00e9tico Baleares tumb\u00f3 al Espanyol <a href=\"https:\/\/elpais.com\/deportes\/futbol\/2025-11-20\/lio-con-la-final-de-la-copa-del-rey-la-federacion-analiza-un-cambio-de-fecha-al-coincidir-con-el-sabado-de-feria-en-sevilla-el-25-de-abril.html\" target=\"_self\" rel=\"nofollow noopener\" title=\"https:\/\/elpais.com\/deportes\/futbol\/2025-11-20\/lio-con-la-final-de-la-copa-del-rey-la-federacion-analiza-un-cambio-de-fecha-al-coincidir-con-el-sabado-de-feria-en-sevilla-el-25-de-abril.html\">en la Copa del Rey<\/a>, (1-0) que ven\u00eda de ganar en Bala\u00eddos en la Liga, donde ocupa una pl\u00e1cida sexta posici\u00f3n pero que fue incapaz de salir airoso del Estadi Balear. El Rayo Vallecano salv\u00f3 su eliminatoria al l\u00edmite. El equipo de \u00cd\u00f1igo P\u00e9rez perd\u00eda en la prolongaci\u00f3n, empat\u00f3 a tres minutos del final y desnivel\u00f3 el cruce en la segunda parte de la pr\u00f3rroga (1-2). <\/p>\n<p class=\"\">El conjunto de Segunda Federaci\u00f3n crey\u00f3 en la proeza durante los 90 minutos. Un equipo que vendi\u00f3 3.200 entradas en el Estadi Balear, a las afueras de Palma de Mallorca, y all\u00ed arrincon\u00f3 al Espanyol, que solo reaccion\u00f3 en el tramo final, cuando ya sent\u00eda la soga al cuello. Poco despu\u00e9s de la reanudaci\u00f3n, el p\u00fablico festej\u00f3 el tanto de los locales gracias a un remate de Jaume Tovar, un delantero de la tierra que demuestra estar en racha despu\u00e9s de haber anotado 11 tantos en 13 partidos de Liga en Segunda Federaci\u00f3n. Ning\u00fan jugador ha sido m\u00e1s productivo en la categor\u00eda. Un joven de 1,90 que no sabe qui\u00e9n es Julio Salinas. Un h\u00e9roe que se form\u00f3 en el S\u00f3ller, donde jugaba con su hermano y su padre estaba como segundo entrenador. <\/p>\n<p class=\"\">Ellos ahora trabajan como electricistas mientras \u00e9l se hincha a marcar goles. El m\u00e1s importante, sin duda, este que ape\u00f3 al Espanyol de la Copa. El Sevilla parec\u00eda tener una noche pl\u00e1cida. El equipo hispalense, en el que reapareci\u00f3 Joan Jord\u00e1n a\u00f1o y medio despu\u00e9s de su lesi\u00f3n, dominaba el partido (0-2) ante el Extremadura y comenzaba a pensar ya en la tercera ronda de la Copa. En la segunda parte lleg\u00f3 un tanto del conjunto de Almendralejo que aviv\u00f3 la incertidumbre en el Francisco de la Hera, pero le faltaron armas para tumbar a un rival de Primera como el Sevilla.<\/p>\n<p class=\"\">El Valencia, <a href=\"https:\/\/elpais.com\/deportes\/futbol\/2025-11-09\/valencia-y-betis-firman-un-insipido-empate-en-mestalla.html\" target=\"_self\" rel=\"nofollow noopener\" title=\"https:\/\/elpais.com\/deportes\/futbol\/2025-11-09\/valencia-y-betis-firman-un-insipido-empate-en-mestalla.html\">un grande que lleva a\u00f1os conviviendo con el drama<\/a>, celebr\u00f3 como una proeza eliminar al Cartagena en la pr\u00f3rroga. El equipo de Carlos Corber\u00e1n fue muchos minutos por detr\u00e1s y el t\u00e9cnico tuvo que rescatar a sus pilares. Luis Rioja fue el m\u00e1s decisivo de todos y propici\u00f3 la ocasi\u00f3n que permiti\u00f3 a Lucas Beltr\u00e1n alargar el partido 30 minutos m\u00e1s. El Cartagena no se rindi\u00f3 y sigui\u00f3 buscando el triunfo. Lo tuvo en la pr\u00f3rroga, cuando el Valencia se qued\u00f3 con 10 por la expulsi\u00f3n de Santamar\u00eda, pero De Blasis perdon\u00f3 un penalti que detuvo Dimitrievski en el minuto 119. Uno m\u00e1s tarde castig\u00f3 el Valencia ese error con el decisivo tanto de Jes\u00fas V\u00e1zquez (1-2).<\/p>\n<p class=\"\">El Celta sufri\u00f3 al m\u00e1ximo para eliminar al Sant Andreu, un equipo aguerrido que se le sublev\u00f3 en el Narc\u00eds Sala, uno de esos campos de c\u00e9sped artificial, diminutos, que a menudo se convierten en una ratonera para los grandes. El partido lleg\u00f3 a la pr\u00f3rroga y aunque el Sant Andreu golpe\u00f3 primero con un tanto de Alexis Garc\u00eda, Borja Iglesias igual\u00f3 la eliminatoria, que lleg\u00f3 hasta los penaltis (1-1). Fueron necesarios 14 lanzamientos para que se produjera un error. Serrano mand\u00f3 el suyo al larguero y el Celta dio un paso m\u00e1s en la Copa.<\/p>\n","protected":false},"excerpt":{"rendered":"El Atl\u00e9tico Baleares tumb\u00f3 al Espanyol en la Copa del Rey, (1-0) que ven\u00eda de ganar en Bala\u00eddos&hellip;\n","protected":false},"author":2,"featured_media":271859,"comment_status":"","ping_status":"","sticky":false,"template":"","format":"standard","meta":{"footnotes":""},"categories":[93],"tags":[1540,16241,168,1539,25,24,282,1538,14382,11783,23,167],"class_list":{"0":"post-271858","1":"post","2":"type-post","3":"status-publish","4":"format-standard","5":"has-post-thumbnail","7":"category-deportes","8":"tag-competiciones","9":"tag-copa-rey-futbol","10":"tag-deportes","11":"tag-entrenadores","12":"tag-es","13":"tag-espana","14":"tag-futbol","15":"tag-futbolistas","16":"tag-rayo-vallecano","17":"tag-rcd-espanyol","18":"tag-spain","19":"tag-sports"},"share_on_mastodon":{"url":"https:\/\/pubeurope.com\/@es\/115664903414569938","error":""},"_links":{"self":[{"href":"https:\/\/www.europesays.com\/es\/wp-json\/wp\/v2\/posts\/271858","targetHints":{"allow":["GET"]}}],"collection":[{"href":"https:\/\/www.europesays.com\/es\/wp-json\/wp\/v2\/posts"}],"about":[{"href":"https:\/\/www.europesays.com\/es\/wp-json\/wp\/v2\/types\/post"}],"author":[{"embeddable":true,"href":"https:\/\/www.europesays.com\/es\/wp-json\/wp\/v2\/users\/2"}],"replies":[{"embeddable":true,"href":"https:\/\/www.europesays.com\/es\/wp-json\/wp\/v2\/comments?post=271858"}],"version-history":[{"count":0,"href":"https:\/\/www.europesays.com\/es\/wp-json\/wp\/v2\/posts\/271858\/revisions"}],"wp:featuredmedia":[{"embeddable":true,"href":"https:\/\/www.europesays.com\/es\/wp-json\/wp\/v2\/media\/271859"}],"wp:attachment":[{"href":"https:\/\/www.europesays.com\/es\/wp-json\/wp\/v2\/media?parent=271858"}],"wp:term":[{"taxonomy":"category","embeddable":true,"href":"https:\/\/www.europesays.com\/es\/wp-json\/wp\/v2\/categories?post=271858"},{"taxonomy":"post_tag","embeddable":true,"href":"https:\/\/www.europesays.com\/es\/wp-json\/wp\/v2\/tags?post=271858"}],"curies":[{"name":"wp","href":"https:\/\/api.w.org\/{rel}","templated":true}]}}