{"id":271862,"date":"2025-12-05T03:47:10","date_gmt":"2025-12-05T03:47:10","guid":{"rendered":"https:\/\/www.europesays.com\/es\/271862\/"},"modified":"2025-12-05T03:47:10","modified_gmt":"2025-12-05T03:47:10","slug":"sony-desvela-el-precio-del-dlc-de-gran-turismo-7-y-la-fecha-exacta-de-su-esperada-actualizacion-gratis-spec-iii-vandal","status":"publish","type":"post","link":"https:\/\/www.europesays.com\/es\/271862\/","title":{"rendered":"Sony desvela el precio del DLC de Gran Turismo 7 y la fecha exacta de su esperada actualizaci\u00f3n gratis Spec III &#8211; Vandal"},"content":{"rendered":"<ol>\n<li><a href=\"https:\/\/news.google.com\/rss\/articles\/CBMi2gFBVV95cUxNS3dGdDVIWHVKVEJuYk5fVHB0N096M1g5RkxwTlM1d29kWTY1aUhEMTdGeEh5TWhzbEgxbjFLRkpuOGd4TXNmTU5PYkk4SWI5ejZ4Qm10T2JPSUw4cFJwaTZVQ0xhSmFjRHNESUVZRVN4Vlk0THJIYUtRc2o3cTNwU19FbmZBZzlVc3dkOTFRZzVLSWo1TjlfNEZQNnEweFozaUtzdThVZGItVlY4VEdjaFVkOUdhazBzWUw5OUpZelJkNTZpc1FhNmJHcnRRWnlmcnFTZXRXWXhqd9IB3wFBVV95cUxNOGZ1VXVSNk92OFFocnk4bWsxWGQ3T0dwVTE3dHV0RWJiV3JuNUhTWDZjQk9adnUwUHlaQTNvTnhZUVp2OXIwRVhHQkYwTjJ5WEhTWVZsUFZrc0U4OW5YRk5DOE5IMmdWR1Nlc2dQZlVWYVQwN1JOdGNFUUxXanU2dU1GWUpnWjZLV1hMNUlZVzZtV1g0N3VSc2N5eWlaeXUyTEdEbWJJRXphdmRpTXZSczhpa2lyaFVPZC0xTVR0M240bUM5M0U5X0lTYXYwSFNKbG9xeXBVWTIwTlN1RkRn?oc=5\" target=\"_blank\" rel=\"nofollow noopener\">Sony desvela el precio del DLC de Gran Turismo 7 y la fecha exacta de su esperada actualizaci\u00f3n gratis Spec III<\/a>&nbsp;&nbsp;Vandal<\/li>\n<li><a href=\"https:\/\/news.google.com\/rss\/articles\/CBMiZ0FVX3lxTFBJVHRBMHU5Ui1HbEhEZnItVnlXQlNfakhvVEM1YzRDeGJIQWI4Yl9hNWNIYnl2eU1UU3NyYnF1SFhtOHBwcVVhLXJhWXVfM0Y0MFdvc2tfUGpWUVV4ZnFVekc2dmF0b0E?oc=5\" target=\"_blank\" rel=\"nofollow noopener\">Aviso de actualizaci\u00f3n (1.65)<\/a>&nbsp;&nbsp;gran-turismo.com<\/li>\n<li><a href=\"https:\/\/news.google.com\/rss\/articles\/CBMiswFBVV95cUxNVHZ0Q0lQeE1uZEJUaFRhRVhWNDY1WE5rWlBnOUJHWl9oQWswb3RhMHRPTVRIRUVMMUs4SWJiVkZMdkY2N1dWT1ZtUkJyM0hJSGxIZTB1T2NoeDVRME1GczY5a3MwM3lBUDRlNHBydHowNk1Zc3h5WGNRREgwLTB0Tk1yLWxOdDFlY1U4ck5mLTFIOHBsa0NFQnRvN3Y5UFJONUVEZHJxUkE1UWlKMk0ya0g3WQ?oc=5\" target=\"_blank\" rel=\"nofollow noopener\">Gran Turismo 7 Spec III y DLC Power Pack, disponible el 4 de diciembre<\/a>&nbsp;&nbsp;PlayStation<\/li>\n<li><a href=\"https:\/\/news.google.com\/rss\/articles\/CBMiuwFBVV95cUxQQTQxTlhoQldNVzQzdHhzcmdLcmM1U28xSEU3VS0xODZVQmswMkRDbjM5ZFplWk9pZVZmVTJiSnk3NjRzOGJkX1dBNHJlSDJrREhHTHNna2ZtVndleHM1TEJqc1FUMThKbUxaMHVfNDFsNTVWZVh3OS0yUGw4RkwxRlhmT2M4d21qLVlWdGdBVFprNnowZXZld0pPaTBfV0FPSlEzTkpudm5JOXdrVnhWSnBYZTkyUDJrZXdN0gG7AUFVX3lxTFBGWUl2Z3FTSVJyVXFGYllwMkhsRzFqelZrdHBwbVB6VnFfOWtjU21BLXVsYmtrQWZ2UkRMbHR1di1LU09oM2ljMk5YTXVFVno2YXBXNlpjekh4OHBOdUVzeThuUmRaVVhlTWdkV3JRZWFvWWFwV3RmQVRJX1NScjdLOC1ScV83LWhUTUxNY2xzRDhkRG95NG5nT0VzNUVxSEN0ZktJUy1JWTZNZk9zNTQwakZoekgtRTUyZWM?oc=5\" target=\"_blank\" rel=\"nofollow noopener\">Llega a Gran Turismo 7 la actualizaci\u00f3n m\u00e1s completa del juego: As\u00ed es Spec III<\/a>&nbsp;&nbsp;MARCA<\/li>\n<li><a href=\"https:\/\/news.google.com\/rss\/articles\/CBMiiwJBVV95cUxPZjRXd1llaFlOaHRYZHh4MkdzMk1WNEk5aXhlcnJIU1BoTnd2M2V5N3BieHZXaXQ2VzNReUtHVmQ0c0MwYm5lVXBZSGhCT1BsWkJZMjFQRVRYQ09nQXVkOU9CMXZQY0hHT2xPeW94TVZvTm1DcVE3YXVXSzVOWGhlZUhsS2drTzhXNUVBeUZzMkpGWHhNUUVYSVYyQ1F0eUdOYVVuREFfS29HWVF4Q0VnWmNjYmxXTG9WM0hEZlhLX19fd1Z3cTFBbXVhcVExVzVXWi1KYVhYR190cXZESUFwZVEwbEhFRE5rVDJXNXA1cHN1SVRSMm9lWjNkS0VTTGdIMHFYNzFYakRuVms?oc=5\" target=\"_blank\" rel=\"nofollow noopener\">Gran Turismo 7 anuncia las novedades de la actualizaci\u00f3n SPEC III que llega el 4 de diciembre<\/a>&nbsp;&nbsp;Hobby Consolas<\/li>\n<\/ol>\n","protected":false},"excerpt":{"rendered":"Sony desvela el precio del DLC de Gran Turismo 7 y la fecha exacta de su esperada actualizaci\u00f3n&hellip;\n","protected":false},"author":2,"featured_media":271863,"comment_status":"","ping_status":"","sticky":false,"template":"","format":"standard","meta":{"footnotes":""},"categories":[81],"tags":[6834,119,123,124,1891,25,24,3956,6499,6498,16745,66693,117,121,122,1032,23,66694,118,120,4664,131],"class_list":{"0":"post-271862","1":"post","2":"type-post","3":"status-publish","4":"format-standard","5":"has-post-thumbnail","7":"category-ciencia-y-tecnologia","8":"tag-6834","9":"tag-ciencia","10":"tag-ciencia-y-tecnologia","11":"tag-cienciaytecnologia","12":"tag-dlc","13":"tag-es","14":"tag-espana","15":"tag-gran","16":"tag-gran-turismo","17":"tag-gran-turismo-7","18":"tag-iii","19":"tag-polyphony-digital","20":"tag-science","21":"tag-science-and-technology","22":"tag-scienceandtechnology","23":"tag-sony","24":"tag-spain","25":"tag-spec","26":"tag-technology","27":"tag-tecnologia","28":"tag-turismo","29":"tag-vandal"},"share_on_mastodon":{"url":"https:\/\/pubeurope.com\/@es\/115664915242691366","error":""},"_links":{"self":[{"href":"https:\/\/www.europesays.com\/es\/wp-json\/wp\/v2\/posts\/271862","targetHints":{"allow":["GET"]}}],"collection":[{"href":"https:\/\/www.europesays.com\/es\/wp-json\/wp\/v2\/posts"}],"about":[{"href":"https:\/\/www.europesays.com\/es\/wp-json\/wp\/v2\/types\/post"}],"author":[{"embeddable":true,"href":"https:\/\/www.europesays.com\/es\/wp-json\/wp\/v2\/users\/2"}],"replies":[{"embeddable":true,"href":"https:\/\/www.europesays.com\/es\/wp-json\/wp\/v2\/comments?post=271862"}],"version-history":[{"count":0,"href":"https:\/\/www.europesays.com\/es\/wp-json\/wp\/v2\/posts\/271862\/revisions"}],"wp:featuredmedia":[{"embeddable":true,"href":"https:\/\/www.europesays.com\/es\/wp-json\/wp\/v2\/media\/271863"}],"wp:attachment":[{"href":"https:\/\/www.europesays.com\/es\/wp-json\/wp\/v2\/media?parent=271862"}],"wp:term":[{"taxonomy":"category","embeddable":true,"href":"https:\/\/www.europesays.com\/es\/wp-json\/wp\/v2\/categories?post=271862"},{"taxonomy":"post_tag","embeddable":true,"href":"https:\/\/www.europesays.com\/es\/wp-json\/wp\/v2\/tags?post=271862"}],"curies":[{"name":"wp","href":"https:\/\/api.w.org\/{rel}","templated":true}]}}