{"id":271868,"date":"2025-12-05T03:51:09","date_gmt":"2025-12-05T03:51:09","guid":{"rendered":"https:\/\/www.europesays.com\/es\/271868\/"},"modified":"2025-12-05T03:51:09","modified_gmt":"2025-12-05T03:51:09","slug":"hacinados-en-sotanos-y-obligados-a-pagar-por-el-transporte-y-la-comida-asi-vivian-322-migrantes-en-fincas-agricolas-de-varias-provincias-espana","status":"publish","type":"post","link":"https:\/\/www.europesays.com\/es\/271868\/","title":{"rendered":"Hacinados en s\u00f3tanos y obligados a pagar por el transporte y la comida: as\u00ed viv\u00edan 322 migrantes en fincas agr\u00edcolas de varias provincias | Espa\u00f1a"},"content":{"rendered":"<p class=\"\">Hacinados en s\u00f3tanos, sin apenas ventilaci\u00f3n y en p\u00e9simas condiciones de higiene y salubridad. As\u00ed malviv\u00edan \u2014el poco tiempo que descansaban\u2014 los 322 migrantes auxiliados por <a href=\"https:\/\/elpais.com\/noticias\/guardia-civil\/\" target=\"_blank\" rel=\"nofollow noopener\" title=\"https:\/\/elpais.com\/noticias\/guardia-civil\/\">la Guardia Civil<\/a> y <a href=\"https:\/\/elpais.com\/noticias\/policia-nacional\/\" target=\"_blank\" rel=\"nofollow noopener\" title=\"https:\/\/elpais.com\/noticias\/policia-nacional\/\">la Polic\u00eda Nacional<\/a> en una macroperaci\u00f3n contra el tr\u00e1fico il\u00edcito de trabajadores extranjeros en varias provincias. La Operaci\u00f3n Franciskan-Everest, bautizada as\u00ed por el origen nepal\u00ed de la mayor\u00eda de las v\u00edctimas, se ha saldado con 11 detenidos pertenecientes a una organizaci\u00f3n criminal que introduc\u00eda a ciudadanos extranjeros de varias nacionalidades para su explotaci\u00f3n laboral en fincas agr\u00edcolas de <a href=\"https:\/\/elpais.com\/noticias\/albacete\/\" target=\"_blank\" rel=\"nofollow noopener\" title=\"https:\/\/elpais.com\/noticias\/albacete\/\">Albacete<\/a>, <a href=\"https:\/\/elpais.com\/noticias\/alicante\/\" target=\"_blank\" rel=\"nofollow noopener\" title=\"https:\/\/elpais.com\/noticias\/alicante\/\">Alicante<\/a>, <a href=\"https:\/\/elpais.com\/noticias\/castellon\/\" target=\"_blank\" rel=\"nofollow noopener\" title=\"https:\/\/elpais.com\/noticias\/castellon\/\">Castell\u00f3n<\/a>, <a href=\"https:\/\/elpais.com\/noticias\/ciudad-real\/\" target=\"_blank\" rel=\"nofollow noopener\" title=\"https:\/\/elpais.com\/noticias\/ciudad-real\/\">Ciudad Real<\/a>, Cuenca, <a href=\"https:\/\/elpais.com\/noticias\/murcia\/\" target=\"_blank\" rel=\"nofollow noopener\" title=\"https:\/\/elpais.com\/noticias\/murcia\/\">Murcia<\/a>, <a href=\"https:\/\/elpais.com\/noticias\/valencia\/\" target=\"_blank\" rel=\"nofollow noopener\" title=\"https:\/\/elpais.com\/noticias\/valencia\/\">Valencia<\/a> y <a href=\"https:\/\/elpais.com\/noticias\/zaragoza\/\" target=\"_blank\" rel=\"nofollow noopener\" title=\"https:\/\/elpais.com\/noticias\/zaragoza\/\">Zaragoza<\/a>. El grueso de la operaci\u00f3n se ha desarrollado en Albacete, con ocho registros en los municipios de Villalgordo del J\u00facar y La Roda.<\/p>\n<p>M\u00e1s informaci\u00f3n<\/p>\n<p class=\"\">Los trabajadores llegaban a Espa\u00f1a con visados de turista <a href=\"https:\/\/elpais.com\/noticias\/schengen\/\" target=\"_blank\" rel=\"nofollow noopener\" title=\"https:\/\/elpais.com\/noticias\/schengen\/\">desde varios pa\u00edses del espacio Schengen<\/a>. Una de las ramificaciones del grupo era la encargada de trasladarlos a las zonas de trabajo y de proporcionarles el alojamiento; aut\u00e9nticos zulos en los que dorm\u00edan en colchones a ras de suelo, sin apenas ventanas y en condiciones de vida, ha explicado la delegada del Gobierno en Castilla-La Mancha, Milagros Tol\u00f3n, \u201ctotalmente indignas e inhumanas\u201d. La delegada ha detallado la operaci\u00f3n desde Albacete, acompa\u00f1ada por varios mandos policiales y miembros de la Inspecci\u00f3n de Trabajo. \u201cUna operaci\u00f3n de enorme alcance y trascendencia que demuestra, una vez m\u00e1s, la capacidad, la coordinaci\u00f3n y el compromiso de las fuerzas y cuerpos de Seguridad del Estado contra la inmigraci\u00f3n y el tr\u00e1fico il\u00edcito de mano de obra\u201d.<\/p>\n<p class=\"\">Las v\u00edctimas, <a href=\"https:\/\/elpais.com\/noticias\/inmigracion-irregular-espana\/\" target=\"_blank\" rel=\"nofollow noopener\" title=\"https:\/\/elpais.com\/noticias\/inmigracion-irregular-espana\/\">294 de ellas en situaci\u00f3n irregular, eran trasladadas a las fincas agr\u00edcolas en furgonetas<\/a>, \u201calgunas sin reunir las debidas condiciones de seguridad\u201d, lo que, seg\u00fan la delegada, <a href=\"https:\/\/elpais.com\/noticias\/accidentes-laborales\/\" target=\"_blank\" rel=\"nofollow noopener\" title=\"https:\/\/elpais.com\/noticias\/accidentes-laborales\/\">provoc\u00f3 varios accidentes de trabajo, en los que incluso lleg\u00f3 a fallecer un trabajador de origen nepal\u00ed<\/a>. Las v\u00edctimas pagaban \u201ccomisiones abusivas\u201d por los desplazamientos, pero tambi\u00e9n, ha detallado Tol\u00f3n, \u201cpor las viviendas que realquilaban e incluso por la comida facilitada en los lugares de trabajo\u201d. Las jornadas laborales superaban, en muchos casos, las 12 horas y algunos trabajadores tardaban meses en cobrar alg\u00fan tipo de prestaci\u00f3n econ\u00f3mica, suplida hasta entonces, \u201cpor una alimentaci\u00f3n muy b\u00e1sica\u201d. \u201cLo que hoy presentamos es la fotograf\u00eda de una aut\u00e9ntica red de abuso laboral\u201d, ha resumido la delegada.<\/p>\n<p>Imagen de uno de los s\u00f3tanos en los que se encontraban hacinados 322 migrantes.&#13;<br \/>\nFoto: Guardia Civil<\/p>\n<p class=\"\">Tol\u00f3n ha trasladado que algunos de los trabajadores auxiliados durante la operaci\u00f3n han sido reubicados en localidades en las que ten\u00edan lazos familiares y otros, los m\u00e1s desprotegidos, han iniciado su regularizaci\u00f3n en Espa\u00f1a. \u201cNuestro objetivo, como siempre, es proteger, acompa\u00f1ar y restablecer la dignidad de las personas afectadas\u201d, ha subrayado Tol\u00f3n, que ha agradecido la colaboraci\u00f3n, en esta labor humanitaria, de la Embajada de Nepal, de asociaciones de ciudadanos nepal\u00edes y de mediadores culturales. Tambi\u00e9n <a href=\"https:\/\/elpais.com\/noticias\/cruz-roja-espanola\/\" target=\"_blank\" rel=\"nofollow noopener\" title=\"https:\/\/elpais.com\/noticias\/cruz-roja-espanola\/\">de Cruz Roja<\/a> y <a href=\"https:\/\/elpais.com\/noticias\/junta-castilla-la-mancha\/\" target=\"_blank\" rel=\"nofollow noopener\" title=\"https:\/\/elpais.com\/noticias\/junta-castilla-la-mancha\/\">del Gobierno de Castilla-La Mancha<\/a>, que han proporcionado alimento y ropa de abrigo. En la operaci\u00f3n se han intervenido tel\u00e9fonos m\u00f3viles, dinero en efectivo, talonarios, material inform\u00e1tico y documentaci\u00f3n fraudulenta, adem\u00e1s de 12 veh\u00edculos, dos de ellos de alta gama.<\/p>\n<p class=\"\">Seis de los 11 detenidos por formar parte de este entramado, y a los que se suman otros dos investigados, han ingresado ya en prisi\u00f3n provisional y sin fianza decretada por el Juzgado de Instrucci\u00f3n de La Roda, que se ha hecho cargo de las actuaciones. A todos se les imputan los delitos de favorecimiento de la inmigraci\u00f3n irregular y tr\u00e1fico il\u00edcito de mano de obra. \u201cContamos con fuerzas y cuerpos de la Seguridad del Estado con una coordinaci\u00f3n y una capacidad operativa ejemplares, con inspectores e inspectoras de Trabajo que realizan una labor incansable, y con un sistema judicial que act\u00faa con determinaci\u00f3n\u201d, ha remarcado Milagros Tol\u00f3n. \u201cLa defensa de los derechos humanos es una prioridad para el Gobierno de Espa\u00f1a y seguiremos trabajando para que ninguna persona sea explotada en nuestro pa\u00eds\u201d, ha insistido. <\/p>\n","protected":false},"excerpt":{"rendered":"Hacinados en s\u00f3tanos, sin apenas ventilaci\u00f3n y en p\u00e9simas condiciones de higiene y salubridad. As\u00ed malviv\u00edan \u2014el poco&hellip;\n","protected":false},"author":2,"featured_media":271869,"comment_status":"","ping_status":"","sticky":false,"template":"","format":"standard","meta":{"footnotes":""},"categories":[8],"tags":[2545,2206,17,18,3965,1940,1942,25,24,26204,3071,13,14,1160,11,590,895,15398,891,19,20,892,890,1478,9,10,15,16,11739,23,12,66695,21,22,235,491],"class_list":{"0":"post-271868","1":"post","2":"type-post","3":"status-publish","4":"format-standard","5":"has-post-thumbnail","7":"category-espana","8":"tag-albacete","9":"tag-alicante","10":"tag-breaking-news","11":"tag-breakingnews","12":"tag-castellon","13":"tag-ciudad-real","14":"tag-cuenca","15":"tag-es","16":"tag-espana","17":"tag-explotacion-laboral","18":"tag-extranjeros","19":"tag-featured-news","20":"tag-featurednews","21":"tag-guardia-civil","22":"tag-headlines","23":"tag-inmigracion","24":"tag-inmigracion-irregular","25":"tag-inmigracion-irregular-espana","26":"tag-inmigrantes","27":"tag-latest-news","28":"tag-latestnews","29":"tag-migracion","30":"tag-migrantes","31":"tag-murcia","32":"tag-news","33":"tag-noticias","34":"tag-noticias-destacadas","35":"tag-noticiasdestacadas","36":"tag-policia-nacional","37":"tag-spain","38":"tag-titulares","39":"tag-trafico-personas","40":"tag-ultimas-noticias","41":"tag-ultimasnoticias","42":"tag-valencia","43":"tag-zaragoza"},"share_on_mastodon":{"url":"","error":"Validation failed: Text character limit of 500 exceeded"},"_links":{"self":[{"href":"https:\/\/www.europesays.com\/es\/wp-json\/wp\/v2\/posts\/271868","targetHints":{"allow":["GET"]}}],"collection":[{"href":"https:\/\/www.europesays.com\/es\/wp-json\/wp\/v2\/posts"}],"about":[{"href":"https:\/\/www.europesays.com\/es\/wp-json\/wp\/v2\/types\/post"}],"author":[{"embeddable":true,"href":"https:\/\/www.europesays.com\/es\/wp-json\/wp\/v2\/users\/2"}],"replies":[{"embeddable":true,"href":"https:\/\/www.europesays.com\/es\/wp-json\/wp\/v2\/comments?post=271868"}],"version-history":[{"count":0,"href":"https:\/\/www.europesays.com\/es\/wp-json\/wp\/v2\/posts\/271868\/revisions"}],"wp:featuredmedia":[{"embeddable":true,"href":"https:\/\/www.europesays.com\/es\/wp-json\/wp\/v2\/media\/271869"}],"wp:attachment":[{"href":"https:\/\/www.europesays.com\/es\/wp-json\/wp\/v2\/media?parent=271868"}],"wp:term":[{"taxonomy":"category","embeddable":true,"href":"https:\/\/www.europesays.com\/es\/wp-json\/wp\/v2\/categories?post=271868"},{"taxonomy":"post_tag","embeddable":true,"href":"https:\/\/www.europesays.com\/es\/wp-json\/wp\/v2\/tags?post=271868"}],"curies":[{"name":"wp","href":"https:\/\/api.w.org\/{rel}","templated":true}]}}