{"id":271888,"date":"2025-12-05T04:13:16","date_gmt":"2025-12-05T04:13:16","guid":{"rendered":"https:\/\/www.europesays.com\/es\/271888\/"},"modified":"2025-12-05T04:13:16","modified_gmt":"2025-12-05T04:13:16","slug":"3-de-diciembre-dia-internacional-de-la-personas-con-discapacidad-en-jodar-por-la-igualdad-real-de-derechos-sociedad","status":"publish","type":"post","link":"https:\/\/www.europesays.com\/es\/271888\/","title":{"rendered":"3 de diciembre &#8216;D\u00eda Internacional de la Personas con Discapacidad&#8217; en J\u00f3dar, \u201c&#8230; Por la igualdad real de derechos &#8230;\u201d | Sociedad"},"content":{"rendered":"<p class=\"loc\">J\u00f3dar<\/p>\n<p>Ayer, 3 de diciembre, &#8216;D\u00eda Internacional de las Personas con Discapacidad&#8217; estaba previsto el acto oficial, organizado por la Asociaci\u00f3n de Personas con Discapacidad Intelectual de J\u00f3dar (ADIJ &#8211; J\u00f3dar) en la Plaza de Espa\u00f1a, que, ante las inclemencias meteorol\u00f3gicas se trasladaba a este jueves, 4 de diciembre, en una ma\u00f1ana muy fr\u00eda.<\/p>\n<p>Ha contado con los escolares de los diferentes colegios de la localidad y usuarios de la propia Asociaci\u00f3n.<\/p>\n<p><img decoding=\"async\" src=\"https:\/\/www.europesays.com\/es\/wp-content\/uploads\/2025\/12\/4EKWWKA3ZZG3JKWIX4FVW2YSEQ.jpeg\" alt=\"Escolares colocan piezas del puzzle\" width=\"16\" height=\"9\"  loading=\"lazy\"\/><\/p>\n<p>Escolares colocan piezas del puzzle \/ Antonio Plaza<\/p>\n<p>Ampliar<img decoding=\"async\" src=\"https:\/\/www.europesays.com\/es\/wp-content\/uploads\/2025\/12\/1764907992_230_4EKWWKA3ZZG3JKWIX4FVW2YSEQ.jpeg\" alt=\"Escolares colocan piezas del puzzle\" width=\"16\" height=\"9\" loading=\"lazy\"\/><\/p>\n<p>Escolares colocan piezas del puzzle \/ Antonio Plaza<\/p>\n<p>Cerrar<\/p>\n<p>Entre todos ha elaborado un mural conmemorativo &#8216;Todos diferentes, todos iguales&#8217;: \u201c&#8230; Inclusi\u00f3n, empat\u00eda, accesibilidad, diversidad, respeto, tolerancia, igualdad, solidaridad, justicia, derechos, comprensi\u00f3n, sensibilidad&#8230;\u201d, y se ha contado con la animaci\u00f3n y coreograf\u00eda por profesoras de la Escuela de Danza.<\/p>\n<p><img decoding=\"async\" src=\"https:\/\/www.europesays.com\/es\/wp-content\/uploads\/2025\/12\/3AJY7KVUX5FF5MQQP6KFBTEM74.jpeg\" alt=\"Puzzle conmemorativo 'Todos iguales, todos diferentes'\" width=\"16\" height=\"9\"  loading=\"lazy\"\/><\/p>\n<p>Puzzle conmemorativo &#8216;Todos iguales, todos diferentes&#8217; \/ Antonio Plaza<\/p>\n<p>Ampliar<img decoding=\"async\" src=\"https:\/\/www.europesays.com\/es\/wp-content\/uploads\/2025\/12\/1764907994_613_3AJY7KVUX5FF5MQQP6KFBTEM74.jpeg\" alt=\"Puzzle conmemorativo 'Todos iguales, todos diferentes'\" width=\"16\" height=\"9\" loading=\"lazy\"\/><\/p>\n<p>Puzzle conmemorativo &#8216;Todos iguales, todos diferentes&#8217; \/ Antonio Plaza<\/p>\n<p>Cerrar<\/p>\n<p>La presidenta de ADIJ J\u00f3dar, Margarita Hidalgo, ha le\u00eddo el manifiesto conmemorativo:<\/p>\n<p><img decoding=\"async\" src=\"https:\/\/www.europesays.com\/es\/wp-content\/uploads\/2025\/12\/ANXSO47HC5GQRHAPRWLY5APMCI.jpeg\" alt=\"La presidenta de ADIJ J\u00f3dar, Margarita Hidalgo, lee el manifiesto en presencia de usuarios\/as de la asociaci\u00f3n\" width=\"16\" height=\"9\"  loading=\"lazy\"\/><\/p>\n<p>La presidenta de ADIJ J\u00f3dar, Margarita Hidalgo, lee el manifiesto en presencia de usuarios\/as de la asociaci\u00f3n \/ Antonio Plaza<\/p>\n<p>Ampliar<img decoding=\"async\" src=\"https:\/\/www.europesays.com\/es\/wp-content\/uploads\/2025\/12\/1764907996_94_ANXSO47HC5GQRHAPRWLY5APMCI.jpeg\" alt=\"La presidenta de ADIJ J\u00f3dar, Margarita Hidalgo, lee el manifiesto en presencia de usuarios\/as de la asociaci\u00f3n\" width=\"16\" height=\"9\" loading=\"lazy\"\/><\/p>\n<p>La presidenta de ADIJ J\u00f3dar, Margarita Hidalgo, lee el manifiesto en presencia de usuarios\/as de la asociaci\u00f3n \/ Antonio Plaza<\/p>\n<p>Cerrar<\/p>\n<p><b>MANIFIESTO PARA EL D\u00cdA DE LA DISCAPACIDAD INTELECTUAL<\/b><\/p>\n<p>\u201c&#8230; Hoy alzamos la voz para recordar que la discapacidad intelectual no define a una persona: la enriquecen sus capacidades, sus sue\u00f1os, su dignidad y su lugar irrenunciable en la sociedad.<\/p>\n<p>Reafirmamos que cada persona con discapacidad intelectual tiene derecho a vivir una vida plena, aut\u00f3noma y respetada. Derecho a aprender, a trabajar, a decidir, a amar, a participar, a ser escuchada y a ser parte activa de su comunidad. Las barreras no est\u00e1n en las personas: est\u00e1n en las miradas, en las normas y en las actitudes que a\u00fan hoy limitan oportunidades que deber\u00edan ser universales.<\/p>\n<p>Queremos aprovechar este d\u00eda para reivindicar <b>la igualdad real de derechos<\/b>, que no sea un principio, sino una pr\u00e1ctica cotidiana. Que ninguna persona sea infantilizada o discriminada.<\/p>\n<p>Un acceso claro y adaptado a la informaci\u00f3n, a la educaci\u00f3n, al empleo, a los servicios p\u00fablicos, a la cultura y a la ciudad<b>. La accesibilidad<\/b> debe estar dise\u00f1ada para todas las personas, sin excepci\u00f3n.<\/p>\n<p>La <b>participaci\u00f3n plena<\/b>, las personas con discapacidad intelectual deben ser protagonistas de las decisiones que afectan su vida. Nada sobre nosotros sin nosotros.<\/p>\n<p><b>Una Inclusi\u00f3n educativa y laboral<\/b>. La escuela y el trabajo son espacios de desarrollo humano. Reclamamos apoyos adecuados, formaci\u00f3n, acompa\u00f1amiento y oportunidades reales para que cada persona pueda desplegar su talento.<\/p>\n<p>Y por \u00faltimo<b>, respeto<\/b>, acompa\u00f1amiento y autonom\u00eda, la sociedad debe acompa\u00f1ar sin sustituir, apoyar sin controlar, creer sin dudar. La autonom\u00eda es un derecho, no un premio.<\/p>\n<p>Hoy celebramos su fuerza, su diversidad, su aportaci\u00f3n \u00fanica y su presencia imprescindible en el mundo. Y renovamos nuestro compromiso para construir comunidades m\u00e1s justas, amables e inclusivas, donde todas las personas puedan vivir con dignidad, libertad y alegr\u00eda.<\/p>\n<p><b>Porque una sociedad que incluye es una sociedad que avanza.Porque la diversidad nos hace humanos.Porque todos contamos&#8230;\u201d<\/b><\/p>\n","protected":false},"excerpt":{"rendered":"J\u00f3dar Ayer, 3 de diciembre, &#8216;D\u00eda Internacional de las Personas con Discapacidad&#8217; estaba previsto el acto oficial, organizado&hellip;\n","protected":false},"author":2,"featured_media":271889,"comment_status":"","ping_status":"","sticky":false,"template":"","format":"standard","meta":{"footnotes":""},"categories":[42],"tags":[17,18,13,14,11,61,62,63,64,19,20,9,10,15,16,12,21,22,65,66,67],"class_list":{"0":"post-271888","1":"post","2":"type-post","3":"status-publish","4":"format-standard","5":"has-post-thumbnail","7":"category-internacional","8":"tag-breaking-news","9":"tag-breakingnews","10":"tag-featured-news","11":"tag-featurednews","12":"tag-headlines","13":"tag-internacional","14":"tag-international","15":"tag-international-news","16":"tag-internationalnews","17":"tag-latest-news","18":"tag-latestnews","19":"tag-news","20":"tag-noticias","21":"tag-noticias-destacadas","22":"tag-noticiasdestacadas","23":"tag-titulares","24":"tag-ultimas-noticias","25":"tag-ultimasnoticias","26":"tag-world","27":"tag-world-news","28":"tag-worldnews"},"share_on_mastodon":{"url":"https:\/\/pubeurope.com\/@es\/115665018576878597","error":""},"_links":{"self":[{"href":"https:\/\/www.europesays.com\/es\/wp-json\/wp\/v2\/posts\/271888","targetHints":{"allow":["GET"]}}],"collection":[{"href":"https:\/\/www.europesays.com\/es\/wp-json\/wp\/v2\/posts"}],"about":[{"href":"https:\/\/www.europesays.com\/es\/wp-json\/wp\/v2\/types\/post"}],"author":[{"embeddable":true,"href":"https:\/\/www.europesays.com\/es\/wp-json\/wp\/v2\/users\/2"}],"replies":[{"embeddable":true,"href":"https:\/\/www.europesays.com\/es\/wp-json\/wp\/v2\/comments?post=271888"}],"version-history":[{"count":0,"href":"https:\/\/www.europesays.com\/es\/wp-json\/wp\/v2\/posts\/271888\/revisions"}],"wp:featuredmedia":[{"embeddable":true,"href":"https:\/\/www.europesays.com\/es\/wp-json\/wp\/v2\/media\/271889"}],"wp:attachment":[{"href":"https:\/\/www.europesays.com\/es\/wp-json\/wp\/v2\/media?parent=271888"}],"wp:term":[{"taxonomy":"category","embeddable":true,"href":"https:\/\/www.europesays.com\/es\/wp-json\/wp\/v2\/categories?post=271888"},{"taxonomy":"post_tag","embeddable":true,"href":"https:\/\/www.europesays.com\/es\/wp-json\/wp\/v2\/tags?post=271888"}],"curies":[{"name":"wp","href":"https:\/\/api.w.org\/{rel}","templated":true}]}}