{"id":271890,"date":"2025-12-05T04:14:08","date_gmt":"2025-12-05T04:14:08","guid":{"rendered":"https:\/\/www.europesays.com\/es\/271890\/"},"modified":"2025-12-05T04:14:08","modified_gmt":"2025-12-05T04:14:08","slug":"pedro-manzano-anuncia-la-finalizacion-de-la-restauracion-de-la-macarena","status":"publish","type":"post","link":"https:\/\/www.europesays.com\/es\/271890\/","title":{"rendered":"Pedro Manzano anuncia la finalizaci\u00f3n de la restauraci\u00f3n de la Macarena"},"content":{"rendered":"<p>04\/12\/2025<br \/>\n<br \/><strong><br \/>\nActualizado a las 18:13h.<br \/>\n<\/strong><\/p>\n<p class=\"voc-p\" style=\"\"><strong>\u00abLa Esperanza Macarena vuelve, y lo hace con la dignidad, la autenticidad y la grandeza que su historia merece\u00bb<\/strong>. <strong>Pedro Manzano,<\/strong> a trav\u00e9s de una carta emitida por la hermandad,<strong> anuncia la finalizaci\u00f3n de la restauraci\u00f3n de la Macarena y, por <\/strong> &#8230; <strong>tanto, la vuelta al culto de la dolorosa<\/strong> tras tres meses de intervenci\u00f3n en las dependencias de la propia corporaci\u00f3n. \u00abHoy, tras meses de dedicaci\u00f3n intensa, puedo anunciaros que este trabajo llega a su fin y que la Virgen volver\u00e1 muy pronto a ocupar el lugar que jam\u00e1s ha dejado en el coraz\u00f3n de los macarenos y de todos los devotos\u00bb. <\/p>\n<p class=\"voc-p\" style=\"\">Para el restaurador, <strong>esta intervenci\u00f3n ha supuesto un importante reto en su dilatada trayectoria profesional<\/strong>, como hace saber en la carta. \u00ab<strong>Cada jornada ante esta imagen ha sido un acto de profundo compromiso.<\/strong> He procurado, con la m\u00e1xima sensibilidad posible, restituir su integridad devocional y devolver esa mirada que tantos reconocen como refugio, consuelo y promesa\u00bb.<\/p>\n<blockquote class=\"twitter-tweet\" data-width=\"550\">\n<p lang=\"es\" dir=\"ltr\">RESTAURACI\u00d3N | Compartimos con nuestros hermanos y con los devotos la carta abierta escrita por Pedro Manzano Beltr\u00e1n en la fase final del proceso de restauraci\u00f3n de la Sagrada Imagen de Mar\u00eda Sant\u00edsima de la Esperanza Macarena.<a href=\"https:\/\/twitter.com\/hashtag\/EsperanzaMacarena?src=hash&amp;ref_src=twsrc%5Etfw\" rel=\"nofollow noopener\" target=\"_blank\">#EsperanzaMacarena<\/a> <a href=\"https:\/\/t.co\/cJBvWIgnJ7\" rel=\"nofollow\">pic.twitter.com\/cJBvWIgnJ7<\/a><\/p>\n<p>\u2014 Hermandad de la Macarena (@Hdad_Macarena) <a href=\"https:\/\/twitter.com\/Hdad_Macarena\/status\/1996610476860706939?ref_src=twsrc%5Etfw\" rel=\"nofollow noopener\" target=\"_blank\">December 4, 2025<\/a><\/p><\/blockquote>\n<p class=\"voc-p\" style=\"\">Por otro lado, <strong>Pedro Manzano admite que la espera ha sido larga<\/strong>. \u00abS\u00e9 que su ausencia ha sido un tiempo de anhelo para todos. <strong>Ese anhelo ha sido mi impulso diario,<\/strong> record\u00e1ndome que cada avance no s\u00f3lo atend\u00eda a la conservaci\u00f3n de una obra excepcional, sino tambi\u00e9n del sentimiento profundo que Ella despierta\u00bb, ha apuntado. <\/p>\n<p class=\"voc-p\" style=\"\"><strong>El escrito lo ha cerrado dando las gracias a la hermandad<\/strong> por la confianza depositada y a todos los que le han acompa\u00f1ado con criterio en este proceso. \u00abHaber servido a la Esperanza Macarena ha sido un honor profesional y humano que dif\u00edcilmente podr\u00e9 olvidar\u00bb.<\/p>\n<p>\nArt\u00edculo solo para suscriptores\n<\/p>\n<p>Reportar un error<\/p>\n<p><script async src=\"https:\/\/platform.twitter.com\/widgets.js\" charset=\"utf-8\"><\/script><\/p>\n","protected":false},"excerpt":{"rendered":"04\/12\/2025 Actualizado a las 18:13h. \u00abLa Esperanza Macarena vuelve, y lo hace con la dignidad, la autenticidad y&hellip;\n","protected":false},"author":2,"featured_media":271891,"comment_status":"","ping_status":"","sticky":false,"template":"","format":"standard","meta":{"footnotes":""},"categories":[8],"tags":[4187,17,18,25,24,13,14,66702,11,19,20,60,8890,9,10,15,16,1822,3802,23,12,21,22],"class_list":{"0":"post-271890","1":"post","2":"type-post","3":"status-publish","4":"format-standard","5":"has-post-thumbnail","7":"category-espana","8":"tag-anuncia","9":"tag-breaking-news","10":"tag-breakingnews","11":"tag-es","12":"tag-espana","13":"tag-featured-news","14":"tag-featurednews","15":"tag-finalizacion","16":"tag-headlines","17":"tag-latest-news","18":"tag-latestnews","19":"tag-macarena","20":"tag-manzano","21":"tag-news","22":"tag-noticias","23":"tag-noticias-destacadas","24":"tag-noticiasdestacadas","25":"tag-pedro","26":"tag-restauracion","27":"tag-spain","28":"tag-titulares","29":"tag-ultimas-noticias","30":"tag-ultimasnoticias"},"share_on_mastodon":{"url":"","error":""},"_links":{"self":[{"href":"https:\/\/www.europesays.com\/es\/wp-json\/wp\/v2\/posts\/271890","targetHints":{"allow":["GET"]}}],"collection":[{"href":"https:\/\/www.europesays.com\/es\/wp-json\/wp\/v2\/posts"}],"about":[{"href":"https:\/\/www.europesays.com\/es\/wp-json\/wp\/v2\/types\/post"}],"author":[{"embeddable":true,"href":"https:\/\/www.europesays.com\/es\/wp-json\/wp\/v2\/users\/2"}],"replies":[{"embeddable":true,"href":"https:\/\/www.europesays.com\/es\/wp-json\/wp\/v2\/comments?post=271890"}],"version-history":[{"count":0,"href":"https:\/\/www.europesays.com\/es\/wp-json\/wp\/v2\/posts\/271890\/revisions"}],"wp:featuredmedia":[{"embeddable":true,"href":"https:\/\/www.europesays.com\/es\/wp-json\/wp\/v2\/media\/271891"}],"wp:attachment":[{"href":"https:\/\/www.europesays.com\/es\/wp-json\/wp\/v2\/media?parent=271890"}],"wp:term":[{"taxonomy":"category","embeddable":true,"href":"https:\/\/www.europesays.com\/es\/wp-json\/wp\/v2\/categories?post=271890"},{"taxonomy":"post_tag","embeddable":true,"href":"https:\/\/www.europesays.com\/es\/wp-json\/wp\/v2\/tags?post=271890"}],"curies":[{"name":"wp","href":"https:\/\/api.w.org\/{rel}","templated":true}]}}