{"id":271892,"date":"2025-12-05T04:15:19","date_gmt":"2025-12-05T04:15:19","guid":{"rendered":"https:\/\/www.europesays.com\/es\/271892\/"},"modified":"2025-12-05T04:15:19","modified_gmt":"2025-12-05T04:15:19","slug":"detienen-al-jefe-de-estupefacientes-de-la-policia-nacional-de-valladolid-3","status":"publish","type":"post","link":"https:\/\/www.europesays.com\/es\/271892\/","title":{"rendered":"Detienen al jefe de Estupefacientes de la Polic\u00eda Nacional de Valladolid"},"content":{"rendered":"<p>El jefe de Estupefacientes de la Polic\u00eda Nacional en Valladolid <strong>ha sido detenido este jueves en una operaci\u00f3n desarrollada por el departamento de Asuntos Internos<\/strong> de Madrid, han informado a EFE fuentes pr\u00f3ximas al caso.<\/p>\n<p>Fuentes pr\u00f3ximas a la investigaci\u00f3n han explicado a EFE que el detenido <strong>est\u00e1 acusado de quedarse con parte de los alijos de droga incautados<\/strong> y una pista que les llevo a ello es que llevaba un alto tren de vida.<\/p>\n<p>El operativo dispuesto ha abarcado, adem\u00e1s, el precinto de parte de algunas zonas de la Comisar\u00eda de Delicias de Valladolid en la que trabaja el arrestado.<\/p>\n<p>Asuntos Internos est\u00e1 tambi\u00e9n tomando declaraci\u00f3n a otros polic\u00edas como testigos dentro del dispositivo establecido, <strong>al parecer relacionado con el tr\u00e1fico de drogas<\/strong>, sin que por el momento hayan trascendido m\u00e1s detalles acerca de una operaci\u00f3n que contin\u00faa abierta.<\/p>\n","protected":false},"excerpt":{"rendered":"El jefe de Estupefacientes de la Polic\u00eda Nacional en Valladolid ha sido detenido este jueves en una operaci\u00f3n&hellip;\n","protected":false},"author":2,"featured_media":271893,"comment_status":"","ping_status":"","sticky":false,"template":"","format":"standard","meta":{"footnotes":""},"categories":[5],"tags":[17,18,25,24,13,14,11,19,20,9,10,15,16,66703,23,12,66704,21,22,1607],"class_list":{"0":"post-271892","1":"post","2":"type-post","3":"status-publish","4":"format-standard","5":"has-post-thumbnail","7":"category-titulares","8":"tag-breaking-news","9":"tag-breakingnews","10":"tag-es","11":"tag-espana","12":"tag-featured-news","13":"tag-featurednews","14":"tag-headlines","15":"tag-latest-news","16":"tag-latestnews","17":"tag-news","18":"tag-noticias","19":"tag-noticias-destacadas","20":"tag-noticiasdestacadas","21":"tag-policu00eda-nacional","22":"tag-spain","23":"tag-titulares","24":"tag-tru00e1fico-de-drogas","25":"tag-ultimas-noticias","26":"tag-ultimasnoticias","27":"tag-valladolid"},"share_on_mastodon":{"url":"","error":""},"_links":{"self":[{"href":"https:\/\/www.europesays.com\/es\/wp-json\/wp\/v2\/posts\/271892","targetHints":{"allow":["GET"]}}],"collection":[{"href":"https:\/\/www.europesays.com\/es\/wp-json\/wp\/v2\/posts"}],"about":[{"href":"https:\/\/www.europesays.com\/es\/wp-json\/wp\/v2\/types\/post"}],"author":[{"embeddable":true,"href":"https:\/\/www.europesays.com\/es\/wp-json\/wp\/v2\/users\/2"}],"replies":[{"embeddable":true,"href":"https:\/\/www.europesays.com\/es\/wp-json\/wp\/v2\/comments?post=271892"}],"version-history":[{"count":0,"href":"https:\/\/www.europesays.com\/es\/wp-json\/wp\/v2\/posts\/271892\/revisions"}],"wp:featuredmedia":[{"embeddable":true,"href":"https:\/\/www.europesays.com\/es\/wp-json\/wp\/v2\/media\/271893"}],"wp:attachment":[{"href":"https:\/\/www.europesays.com\/es\/wp-json\/wp\/v2\/media?parent=271892"}],"wp:term":[{"taxonomy":"category","embeddable":true,"href":"https:\/\/www.europesays.com\/es\/wp-json\/wp\/v2\/categories?post=271892"},{"taxonomy":"post_tag","embeddable":true,"href":"https:\/\/www.europesays.com\/es\/wp-json\/wp\/v2\/tags?post=271892"}],"curies":[{"name":"wp","href":"https:\/\/api.w.org\/{rel}","templated":true}]}}