{"id":271894,"date":"2025-12-05T04:23:14","date_gmt":"2025-12-05T04:23:14","guid":{"rendered":"https:\/\/www.europesays.com\/es\/271894\/"},"modified":"2025-12-05T04:23:14","modified_gmt":"2025-12-05T04:23:14","slug":"fichajes-en-el-baskonia-unicaja-burgos-granada-y-zaragoza-durante-el-paron-de-las-ventanas-fiba","status":"publish","type":"post","link":"https:\/\/www.europesays.com\/es\/271894\/","title":{"rendered":"Fichajes en el Baskonia, Unicaja, Burgos, Granada y Zaragoza durante el par\u00f3n de las ventanas Fiba"},"content":{"rendered":"<p>            <a href=\"https:\/\/encestando.es\/wp-content\/uploads\/2025\/12\/20251204_130357.jpg\" data-caption=\"\" rel=\"nofollow noopener\" target=\"_blank\"><img loading=\"lazy\" decoding=\"async\" width=\"696\" height=\"696\" class=\"entry-thumb td-modal-image\" src=\"https:\/\/www.europesays.com\/es\/wp-content\/uploads\/2025\/12\/20251204_130357-696x696.jpg\"   alt=\"\" title=\"20251204_130357\"\/><\/a><\/p>\n<p>Varios fichajes anunciados en los \u00faltimos d\u00edas durante el par\u00f3n de la liga por los compromisos de las selecciones en la ventana Fiba clasificatoria que hemos tenido.<\/p>\n<p>Ha habido de todo porque el Granada ha perdido para varios meses a dos jugadores por lesi\u00f3n grave en dicha ventana, Valtonen y Kljajic, as\u00ed que les ha tocado moverse con urgencia. El alero William Howard ya est\u00e1 en la ciudad nazar\u00ed, de 203 cent\u00edmetros y 32 a\u00f1os, tiene experiencia en Espa\u00f1a al pasar por las filas del Joventut Badalona y en el B\u00e0squet Girona, conjunto que abandon\u00f3 para concluir la campa\u00f1a 2024\/25 en las filas del Nanterre 92 de la Liga 1 de Francia.<\/p>\n<p>En el Baskonia la cara nueva es Gytis Radzevicius. El alero lituano llega desde el Rytas Vilnius para cubrir la salida de Hamidou Diallo, que pidi\u00f3 al club vitoriano marcharse para jugar de nuevo en China. El nuevo baskonista est\u00e1 promediando esta temporada en la BCL 11,6 puntos, 6,6 rebotes y un destacado 44,4% de acierto desde la l\u00ednea de tres puntos.<\/p>\n<p>En el Unicaja, dos movimientos. El \u00faltimo, el escolta Chase Audige, de 26 a\u00f1os y 1,93 metros con nacionalidad estadounidense y pasaporte jamaicano, condici\u00f3n que le permite jugar con licencia coton\u00fa. Firma hasta final de la presente temporada. Llega procedente del Bosna-Sarajevo de Bosnia y Herzegovina, equipo con el que disputaba este curso la FIBA Europe Cup, donde ha promediado 13,5 puntos, 2,3 robos, 1,4 rebotes y 1,3 asistencias en 8 partidos. En la ABA League, ha firmado 10,6 puntos y 1,9 robos en 7 encuentros.<\/p>\n<p>La semana anterior el refuerzo anunciado fue el p\u00edvot Augustine Rubit, de 36 a\u00f1os, 2,03 metros y nacionalidad estadounidense. El v\u00ednculo con el jugador ser\u00e1 hasta el final de la presente temporada, a expensas de superar el reconocimiento m\u00e9dico. Procede del Lietkabelis lituano, donde adem\u00e1s de la liga del pa\u00eds b\u00e1ltico disputaba la Eurocup, ofreciendo un rendimiento notable y convirti\u00e9ndose en una de las referencias interiores del equipo. Todo ello sin perderse ninguno de los encuentros oficiales del conjunto lituano. En la LKL Rubit ha disputado 10 encuentros, promediando 14 puntos, 6.2 rebotes y 21.9 de eficiencia. En cuanto a sus actuaciones en la Eurocup, en los 8 partidos que ha jugado sus medias son de 15.1 puntos, 4.8 rebotes y 18.6 de valoraci\u00f3n.<\/p>\n<p>Anuncios<\/p>\n<p>En Zaragoza han apostado por la torre Khalifa Koumadje, que estaba libre tras su paso por el Alba Berl\u00edn. Mide 2,24 y tiene 29 a\u00f1os.<\/p>\n<p>En el SP Burgos otro p\u00edvot, Ethan Happ. Despu\u00e9s de 13 meses lesionado ya est\u00e1 recuperado y no entraba en los planes del Valencia Basket, que pag\u00f3 para rescindirle y qued\u00f3 libre.<\/p>\n<p>Anuncios<\/p>\n","protected":false},"excerpt":{"rendered":"Varios fichajes anunciados en los \u00faltimos d\u00edas durante el par\u00f3n de la liga por los compromisos de las&hellip;\n","protected":false},"author":2,"featured_media":271895,"comment_status":"","ping_status":"","sticky":false,"template":"","format":"standard","meta":{"footnotes":""},"categories":[269],"tags":[299,298,168,25,24,23,167],"class_list":{"0":"post-271894","1":"post","2":"type-post","3":"status-publish","4":"format-standard","5":"has-post-thumbnail","7":"category-baloncesto","8":"tag-baloncesto","9":"tag-basketball","10":"tag-deportes","11":"tag-es","12":"tag-espana","13":"tag-spain","14":"tag-sports"},"share_on_mastodon":{"url":"https:\/\/pubeurope.com\/@es\/115665057277578309","error":""},"_links":{"self":[{"href":"https:\/\/www.europesays.com\/es\/wp-json\/wp\/v2\/posts\/271894","targetHints":{"allow":["GET"]}}],"collection":[{"href":"https:\/\/www.europesays.com\/es\/wp-json\/wp\/v2\/posts"}],"about":[{"href":"https:\/\/www.europesays.com\/es\/wp-json\/wp\/v2\/types\/post"}],"author":[{"embeddable":true,"href":"https:\/\/www.europesays.com\/es\/wp-json\/wp\/v2\/users\/2"}],"replies":[{"embeddable":true,"href":"https:\/\/www.europesays.com\/es\/wp-json\/wp\/v2\/comments?post=271894"}],"version-history":[{"count":0,"href":"https:\/\/www.europesays.com\/es\/wp-json\/wp\/v2\/posts\/271894\/revisions"}],"wp:featuredmedia":[{"embeddable":true,"href":"https:\/\/www.europesays.com\/es\/wp-json\/wp\/v2\/media\/271895"}],"wp:attachment":[{"href":"https:\/\/www.europesays.com\/es\/wp-json\/wp\/v2\/media?parent=271894"}],"wp:term":[{"taxonomy":"category","embeddable":true,"href":"https:\/\/www.europesays.com\/es\/wp-json\/wp\/v2\/categories?post=271894"},{"taxonomy":"post_tag","embeddable":true,"href":"https:\/\/www.europesays.com\/es\/wp-json\/wp\/v2\/tags?post=271894"}],"curies":[{"name":"wp","href":"https:\/\/api.w.org\/{rel}","templated":true}]}}