{"id":271896,"date":"2025-12-05T04:24:13","date_gmt":"2025-12-05T04:24:13","guid":{"rendered":"https:\/\/www.europesays.com\/es\/271896\/"},"modified":"2025-12-05T04:24:13","modified_gmt":"2025-12-05T04:24:13","slug":"cuando-juega-el-betis-los-1-16-de-copa-del-rey-sorteo-y-rivales-2","status":"publish","type":"post","link":"https:\/\/www.europesays.com\/es\/271896\/","title":{"rendered":"Cu\u00e1ndo juega el Betis los 1\/16 de Copa del Rey: sorteo y rivales"},"content":{"rendered":"\n<p>M\u00e1s noticias<\/p>\n<p><a class=\"info_masnoticias\" href=\"https:\/\/www.eldesmarque.com\/futbol\/real-betis\/\" rel=\"nofollow noopener\" target=\"_blank\"><br \/>\nM\u00e1s de<br \/>\nM\u00e1s noticias de<br \/>\nReal Betis<br \/>\n<\/a><\/p>\n<p>El <strong>Real Betis<\/strong> estar\u00e1 en la pr\u00f3xima ronda de la <strong>Copa del Rey.<\/strong> La victoria lograda este martes <a href=\"https:\/\/www.eldesmarque.com\/futbol\/real-betis\/20251203\/torrent-betis-directo-copa-del-rey-goles-mejores-jugadas-ultima-hora-d1rect0_300824842.html\" rel=\"nofollow noopener\" target=\"_blank\"><strong>contra el Torrent (1-4)<\/strong> <\/a>coloca a los de Manuel Pellegrini entre los treintaid\u00f3s mejores del torneo del KO. De esta manera, el conjunto verdiblanco estar\u00e1 <strong>el pr\u00f3ximo 9 de diciembre en el sorteo<\/strong> de los 1\/16 de final. Se han clasificado un total de 17 equipos de Primera Divisi\u00f3n, por lo que habr\u00e1 un enfrentamiento entre equipos de la m\u00e1xima categor\u00eda. As\u00ed las cosas,<strong> podr\u00eda darse un derbi contra el Sevilla FC.<\/strong><\/p>\n<p>\u00bfC\u00f3mo funciona y cu\u00e1ndo es el sorteo?<\/p>\n<p>El sorteo se celebrar\u00e1 el pr\u00f3ximo <strong>martes 9 de diciembre<\/strong> en el Sal\u00f3n Luis Aragon\u00e9s. En esta ronda (dieciseisavos de final) entrar\u00e1n ya los cuatro equipos que participar\u00e1n en la Supercopa de Espa\u00f1a: FC Barcelona, Real Madrid CF, Club Atl\u00e9tico de Madrid y Athletic Club. Estos s<strong>e aseguran jugar contra un rival de Primera o Segunda RFEF.<\/strong><\/p>\n<p>El sorteo se realizar\u00e1<strong> a las 13:00 horas<\/strong> y se podr\u00e1 seguir en directo a trav\u00e9s de Movistar y en Teledeporte, en abierto, as\u00ed como v\u00eda streaming (Youtube) por los medios oficiales de la RFEF.<\/p>\n<p>El Betis jugar\u00e1 el jueves 18<\/p>\n<p>Las eliminatorias seguir\u00e1n siendo a partido \u00fanico y en el estadio del rival de menor categor\u00eda. En caso de enfrentarse dos de la misma divisi\u00f3n, se jugar\u00e1 en el campo del primer equipo que salga en el bombo. Los encuentros ser\u00e1n entre el martes 16, el mi\u00e9rcoles 17 y el jueves 18 del mismo mes.<\/p>\n<p><strong>Es seguro que el Real Betis jugar\u00e1 el jueves 18<\/strong>, dado que tres d\u00edas antes (el lunes) visita al Rayo y el domingo de esa misma semana despide el a\u00f1o contra el Getafe.<\/p>\n<p>Clasificados y posibles rivales<\/p>\n<p><strong>Equipos de la Supercopa:<\/strong> Real Madrid, FC Barcelona, Atl\u00e9tico de Madrid y Athletic Club. Estos cuatro se aseguran jugar contra rivales de categor\u00eda menor.<\/p>\n<p><strong>Primera Divisi\u00f3n<\/strong>: CA Osasuna, Alav\u00e9s, RCD Mallorca, Getafe, Real Betis, Real Sociedad, Levante, Villarreal, Rayo Vallecano, Sevilla FC, Celta de Vigo, Valencia y Elche.<\/p>\n<p><strong>Segunda Divisi\u00f3n:<\/strong> Huesca, Cultural Leonesa, Deportivo, Racing de Santander, Sporting de Gij\u00f3n, \u00c9ibar, Burgos, Granada y Albacete.<\/p>\n<p><strong>Primera RFEF:<\/strong> CD Eldense, Real Murcia, Talavera, CF Guadalajara y CD Ourense.<\/p>\n<p>S<strong>egunda RFEF:<\/strong> Atl\u00e9tico Baleares.<\/p>\n<p><img loading=\"lazy\" decoding=\"async\" src=\"https:\/\/www.europesays.com\/es\/wp-content\/uploads\/2025\/12\/749040f2fb9752b8d7758e79a7f725bf7d425848wjpg.jpg\" width=\"660\" height=\"440\" alt=\"Rodrigo Riquelme celebra su gol al Torrent (Foto: EFE)\"\/><br \/>\nRodrigo Riquelme celebra su gol al Torrent (Foto: EFE)<\/p>\n","protected":false},"excerpt":{"rendered":"M\u00e1s noticias M\u00e1s de M\u00e1s noticias de Real Betis El Real Betis estar\u00e1 en la pr\u00f3xima ronda de&hellip;\n","protected":false},"author":2,"featured_media":270237,"comment_status":"","ping_status":"","sticky":false,"template":"","format":"standard","meta":{"footnotes":""},"categories":[268],"tags":[168,25,24,280,282,281,23,167],"class_list":{"0":"post-271896","1":"post","2":"type-post","3":"status-publish","4":"format-standard","5":"has-post-thumbnail","7":"category-futbol","8":"tag-deportes","9":"tag-es","10":"tag-espana","11":"tag-football","12":"tag-futbol","13":"tag-soccer","14":"tag-spain","15":"tag-sports"},"share_on_mastodon":{"url":"https:\/\/pubeurope.com\/@es\/115665061041565024","error":""},"_links":{"self":[{"href":"https:\/\/www.europesays.com\/es\/wp-json\/wp\/v2\/posts\/271896","targetHints":{"allow":["GET"]}}],"collection":[{"href":"https:\/\/www.europesays.com\/es\/wp-json\/wp\/v2\/posts"}],"about":[{"href":"https:\/\/www.europesays.com\/es\/wp-json\/wp\/v2\/types\/post"}],"author":[{"embeddable":true,"href":"https:\/\/www.europesays.com\/es\/wp-json\/wp\/v2\/users\/2"}],"replies":[{"embeddable":true,"href":"https:\/\/www.europesays.com\/es\/wp-json\/wp\/v2\/comments?post=271896"}],"version-history":[{"count":0,"href":"https:\/\/www.europesays.com\/es\/wp-json\/wp\/v2\/posts\/271896\/revisions"}],"wp:featuredmedia":[{"embeddable":true,"href":"https:\/\/www.europesays.com\/es\/wp-json\/wp\/v2\/media\/270237"}],"wp:attachment":[{"href":"https:\/\/www.europesays.com\/es\/wp-json\/wp\/v2\/media?parent=271896"}],"wp:term":[{"taxonomy":"category","embeddable":true,"href":"https:\/\/www.europesays.com\/es\/wp-json\/wp\/v2\/categories?post=271896"},{"taxonomy":"post_tag","embeddable":true,"href":"https:\/\/www.europesays.com\/es\/wp-json\/wp\/v2\/tags?post=271896"}],"curies":[{"name":"wp","href":"https:\/\/api.w.org\/{rel}","templated":true}]}}