{"id":271901,"date":"2025-12-05T04:31:11","date_gmt":"2025-12-05T04:31:11","guid":{"rendered":"https:\/\/www.europesays.com\/es\/271901\/"},"modified":"2025-12-05T04:31:11","modified_gmt":"2025-12-05T04:31:11","slug":"sevilla-las-notas-de-los-jugadores-abrazo-del-oso-para-llegar-a-dieciseisavos","status":"publish","type":"post","link":"https:\/\/www.europesays.com\/es\/271901\/","title":{"rendered":"Sevilla, las notas de los jugadores: abrazo del Oso para llegar a dieciseisavos"},"content":{"rendered":"<p>As\u00ed jugaron<\/p>\n<p>NYLAND<\/p>\n<p>APROBADO<\/p>\n<p>Buenas intervenciones durante el partido pese a que sigue dejando intranquilo a todos los sevillistas. No pudo hacer nada por evitar el gol.  <\/p>\n<p>JUANLU<\/p>\n<p>APROBADO<\/p>\n<p>Apenas dur\u00f3 media hora en el partido. La pesadilla del Sevilla durante esta temporada se llama -adem\u00e1s de &#8216;derrota&#8217;- &#8216;lesi\u00f3n muscular&#8217;. <\/p>\n<p>CARDOSO<\/p>\n<p>SUSPENSO<\/p>\n<p>Como la gesti\u00f3n de la junta de gobierno de la Macarena en la intervenci\u00f3n de la virgen: todo lo hizo tarde y mal. Retratado en el gol de Zarfino y en alguna acci\u00f3n m\u00e1s.  <\/p>\n<p>KIKE SALAS<\/p>\n<p>SUSPENSO<\/p>\n<p>Casi que justific\u00f3 que Almeyda no lo tenga en cuenta como uno de sus centrales favoritos. Intent\u00f3 alzar la voz, pero no se le tom\u00f3 en cuenta. <\/p>\n<p>OSO<\/p>\n<p>NOTABLE<\/p>\n<p>El canterano fue el mejor de la primera parte en clave sevillista. Asistencia en el primero y pre-asistencia en el segundo. Minutos para creer que hay alternativas en el lateral zurdo. <\/p>\n<p>GUDELJ<\/p>\n<p>APROBADO<\/p>\n<p>M\u00e1s cintas en la cabeza que f\u00fatbol en sus actuales botas, aunque no desenton\u00f3 en la noche extreme\u00f1a. <\/p>\n<p>JOAN JORD\u00c1N<\/p>\n<p>SUSPENSO<\/p>\n<p>Vuelta al c\u00e9sped como sevillista dos a\u00f1os y medio despu\u00e9s&#8230; y mismos errores del pasado. En el primer tiempo cometi\u00f3 dos p\u00e9rdidas m\u00e1s que peligrosas.  <\/p>\n<p>AGOUM\u00c9<\/p>\n<p>APROBADO<\/p>\n<p>Tranquilo e impasible en un equipo al borde del ataque de nervios. Le sirvi\u00f3 para encontrar a Isaac en la frontal en el segundo gol. <\/p>\n<p>ALFON<\/p>\n<p>BIEN<\/p>\n<p>Persigui\u00f3 el gol y lo consigui\u00f3. El albacete\u00f1o sabe que est\u00e1 ante su momento de hacerse importante en el equipo y quiere aprovecharlo. <\/p>\n<p>ALEXIS<\/p>\n<p>SUSPENSO<\/p>\n<p>Hay que evitar sacarlo por la noche con el fr\u00edo que hace, que hay que cuidar m\u00e1s a las personas mayores. Horrible partido del chileno. <\/p>\n<p>ISAAC<\/p>\n<p>BIEN<\/p>\n<p>Se pele\u00f3 otra vez con todos, aunque al menos gana un mini-punto de redenci\u00f3n con su buen gol. Pudo hacer alguno m\u00e1s, pero el portero y el larguero lo impidieron. <\/p>\n<p>CARMONA<\/p>\n<p>SUSPENSO<\/p>\n<p>Siempre arriesgando y en no pocas ocasiones fallando. <\/p>\n<p>SOW<\/p>\n<p>APROBADO<\/p>\n<p>Le dio algo m\u00e1s de temple al equipo. <\/p>\n<p>EJUKE<\/p>\n<p>APROBADO<\/p>\n<p>Vistoso pero poco efectivo<\/p>\n<p>ALMEYDA<\/p>\n<p>APROBADO<\/p>\n<p>El equipo cumpli\u00f3 expediente. La buena prueba para saber si hay reacci\u00f3n llegar\u00e1 el domingo. <\/p>\n","protected":false},"excerpt":{"rendered":"As\u00ed jugaron NYLAND APROBADO Buenas intervenciones durante el partido pese a que sigue dejando intranquilo a todos los&hellip;\n","protected":false},"author":2,"featured_media":271902,"comment_status":"","ping_status":"","sticky":false,"template":"","format":"standard","meta":{"footnotes":""},"categories":[93],"tags":[168,25,24,7234,2713,17754,1171,23,167],"class_list":{"0":"post-271901","1":"post","2":"type-post","3":"status-publish","4":"format-standard","5":"has-post-thumbnail","7":"category-deportes","8":"tag-deportes","9":"tag-es","10":"tag-espana","11":"tag-extremadura","12":"tag-jugadores","13":"tag-notas","14":"tag-sevilla","15":"tag-spain","16":"tag-sports"},"share_on_mastodon":{"url":"https:\/\/pubeurope.com\/@es\/115665088213871184","error":""},"_links":{"self":[{"href":"https:\/\/www.europesays.com\/es\/wp-json\/wp\/v2\/posts\/271901","targetHints":{"allow":["GET"]}}],"collection":[{"href":"https:\/\/www.europesays.com\/es\/wp-json\/wp\/v2\/posts"}],"about":[{"href":"https:\/\/www.europesays.com\/es\/wp-json\/wp\/v2\/types\/post"}],"author":[{"embeddable":true,"href":"https:\/\/www.europesays.com\/es\/wp-json\/wp\/v2\/users\/2"}],"replies":[{"embeddable":true,"href":"https:\/\/www.europesays.com\/es\/wp-json\/wp\/v2\/comments?post=271901"}],"version-history":[{"count":0,"href":"https:\/\/www.europesays.com\/es\/wp-json\/wp\/v2\/posts\/271901\/revisions"}],"wp:featuredmedia":[{"embeddable":true,"href":"https:\/\/www.europesays.com\/es\/wp-json\/wp\/v2\/media\/271902"}],"wp:attachment":[{"href":"https:\/\/www.europesays.com\/es\/wp-json\/wp\/v2\/media?parent=271901"}],"wp:term":[{"taxonomy":"category","embeddable":true,"href":"https:\/\/www.europesays.com\/es\/wp-json\/wp\/v2\/categories?post=271901"},{"taxonomy":"post_tag","embeddable":true,"href":"https:\/\/www.europesays.com\/es\/wp-json\/wp\/v2\/tags?post=271901"}],"curies":[{"name":"wp","href":"https:\/\/api.w.org\/{rel}","templated":true}]}}