{"id":271905,"date":"2025-12-05T04:35:12","date_gmt":"2025-12-05T04:35:12","guid":{"rendered":"https:\/\/www.europesays.com\/es\/271905\/"},"modified":"2025-12-05T04:35:12","modified_gmt":"2025-12-05T04:35:12","slug":"los-problemas-de-los-paneles-metalicos-de-algunos-a320-apuntan-al-proveedor-espanol-sofitec-aero","status":"publish","type":"post","link":"https:\/\/www.europesays.com\/es\/271905\/","title":{"rendered":"Los problemas de los paneles met\u00e1licos de algunos A320 apuntan al proveedor espa\u00f1ol Sofitec Aero"},"content":{"rendered":"<p>El problema de calidad industrial que afecta a los paneles met\u00e1licos de 68 aviones A320 apunta al proveedor sevillano Sofitec Aero, seg\u00fan una presentaci\u00f3n dirigida por Airbus a aerol\u00edneas y a la que tuvo acceso la agencia Reuters.<\/p>\n<p>Como inform\u00f3 este diario el pasado martes, Airbus anunci\u00f3 que, despu\u00e9s de detectados los problemas de software en<strong> unos 6.000 aviones de la Familia A320<\/strong>, se hab\u00eda descubierto un problema de calidad industrial que afecta los paneles met\u00e1licos de un n\u00famero limitado de aeronaves de la familia A320<\/p>\n<p>En un comunicado enviado por correo electr\u00f3nico a Reuters,\u00a0un portavoz de Airbus indic\u00f3 que la empresa estaba inspeccionando todos los aviones potencialmente afectados y que solo una parte de ellas requerir\u00e1 acciones adicionales. \u00abLa fuente del problema ha sido identificada, contenida y todos los paneles producidos recientemente cumplen con todos los requisitos\u00bb, afirm\u00f3 el portavoz de Airbus. Y a\u00f1adi\u00f3 que se trata de <strong>un problema relacionado con un proveedor<\/strong>, aunque declin\u00f3 identificarlo.<\/p>\n<p>Seg\u00fan explic\u00f3 luego el CEO de Airbus, Guillaume Faury, \u201cse est\u00e1 evaluando la situaci\u00f3n\u2026 y estamos tratando de entender la naturaleza del impacto que tiene en nuestras operaciones\u00bb.<\/p>\n<p>Al parecer, la empresa espa\u00f1ola Sofitec es uno de los dos proveedores de esas piezas y concretamente, seg\u00fan Airbus, son las fabricadas por la firma sevillana<strong> las que presentan un grosor incorrecto<\/strong>, tal como adelant\u00f3 el peri\u00f3dico The Wall Street Journal y luego confirmado por Reuters y Bloobaerg.<\/p>\n","protected":false},"excerpt":{"rendered":"El problema de calidad industrial que afecta a los paneles met\u00e1licos de 68 aviones A320 apunta al proveedor&hellip;\n","protected":false},"author":2,"featured_media":271906,"comment_status":"","ping_status":"","sticky":false,"template":"","format":"standard","meta":{"footnotes":""},"categories":[80],"tags":[65957,82,95,94,25,24,65958,66706,23],"class_list":{"0":"post-271905","1":"post","2":"type-post","3":"status-publish","4":"format-standard","5":"has-post-thumbnail","7":"category-economia","8":"tag-a320","9":"tag-business","10":"tag-economia","11":"tag-economy","12":"tag-es","13":"tag-espana","14":"tag-paneles-metalicos","15":"tag-sofitec-aero","16":"tag-spain"},"share_on_mastodon":{"url":"https:\/\/pubeurope.com\/@es\/115665104091304864","error":""},"_links":{"self":[{"href":"https:\/\/www.europesays.com\/es\/wp-json\/wp\/v2\/posts\/271905","targetHints":{"allow":["GET"]}}],"collection":[{"href":"https:\/\/www.europesays.com\/es\/wp-json\/wp\/v2\/posts"}],"about":[{"href":"https:\/\/www.europesays.com\/es\/wp-json\/wp\/v2\/types\/post"}],"author":[{"embeddable":true,"href":"https:\/\/www.europesays.com\/es\/wp-json\/wp\/v2\/users\/2"}],"replies":[{"embeddable":true,"href":"https:\/\/www.europesays.com\/es\/wp-json\/wp\/v2\/comments?post=271905"}],"version-history":[{"count":0,"href":"https:\/\/www.europesays.com\/es\/wp-json\/wp\/v2\/posts\/271905\/revisions"}],"wp:featuredmedia":[{"embeddable":true,"href":"https:\/\/www.europesays.com\/es\/wp-json\/wp\/v2\/media\/271906"}],"wp:attachment":[{"href":"https:\/\/www.europesays.com\/es\/wp-json\/wp\/v2\/media?parent=271905"}],"wp:term":[{"taxonomy":"category","embeddable":true,"href":"https:\/\/www.europesays.com\/es\/wp-json\/wp\/v2\/categories?post=271905"},{"taxonomy":"post_tag","embeddable":true,"href":"https:\/\/www.europesays.com\/es\/wp-json\/wp\/v2\/tags?post=271905"}],"curies":[{"name":"wp","href":"https:\/\/api.w.org\/{rel}","templated":true}]}}