{"id":271907,"date":"2025-12-05T04:36:18","date_gmt":"2025-12-05T04:36:18","guid":{"rendered":"https:\/\/www.europesays.com\/es\/271907\/"},"modified":"2025-12-05T04:36:18","modified_gmt":"2025-12-05T04:36:18","slug":"las-aerolineas-panamenas-copa-airlines-y-wingo-suspenden-vuelos-a-venezuela-por-dos-dias","status":"publish","type":"post","link":"https:\/\/www.europesays.com\/es\/271907\/","title":{"rendered":"Las aerol\u00edneas paname\u00f1as Copa Airlines y Wingo suspenden vuelos a Venezuela por dos d\u00edas"},"content":{"rendered":"<p>    <img src=\"https:\/\/www.europesays.com\/es\/wp-content\/uploads\/2025\/12\/2025-12-04T053A183A45Z-90581263.jpg\" width=\"1024\" height=\"647\" alt=\"\" loading=\"eager\" decoding=\"sync\" fetchpriority=\"high\"\/><\/p>\n<p>            afp_tickers        <\/p>\n<p>        Este contenido fue publicado en    <\/p>\n<p>        04 diciembre 2025 &#8211; 17:28\n<\/p>\n<p>Las aerol\u00edneas paname\u00f1as Copa Airlines y Wingo\u00a0suspendieron el mi\u00e9rcoles vuelos hacia y desde Venezuela por dos d\u00edas, sum\u00e1ndose a la cancelaci\u00f3n temporal de otras ocho compa\u00f1\u00edas ante una alerta de la autoridad aeron\u00e1utica estadounidense por un incremento en la actividad militar en el Caribe.<\/p>\n<p>El pasado 21 de noviembre la Administraci\u00f3n Federal de Aviaci\u00f3n (FAA) estadounidense inst\u00f3 a las aeronaves que circulan por el espacio a\u00e9reo venezolano a \u00abextremar la precauci\u00f3n\u00bb debido al \u00abempeoramiento de la situaci\u00f3n de seguridad y al aumento de la actividad militar en Venezuela y sus alrededores\u00bb.<\/p>\n<p>Estados Unidos despleg\u00f3 desde agosto una flotilla de buques y aviones de combate en el Caribe, seg\u00fan justifica, para su lucha antinarc\u00f3ticos. Caracas sostiene que las maniobras militares buscan el derrocamiento del presidente venezolano Nicol\u00e1s Maduro.<\/p>\n<p>Esto provoc\u00f3 que las espa\u00f1olas Iberia, Air Europa, Plus Ultra, la portuguesa TAP, la colombiana Avianca, la brasile\u00f1a GOL, la chilena Latam y Turkish suspendieran operaciones temporalmente. El gobierno venezolano les revoc\u00f3 luego las concesiones al acusarlas de \u00absumarse a las acciones de terrorismo de Estado promovidas\u00bb por Estados Unidos.<\/p>\n<p>Copa Airlines y Wingo eran de las pocas aerol\u00edneas internacionales que segu\u00edan operando desde y hacia la capital de Venezuela en medio de las agravadas tensiones entre Caracas y Washington.\u00a0<\/p>\n<p>Ambas aerol\u00edneas informaron la noche del mi\u00e9rcoles en sendos comunicados que \u00abdebido a intermitencias en una de las se\u00f1ales de navegaci\u00f3n de las aeronaves\u00bb reportadas por sus pilotos tomaron \u00abla decisi\u00f3n preventiva de suspender temporalmente los vuelos desde y hacia Caracas el jueves 4 y viernes 5 de diciembre de 2025\u00bb. Se espera nueva informaci\u00f3n en las pr\u00f3ximas horas.<\/p>\n<p>El Instituto Aeron\u00e1utico Civil dijo que la suspensi\u00f3n se dio \u00abprevia coordinaci\u00f3n\u00bb entre las partes. \u00abEsperamos que dichas l\u00edneas a\u00e9reas puedan reiniciar sus operaciones en el tiempo acordado\u00bb, a\u00f1adi\u00f3, y ratific\u00f3 \u00abla operatividad y seguridad\u00bb del espacio a\u00e9reo venezolano.\u00a0<\/p>\n<p>El canciller venezolano, Yv\u00e1n Gil, dijo en la v\u00edspera que \u00ablas operaciones a\u00e9reas est\u00e1n funcionando\u00bb.<\/p>\n<p>\u00abVenezuela ejerce plena soberan\u00eda sobre su espacio a\u00e9reo, no hay fuerza capaz que le quite la soberan\u00eda al pueblo y al gobierno de Venezuela sobre su territorio\u00bb, se\u00f1al\u00f3 Gil al recibir un avi\u00f3n desde Estados Unidos con venezolanos deportados desde ese pa\u00eds.<\/p>\n<p>mbj-ba\/atm\/mel<\/p>\n","protected":false},"excerpt":{"rendered":"afp_tickers Este contenido fue publicado en 04 diciembre 2025 &#8211; 17:28 Las aerol\u00edneas paname\u00f1as Copa Airlines y Wingo\u00a0suspendieron&hellip;\n","protected":false},"author":2,"featured_media":271908,"comment_status":"","ping_status":"","sticky":false,"template":"","format":"standard","meta":{"footnotes":""},"categories":[42],"tags":[22914,11642,17,18,82,636,4170,11643,13,14,4437,11,61,62,63,64,19,20,9,10,15,16,88,90,12,22917,21,22,65,66,67],"class_list":{"0":"post-271907","1":"post","2":"type-post","3":"status-publish","4":"format-standard","5":"has-post-thumbnail","7":"category-internacional","8":"tag-air-transport","9":"tag-armed-forces","10":"tag-breaking-news","11":"tag-breakingnews","12":"tag-business","13":"tag-conflict","14":"tag-crisis","15":"tag-defence","16":"tag-featured-news","17":"tag-featurednews","18":"tag-government","19":"tag-headlines","20":"tag-internacional","21":"tag-international","22":"tag-international-news","23":"tag-internationalnews","24":"tag-latest-news","25":"tag-latestnews","26":"tag-news","27":"tag-noticias","28":"tag-noticias-destacadas","29":"tag-noticiasdestacadas","30":"tag-politics","31":"tag-ticker","32":"tag-titulares","33":"tag-transport","34":"tag-ultimas-noticias","35":"tag-ultimasnoticias","36":"tag-world","37":"tag-world-news","38":"tag-worldnews"},"share_on_mastodon":{"url":"","error":"Validation failed: Text character limit of 500 exceeded"},"_links":{"self":[{"href":"https:\/\/www.europesays.com\/es\/wp-json\/wp\/v2\/posts\/271907","targetHints":{"allow":["GET"]}}],"collection":[{"href":"https:\/\/www.europesays.com\/es\/wp-json\/wp\/v2\/posts"}],"about":[{"href":"https:\/\/www.europesays.com\/es\/wp-json\/wp\/v2\/types\/post"}],"author":[{"embeddable":true,"href":"https:\/\/www.europesays.com\/es\/wp-json\/wp\/v2\/users\/2"}],"replies":[{"embeddable":true,"href":"https:\/\/www.europesays.com\/es\/wp-json\/wp\/v2\/comments?post=271907"}],"version-history":[{"count":0,"href":"https:\/\/www.europesays.com\/es\/wp-json\/wp\/v2\/posts\/271907\/revisions"}],"wp:featuredmedia":[{"embeddable":true,"href":"https:\/\/www.europesays.com\/es\/wp-json\/wp\/v2\/media\/271908"}],"wp:attachment":[{"href":"https:\/\/www.europesays.com\/es\/wp-json\/wp\/v2\/media?parent=271907"}],"wp:term":[{"taxonomy":"category","embeddable":true,"href":"https:\/\/www.europesays.com\/es\/wp-json\/wp\/v2\/categories?post=271907"},{"taxonomy":"post_tag","embeddable":true,"href":"https:\/\/www.europesays.com\/es\/wp-json\/wp\/v2\/tags?post=271907"}],"curies":[{"name":"wp","href":"https:\/\/api.w.org\/{rel}","templated":true}]}}