{"id":271913,"date":"2025-12-05T04:42:13","date_gmt":"2025-12-05T04:42:13","guid":{"rendered":"https:\/\/www.europesays.com\/es\/271913\/"},"modified":"2025-12-05T04:42:13","modified_gmt":"2025-12-05T04:42:13","slug":"argentina-lidera-en-el-inicio-de-la-copa-fay-crocker","status":"publish","type":"post","link":"https:\/\/www.europesays.com\/es\/271913\/","title":{"rendered":"Argentina lidera en el inicio de la Copa Fay Crocker"},"content":{"rendered":"<p><img fetchpriority=\"high\" decoding=\"async\" class=\"alignnone size-full wp-image-117817\" src=\"https:\/\/www.europesays.com\/es\/wp-content\/uploads\/2025\/12\/copa-fay-crocker-copia-2.jpeg\" alt=\"\" width=\"1517\" height=\"605\"  \/><\/p>\n<p>Tras la conclusi\u00f3n de la primera ronda en el Club de Golf de Uruguay, el argentino Nicanor Raminger lidera el Campeonato Abierto de Golf para Aficionados Ciudad de Montevideo con 71 golpes, uno menos que sus compatriotas Augusto Oliva y Ramiro Acevedo, y que el uruguayo Juan Pablo Carrere. En Damas, la clasificaci\u00f3n tiene como puntera a Jimena Marques Vazquez de Uruguay con 73 golpes, seguida por la argentina, y representante de la AAG en este caso, Lucila Quiroga. Victoria Perotti (AAG) es la segunda argentina mejor ubicada registrando 80 golpes.<\/p>\n<p>En lo que refiere a las competencia por pa\u00edses, las argentinas Quiroga y Perotti lideran en la Copa Fay Crocker; lo hacen con 155 golpes. Por su parte, la Federaci\u00f3n Brasilera de Golf se ubica al frente de la Copa Arquitecto Guillermo Armas con 151 golpes, en tanto el equipo argentino integrado por Tom\u00e1s Giordani y Jerem\u00edas Porta Araoz est\u00e1 en la cuarta posici\u00f3n con una sumatoria de 153.<\/p>\n<p><strong>Informaci\u00f3n previa<\/strong><\/p>\n<p>El Club de Golf de Uruguay celebra una nueva edici\u00f3n del Campeonato Abierto de Golf para Aficionados Ciudad de Montevideo. Con la presencia de varios representantes de nuestro pa\u00eds, este jueves comenzar\u00e1 la competencia que tiene como \u00faltimo ganador a Segundo Oliva Pinto. Adem\u00e1s, el cordob\u00e9s y Gonzalo Merlini fueron los ganadores en la Copa Arquitecto Guillermo Armas. La Copa Fay Crocker que hace honor a una de las mejores jugadoras de la regi\u00f3n de la historia se pondr\u00e1 en juego para las Damas.<\/p>\n<p>En representaci\u00f3n de la Argentina intervienen Tom\u00e1s Giordani (AAG), Jerem\u00edas Porta Araoz (AAG), Lucila Quiroga (AAG), Victoria Perotti (AAG), Lucila Benzad\u00f3n, Nayra Rodr\u00edguez Barri, Nadia Alexandrovicius, Morena Benzad\u00f3n, Lucas Seguel, Valentino Constenla, Tom\u00e1s Putz, Luca Gallingani, Iv\u00e1n Splendiani, Nicanor Raminger, Gast\u00f3n Morgan, Rodrigo Villanueva, Mariano Arraigada, Agust\u00edn Mar\u00eda Hope, Alfredo Boly, Estevan Travella, Agust\u00edn Terrile, Federico Pique, Ramiro Acevedo, Augusto Oliva, Esteban Peyrano, \u00a0Lucio Pavicich, I\u00f1aqui Lantaron, Gonzalo Espinoza Paz, Patricio Vinay, Sergio Aguirre y Agust\u00edn Olcese.<\/p>\n<p>\u00a0<\/p>\n","protected":false},"excerpt":{"rendered":"Tras la conclusi\u00f3n de la primera ronda en el Club de Golf de Uruguay, el argentino Nicanor Raminger&hellip;\n","protected":false},"author":2,"featured_media":271914,"comment_status":"","ping_status":"","sticky":false,"template":"","format":"standard","meta":{"footnotes":""},"categories":[275],"tags":[168,25,24,329,23,167],"class_list":{"0":"post-271913","1":"post","2":"type-post","3":"status-publish","4":"format-standard","5":"has-post-thumbnail","7":"category-golf","8":"tag-deportes","9":"tag-es","10":"tag-espana","11":"tag-golf","12":"tag-spain","13":"tag-sports"},"share_on_mastodon":{"url":"https:\/\/pubeurope.com\/@es\/115665131792388400","error":""},"_links":{"self":[{"href":"https:\/\/www.europesays.com\/es\/wp-json\/wp\/v2\/posts\/271913","targetHints":{"allow":["GET"]}}],"collection":[{"href":"https:\/\/www.europesays.com\/es\/wp-json\/wp\/v2\/posts"}],"about":[{"href":"https:\/\/www.europesays.com\/es\/wp-json\/wp\/v2\/types\/post"}],"author":[{"embeddable":true,"href":"https:\/\/www.europesays.com\/es\/wp-json\/wp\/v2\/users\/2"}],"replies":[{"embeddable":true,"href":"https:\/\/www.europesays.com\/es\/wp-json\/wp\/v2\/comments?post=271913"}],"version-history":[{"count":0,"href":"https:\/\/www.europesays.com\/es\/wp-json\/wp\/v2\/posts\/271913\/revisions"}],"wp:featuredmedia":[{"embeddable":true,"href":"https:\/\/www.europesays.com\/es\/wp-json\/wp\/v2\/media\/271914"}],"wp:attachment":[{"href":"https:\/\/www.europesays.com\/es\/wp-json\/wp\/v2\/media?parent=271913"}],"wp:term":[{"taxonomy":"category","embeddable":true,"href":"https:\/\/www.europesays.com\/es\/wp-json\/wp\/v2\/categories?post=271913"},{"taxonomy":"post_tag","embeddable":true,"href":"https:\/\/www.europesays.com\/es\/wp-json\/wp\/v2\/tags?post=271913"}],"curies":[{"name":"wp","href":"https:\/\/api.w.org\/{rel}","templated":true}]}}