{"id":271916,"date":"2025-12-05T04:47:17","date_gmt":"2025-12-05T04:47:17","guid":{"rendered":"https:\/\/www.europesays.com\/es\/271916\/"},"modified":"2025-12-05T04:47:17","modified_gmt":"2025-12-05T04:47:17","slug":"los-de-claudio-giraldez-se-clasifican-en-la-tanda-de-penaltis","status":"publish","type":"post","link":"https:\/\/www.europesays.com\/es\/271916\/","title":{"rendered":"los de Claudio Gir\u00e1ldez se clasifican en la tanda de penaltis"},"content":{"rendered":"\n<p>M\u00e1s noticias<\/p>\n<p><a class=\"info_masnoticias\" href=\"https:\/\/www.eldesmarque.com\/futbol\/celta-de-vigo\/\" rel=\"nofollow noopener\" target=\"_blank\"><br \/>\nM\u00e1s de<br \/>\nM\u00e1s noticias de<br \/>\nCelta de vigo<br \/>\n<\/a><\/p>\n<p>El <strong>Celta de Vigo<\/strong> necesit\u00f3 este jueves la<strong> tanda de penaltis<\/strong> para certificar un sufrido <a href=\"https:\/\/www.eldesmarque.com\/futbol\/copa-del-rey\/20251204\/sorteo-dieciseisavos-final-copa-del-rey-cuando-es-equipos-clasificados_300825898.html\" rel=\"nofollow noopener\" target=\"_blank\">pase a los dieciseisavos de final<\/a> de la <strong>Copa del Rey<\/strong>, despu\u00e9s de imponerse a un combativo Sant Andreu tras el 1-1 con el que concluyeron los 120 minutos de juego tras una pr\u00f3rroga en la que el conjunto barcelon\u00e9s se puso por delante en el 103&#8242; so\u00f1ando con la gesta de cargarse a un Primera Divisi\u00f3n. El <a href=\"https:\/\/www.eldesmarque.com\/futbol\/celta-de-vigo\/20251205\/uno-por-uno-celta-ante-sant-andreu-copa-rey_300825963.html\" rel=\"nofollow noopener\" target=\"_blank\">gol de Borja Iglesias<\/a> permiti\u00f3 a los de <strong>Claudio Gir\u00e1ldez<\/strong> no caer eliminados ante un Segunda RFEF pero alimenta las <strong>dudas que genera su juego<\/strong>, plano y completamente inocuo para el rival.<\/p>\n<p>El conjunto dirigido por Claudio Gir\u00e1ldez igual\u00f3 el tanto inicial de los locales y, ya en la tanda definitiva, fue en el s\u00e9ptimo lanzamiento cuando el <strong>disparo<\/strong> de <strong>Sergi Serrano<\/strong>, que se <strong>estrell\u00f3 en el larguero<\/strong>, sell\u00f3 la ag\u00f3nica clasificaci\u00f3n celeste.<\/p>\n<blockquote class=\"twitter-tweet\">\n<p lang=\"es\" dir=\"ltr\">\u25b6\ufe0f El <a href=\"https:\/\/twitter.com\/RCCelta?ref_src=twsrc%5Etfw\" rel=\"nofollow noopener\" target=\"_blank\">@RCCelta<\/a> termina con el sue\u00f1o del <a href=\"https:\/\/twitter.com\/uesantandreu?ref_src=twsrc%5Etfw\" rel=\"nofollow noopener\" target=\"_blank\">@uesantandreu<\/a> en la tanda de penaltis y estar\u00e1 en los dieciseisavos de <a href=\"https:\/\/twitter.com\/hashtag\/LaCopaMola?src=hash&amp;ref_src=twsrc%5Etfw\" rel=\"nofollow noopener\" target=\"_blank\">#LaCopaMola<\/a>. <a href=\"https:\/\/twitter.com\/hashtag\/LaCasaDelF%C3%BAtbol?src=hash&amp;ref_src=twsrc%5Etfw\" rel=\"nofollow noopener\" target=\"_blank\">#LaCasaDelF\u00fatbol<\/a> <a href=\"https:\/\/t.co\/eC9UAY7X3V\" rel=\"nofollow\">pic.twitter.com\/eC9UAY7X3V<\/a><\/p>\n<p>\u2014 F\u00fatbol en Movistar Plus+ (@MovistarFutbol) <a href=\"https:\/\/twitter.com\/MovistarFutbol\/status\/1996715992131469708?ref_src=twsrc%5Etfw\" rel=\"nofollow noopener\" target=\"_blank\">December 4, 2025<\/a><\/p>\n<\/blockquote>\n<p>Impulsado por las 6.531 gargantas que llenaban el Estadio Municipal Narc\u00eds Sala, el Sant Andreu estuvo a punto de adelantarse en el primer minuto. Un env\u00edo largo encontr\u00f3 a <strong>Sergi Garc\u00eda, que sorprendi\u00f3 a Iv\u00e1n Villar con un bal\u00f3n picado<\/strong> que se march\u00f3 ligeramente desviado.<\/p>\n<p>El fallo no desanim\u00f3 a los cuatribarrados, que siguieron empujando con un f\u00fatbol vertical y una presi\u00f3n alta asfixiante. No obstante, pese a controlar el ritmo del partido, ese dominio result\u00f3 est\u00e9ril y no se tradujo en aproximaciones claras de gol, limit\u00e1ndose a acciones aisladas de Sergi Serrano por la banda.<\/p>\n<p>El Celta, con el paso de los minutos, <strong>empez\u00f3 a sacudirse la presi\u00f3n local<\/strong>. El juego fluy\u00f3 entonces a trav\u00e9s de las botas de <strong>Hugo Sotelo y Hugo \u00c1lvarez<\/strong>, quienes le dieron criterio al f\u00fatbol vigu\u00e9s y equilibraron la balanza.<\/p>\n<p><img decoding=\"async\" src=\"https:\/\/www.europesays.com\/es\/wp-content\/uploads\/2025\/12\/G7WqjwfXAAAbag3\" alt=\"Imagen\"\/><\/p>\n<p>El propio <strong>\u00c1lvarez<\/strong>, primero con un disparo que desvi\u00f3 el guardameta Ra\u00fal Garc\u00eda, y despu\u00e9s con un <strong>remate que se estrell\u00f3 en el larguero<\/strong>, tuvo las dos ocasiones m\u00e1s claras de una primera parte que acab\u00f3 sin goles.<\/p>\n<p>Tras el paso por vestuarios<strong>, el cuadro vigu\u00e9s mantuvo la inercia y acorral\u00f3 al Sant Andreu en su propio campo<\/strong>. Hugo \u00c1lvarez avis\u00f3 con un remate de cabeza tras un bal\u00f3n parado, pero m\u00e1s all\u00e1 de esa acci\u00f3n le segu\u00eda faltando ese \u00faltimo pase para romper la defensa rival.<\/p>\n<p>A falta de quince minutos, Claudio Gir\u00e1ldez movi\u00f3 ficha: <strong>dio entrada a Borja Iglesias y al capit\u00e1n Iago Aspas<\/strong>. Su presencia le dio un aire nuevo al Celta, que recuper\u00f3 el control del partido y embotell\u00f3 a su rival tras minutos de m\u00e1s igualdad.<\/p>\n<p>Jutgl\u00e0 la tuvo con un disparo que se march\u00f3 por encima del larguero, aunque fue invalidado por fuera de juego, y poco despu\u00e9s Aspas lo intent\u00f3 con un remate en plancha, pero no cogi\u00f3 porter\u00eda, y el partido se fue a la pr\u00f3rroga.<\/p>\n<p>Los <strong>goles que no aparecieron en los noventa minutos reglamentarios<\/strong> llegaron en la pr\u00f3rroga. <strong>Alexis Garc\u00eda<\/strong> caz\u00f3 un bal\u00f3n en el coraz\u00f3n del \u00e1rea y, con un toque de exterior, abri\u00f3 el marcador para desatar el \u00e9xtasis en la grada en el 103.<\/p>\n<blockquote class=\"twitter-tweet\">\n<p lang=\"qme\" dir=\"ltr\">\ud83d\udc3c <a href=\"https:\/\/t.co\/iiwfBfLQif\" rel=\"nofollow\">pic.twitter.com\/iiwfBfLQif<\/a><\/p>\n<p>\u2014 Celta (@RCCelta) <a href=\"https:\/\/twitter.com\/RCCelta\/status\/1996707358039236734?ref_src=twsrc%5Etfw\" rel=\"nofollow noopener\" target=\"_blank\">December 4, 2025<\/a><\/p>\n<\/blockquote>\n<p>Pero poco le dur\u00f3 la alegr\u00eda a los locales. En la acci\u00f3n siguiente, Yoel Lago filtr\u00f3 un pase interior que Borja Iglesias control\u00f3 y cruz\u00f3 a la red para devolver el empate y silenciar la celebraci\u00f3n local un minuto despu\u00e9s, en el 105&#8242;.<\/p>\n<p>Sin m\u00e1s ocasiones, el pase a octavos de final qued\u00f3 condenado a los penaltis. En la tanda, ambos equipos convirtieron sus seis primeros lanzamientos sin fallo. En el s\u00e9ptimo, <strong>Yoel Lago volvi\u00f3 a acertar para el Celta<\/strong> y, en la r\u00e9plica, el disparo de Sergi Serrano se estrell\u00f3 en el larguero. As\u00ed, tras un pulso ag\u00f3nico, el conjunto vigu\u00e9s certific\u00f3 su sufrido billete a los octavos de final de la Copa del Rey.<\/p>\n<blockquote class=\"twitter-tweet\">\n<p lang=\"ca\" dir=\"ltr\">L&#8217;orgull del Poble. <a href=\"https:\/\/t.co\/L2zJtl0SXR\" rel=\"nofollow\">pic.twitter.com\/L2zJtl0SXR<\/a><\/p>\n<p>\u2014 Uni\u00f3 Esportiva Sant Andreu (@uesantandreu) <a href=\"https:\/\/twitter.com\/uesantandreu\/status\/1996717164452368620?ref_src=twsrc%5Etfw\" rel=\"nofollow noopener\" target=\"_blank\">December 4, 2025<\/a><\/p>\n<\/blockquote>\n<p>As\u00ed vivimos el Sant Andreu &#8211; Celta de Vigo<\/p>\n<p>ACTUALIZADO: 05\/12\/2025 00:32 H<\/p>\n<p>En un mal partido, p\u00e9simo en muchos momentos, el Celta logra pasar a los dieciseisavos de final gracias a una ag\u00f3nica tanda de penaltis que termin\u00f3 7-6 para los de Claudio Gir\u00e1ldez.\u00a0<\/p>\n<p>No fallaron los vigueses desde los once metros. Marcaron todos sus disparos. Si lo hizo Sergi Serrano mandando la pelota al travesa\u00f1o en una tanda en la que Iv\u00e1n Villar no logr\u00f3 adivinar la trayectoria de ninguno de los lanzamientos del Sant Andreu.<\/p>\n<p>Se va al poste el disparo de Sergi Serrano. Se lamenta el jugador del Sant Andreu, que quedan eliminados tras una ag\u00f3nica tanda de penaltis.<\/p>\n<p>El s\u00e9ptimo tambi\u00e9n va dentro.\u00a0<\/p>\n<p>El Celta gana 7-6.<\/p>\n<p>Arriba, con mucho riesgo pero dentro.\u00a0<\/p>\n<p>Empata el Sant Andreu, 6-6.<\/p>\n<p>Define bien Pablo Dur\u00e1n.<\/p>\n<p>6-5 gana el Celta.<\/p>\n<p>Frialdad absoluta de Lucas Vi\u00f1a<\/p>\n<p>5-5, ahora iremos penalti a penalti.<\/p>\n<p>Marca el quinto el centrocampista.<\/p>\n<p>5-4 gana el Celta.<\/p>\n<p>No la oli\u00f3 Iv\u00e1n Villar, que sigue sin adivinar un solo disparo.<\/p>\n<p>Empate 4-4.<\/p>\n<p>A la escuadra el ourensano, imposible para Ra\u00fal Garc\u00eda.<\/p>\n<p>Gana 4-3 el Celta.<\/p>\n<p>Muy bien tirado, de nuevo Iv\u00e1n Villar no adivina la trayectoria.<\/p>\n<p>Empata 3-3 el Sant Andreu.<\/p>\n<p>Muy ajustado al palo corto, imposible para Ra\u00fal Garc\u00eda.<\/p>\n<p>Gana 3-2 el Celta.<\/p>\n<p>De nuevo enga\u00f1an a Iv\u00e1n Villar.<\/p>\n<p>2-2, empata el Sant Andreu.<\/p>\n<p>Enga\u00f1o el Panda al meta local.<\/p>\n<p>2-1 para el Celta.<\/p>\n<p>Enga\u00f1\u00f3 por completo a Iv\u00e1n Villar.<\/p>\n<p>1-1 en la tanda.<\/p>\n<p>Dispar\u00f3 Mingueza, adivin\u00f3 la trayectoria Ra\u00fal Garc\u00eda pero estaba muy ajustado.<\/p>\n<p>1-0 para el Celta<\/p>\n<p>Ambos capitanes han sorteado el fondo donde se disputar\u00e1 la tanda de penaltis. Ser\u00e1 en el lado donde est\u00e1n los 400 aficionados del Celta.<\/p>\n<p>Min. 120: nos vamos a penaltis<\/p>\n<p>Min. 119: despeja la zaga.<\/p>\n<p>Min. 118: corta Carreira, muy solvente, la contra de Alexis Garc\u00eda.<\/p>\n<p>Min. 115: le gan\u00f3 el hueco a Javi G\u00f3mez, remat\u00f3 pegado al palo.<\/p>\n<p>Min. 114: se sacrific\u00f3 el vigu\u00e9s para cortar una contra de \u00c1lexis Garc\u00eda. Agarr\u00f3n claro, segunda amarilla y a la calle.<\/p>\n<p>Min. 112: raso y centrado, tras el centro de Hugo \u00c1lvarez.<\/p>\n<p>Min. 110: la pone Mingueza al segundo palo. Remata Carlos Dom\u00ednguez, de cabeza, muy desviado.<\/p>\n<p>Min. 108: al primer palo lo puso Aspas. No fue capaz Carlos Dom\u00ednguez de conectar bien con el bal\u00f3n.<\/p>\n<p>Min. 107: buscaba caracolear en el \u00e1rea el de O Rosal. Le quitaron la pelota antes de poder centrar.<\/p>\n<p>Min. 105: empieza la segunda parte de la pr\u00f3rroga, juega el Celta.<\/p>\n<p>Se termina la primera parte de la pr\u00f3rroga. Se adelant\u00f3 el Sant Andreu con un gran gol de Alexis Garc\u00eda. Ni un minuto tard\u00f3 el Celta en empatar con un buen pase de Yoel Lago a Borja Iglesias.<\/p>\n<p>Gran pase de Yoel Lago, que detecta una grieta en la zaga local. Recibe Borja Iglesias y no duda ante Ra\u00fal Garc\u00eda.<\/p>\n<p>Min. 105: \u00a1Gooooool de Borja Iglesias!<\/p>\n<p>Min. 104: \u00a1Gooooool desde la frontal de Alexis Garc\u00eda!<\/p>\n<p>Min. 101: la tuvo el Sant Andreu. Centro muy peligroso de Lucas Vi\u00f1a sobre Naranjo. La cort\u00f3 la zaga del Celta.<\/p>\n<p>Min. 99; se le fue largo el control y la pelota termin\u00f3 saliendo por l\u00ednea de fondo.<\/p>\n<p>Min. 98: sobre Pablo Dur\u00e1n. El centro posterior del de Tomi\u00f1o no encontr\u00f3 compa\u00f1ero y termin\u00f3 despejado por el Sant Andreu.<\/p>\n<p>Min. 96: se va Ferr\u00e1n Jutgl\u00e0, entra \u00c1ngel Arcos.<\/p>\n<p>Min. 95: sobre Borja Iglesias. Ped\u00eda penalti el santiagu\u00e9s de Blanco.<\/p>\n<p>Min. 84: no encuentran espacios los de Gir\u00e1ldez. Va a entrar \u00c1ngel Arcos.<\/p>\n<p>Min. 92: protegi\u00f3 Borja Iglesias el bal\u00f3n, Blanco solo lo pudo agarrar para evitar que siguiese jugando.<\/p>\n<p>Min. 91: se va completamente extenuado Jordi M\u00e9ndez. Entra Max Marcet.<\/p>\n<p>Min. 96: Busquets Ferrer se\u00f1ala el final del tiempo reglamentario. Nos vamos a la pr\u00f3rroga. Mala imagen del Celta ante un Sant Andreu que ha sabido competir a la perfecci\u00f3n.<\/p>\n<p>Min. 94: en mediocampo, le da aire al Sant Andreu, que la colgar\u00e1 al \u00e1rea del Celta.<\/p>\n<p>Min. 93: amarilla a Lucas Vi\u00f1a.<\/p>\n<p>Min. 92: lo pone Aspas al \u00e1rea, no lo consigue rematar nadie.<\/p>\n<p>Min. 90: se jugar\u00e1n seis minutos m\u00e1s.<\/p>\n<p>Min. 89: internada de Carreira, la despej\u00f3 la zaga local.<\/p>\n<p>Min. 87: remat\u00f3 de cabeza el moa\u00f1\u00e9s, la pelota parec\u00eda mejor para Jutgl\u00e0.<\/p>\n<p>Min. 87: testarazo de espaldas que se va por arriba del larguero tras el pase de Aspas.<\/p>\n<p>Min. 85: se caen los jugadores del Sant Andreu, completamente agotados, ante la conducci\u00f3n de Sergio Carreira. La jugada acab\u00f3 con un disparo de Aspas que impact\u00f3 en la cabeza de Javi G\u00f3mez.<\/p>\n<p>Min. 83: tocan los celestes sin generar. Necesitan un gol si no quieren irse a la prorroga tres d\u00edas antes de jugar ante el Real Madrid.<\/p>\n<p>Min. 80: era fuera de juego pero la que ha fallado Jutgl\u00e0 solo, en el \u00e1rea y con todo el tiempo del mundo para mandarla a las nubes es digna de estudio.<\/p>\n<p>Min. 77: por perder tiempo el portero local.<\/p>\n<p>Min. 75: entran Iago Aspas y Borja Iglesias. Se van Sotelo y Swedberg.<\/p>\n<p>Min. 74: despeja la zaga local.<\/p>\n<p>Min. 73: se entretuvo el delantero. Tuvo tiempo de sobra para disparar pero estuvo lento y le birlaron el bal\u00f3n.<\/p>\n<p>Min. 69: se retira Pablo Santiago, Noel y Darbra. Entran Torices, Lucas Vi\u00f1a y Luis Mart\u00ednez.<\/p>\n<p>Min. 65: intent\u00f3 un cambio de juego que se fue tan desviado que la pelota pudo acabar en otro barrio. El de Vallecas con la pelota en un caso digno de nuestro compa\u00f1ero de Cuatro, Iker Jim\u00e9nez.<\/p>\n<p>Min. 62: entra Pablo Dur\u00e1n por Franco Cervi.<\/p>\n<p>Min. 61: lo ped\u00eda Alexis Garc\u00eda pero parece que se tira.<\/p>\n<p>Min. 58: se va Sergi Garc\u00eda, el m\u00e1s peligroso de los locales, entra Naranjo. Tambi\u00e9n se va Vall\u00e9s y entra Alexis Garc\u00eda.<\/p>\n<p>Min. 56: disparo abajo, duro, de Sergi Garc\u00eda. Respondi\u00f3 bien el meta celeste.<\/p>\n<p>Min. 51: falta que despej\u00f3 con muchos problemas la defensa barcelonesa a l\u00ednea de fondo. Est\u00e1 muy agobiado el equipo de Natxo Gonz\u00e1lez.<\/p>\n<p>Min. 53: evit\u00f3 la zaga local que la triangulaci\u00f3n, con asistencia de Sotelo, llegase a Jutgl\u00e0. Est\u00e1 apretando mucho el Celta. Sufre el Sant Andreu.<\/p>\n<p>Min. 51: menudo trallazo desde fuera del \u00e1rea de Jutgl\u00e0. Le meti\u00f3 mucha rosca al disparo el catal\u00e1n. La pelota se fue directa a la cepa del segundo palo.<\/p>\n<p>Min. 50: p\u00e9sima cesi\u00f3n del Carlos Blanco, se le qued\u00f3 corta la pelota al central. Respondi\u00f3 bien Ra\u00fal Garc\u00eda para evitar el gol de Ferr\u00e1n Jutgl\u00e0.<\/p>\n<p>Min. 48: sobre Armand Vall\u00e9s. Le quit\u00f3 el bal\u00f3n \u00d3scar Mingueza, s\u00f3lido el defensa celeste.<\/p>\n<p>Min. 46: se va Mihailo Ristic, que cuaj\u00f3 una mala primera mitad, entra Sergio Carreira.<\/p>\n<p>Se termina una primera mitad con un Celta de menos a m\u00e1s. Tuvo la primera Sergi Garc\u00eda, que perdon\u00f3 el 1-0. Durante los primeros 20 minutos fueron mejores los de Natxo Gonz\u00e1lez.<\/p>\n<p>A partir de ah\u00ed el Celta apret\u00f3 en la presi\u00f3n y de la mano de Hugo \u00c1lvarez tuvo las mejores ocasiones del partido. Sin goles al descanso.<\/p>\n<p>Min. 44: buena internada del ourensano. Se le fue arriba el disparo, muy duro a la cruceta del primer palo.<\/p>\n<p>Min. 43: despej\u00f3 la defensa loca. Se est\u00e1 acabando la primera parte.<\/p>\n<p>Min. 40: por un codazo en el salto sobre Vall\u00e9s.<\/p>\n<p>Min. 40: no parece que lo hubiese. Remat\u00f3 muy duro Jutgl\u00e0 de cabeza. Respondi\u00f3 a la perfecci\u00f3n Ra\u00fal Garc\u00eda.<\/p>\n<p>Min. 40: el lateral diestro caz\u00f3 a Swedberg cuando se iba directo a centrar<\/p>\n<p>Min. 37: centro desde el lado derecho. De primeras, al borde del \u00e1rea, prob\u00f3 fortuna Sergi Garc\u00eda. Se le fue arriba y desviada la pelota.<\/p>\n<p>Min. 35: de nuevo despej\u00f3 la zaga local. Insiste el Celta, pero es incapaz de generar ocasiones claras de gol.<\/p>\n<p>Min. 43: por una acci\u00f3n anterior en el saque de esquina del Celta.<\/p>\n<p>Min. 32: prolong\u00f3 Hugo \u00c1lvarez. Centr\u00f3 Cervi y despej\u00f3 con la cabeza Carlos Blanco.\u00a0<\/p>\n<p>Min. 31: por cortar con la mano una jugada el capit\u00e1n del Sant Andreu.<\/p>\n<p>Min. 30: centro desde el lado diestro. Despej\u00f3 Carlos Dom\u00ednguez al l\u00ednea de fondo. El saque de esquina lo despej\u00f3 de pu\u00f1os Iv\u00e1n Villar.<\/p>\n<p>Min.30: ha dado un paso al frente el Celta. Ahora domina y presiona arriba. Le cuesta al Sant Andreu salir de su campo.\u00a0<\/p>\n<p>Min. 25: centro raso, directo al \u00e1rea peque\u00f1a, muy peligroso de Hugo \u00c1lvarez. Despej\u00f3 a c\u00f3rner Javi G\u00f3mez impidiendo el disparo de Sotelo.<\/p>\n<p>Min. 23: duro y a la escuadra, pero muy centrado. As\u00ed fue el disparo de Hugo \u00c1lvarez tras una buena internada de Swedberg con asistencia de Hugo Sotelo en la frontal. La mejor del Celta hasta el momento.<\/p>\n<p>Min. 22: busca presionar alto el Celta. Toca la pelota el Sant Andreu con acierto pero no es capaz de progresar m\u00e1s all\u00e1 de su campo.<\/p>\n<p>Min. 17: se revolvi\u00f3 en el \u00e1rea para hacerse hueco. Con poco espacio apost\u00f3 por pegarle duro, directo a las manos de Ra\u00fal Garc\u00eda.<\/p>\n<p>Min. 16: triangularon Swedberg, Hugo \u00c1lvarez y Ferr\u00e1n Jutgl\u00e0. El delantero, ya en \u00e1rea rival, busc\u00f3 irse del central pero cortaron su progresi\u00f3n.<\/p>\n<p>Min. 15: f\u00e1cil para el meta del Sant Andreu.<\/p>\n<p>Min. 14: no est\u00e1 c\u00f3modo el Celta. El campo sint\u00e9tico iguala a ambos equipos. Por ahora est\u00e1 siendo mejor el Sant Andreu.<\/p>\n<p>Min. 9: nota una molestia Joseph Aidoo. Pide el cambio en ghan\u00e9s. Entra Yoel Lago en su lugar.<\/p>\n<p>Min. 8: ahora por banda izquierda. Despej\u00f3 con dificultades la zaga celeste por medio de Hugo Sotelo.\u00a0<\/p>\n<p>Min. 6: directo al \u00e1rea, despej\u00f3 la zaga local tras el pase de Jutgl\u00e0 al argentino. Empieza a tener la pelota el Celta.<\/p>\n<p>Min. 4: otra para el Sant Andreu. Vall\u00e9s cometi\u00f3 falta sobre un Iv\u00e1n Villar que no fue capaz de atrapar el bal\u00f3n en su \u00e1rea.<\/p>\n<p>Min. 3: ped\u00eda falta Sergi Garc\u00eda de \u00d3scar Mingueza casi en el \u00e1rea. Por ahora muy d\u00e9bil la zaga celeste en su costado.<\/p>\n<p>Min. 1: error de la zaga celeste. Aidoo se comi\u00f3 la internada de Sergi Garc\u00eda que perdon\u00f3 ante Iv\u00e1n Villar con una vaselina que se fue por poco.<\/p>\n<p><strong>Sant Andreu<\/strong>: I\u00f1aki, Luis Mart\u00ednez, Chynoweth, Vi\u00f1a, Pons, Torices, Marcet, Jallow, Naranjo, Alexis Garc\u00eda, Morales.<\/p>\n<p><strong>Celta de Vigo<\/strong>: Marc Vidal, Marcos Gonz\u00e1lez, Carreira, Manu Fern\u00e1ndez, Yoel Lago, Andr\u00e9s Anta\u00f1\u00f3n, \u00d3scar Marcos, Dami\u00e1n Rodr\u00edguez, Borja Iglesias, Iago Aspas, Pablo Dur\u00e1n, \u00c1ngel Arcos.<\/p>\n<p>Se espera un lleno total en el Narc\u00eds Sala. M\u00e1s de 6.000 personas estar\u00e1n en las gradas de campo de Sant Andreu de Palomar.<\/p>\n<blockquote class=\"twitter-tweet\">\n<p dir=\"ltr\" lang=\"ca\">\ud83d\udca5 Comen\u00e7a a omplir-se el Narc\u00eds Sala! <a href=\"https:\/\/t.co\/tYOWOU5y0V\" rel=\"nofollow\">pic.twitter.com\/tYOWOU5y0V<\/a><\/p>\n<p>\u2014 Uni\u00f3 Esportiva Sant Andreu (@uesantandreu) <a href=\"https:\/\/twitter.com\/uesantandreu\/status\/1996660263869993228?ref_src=twsrc%5Etfw\" rel=\"nofollow noopener\" target=\"_blank\">December 4, 2025<\/a><\/p>\n<\/blockquote>\n<p>El entrenador no quiere sustos y saca un once muy conservador sin rastro de la cantera. Vuelven a quedarse fuera Yoel Lago, Manu Fern\u00e1ndez y Dami\u00e1n Rodr\u00edguez, se\u00f1alados en la derrota en Europa League ante el Ludogorets.<\/p>\n<p>El Celta de Vigo sale con un once titular formado por Iv\u00e1n Villar; Joseph Aidoo, Carlos Dom\u00ednguez, Mihailo Ristic; \u00d3scar Mingueza, Fran Beltr\u00e1n, Hugo Sotelo; Franco Cervi; Hugo \u00c1lvarez, Ferr\u00e1n Jutgl\u00e0 y Williot Swedberg.<\/p>\n<blockquote class=\"twitter-tweet\">\n<p dir=\"ltr\" lang=\"es\">\ud835\udc77\ud835\udc90\ud835\udc8d\ud835\udc90 \ud835\udc79\ud835\udc86\ud835\udc82\ud835\udc8d \ud835\udc6a\ud835\udc8d\ud835\udc96\ud835\udc83 \ud835\udc6a\ud835\udc86\ud835\udc8d\ud835\udc95\ud835\udc82&#8230; \ud835\udc99\ud835\udc90\ud835\udc88\ud835\udc82\ud835\udc93\ud835\udc82\u0301\ud835\udc8f&#8230; \ud83e\ude75<a href=\"https:\/\/twitter.com\/hashtag\/SantAndreuCelta?src=hash&amp;ref_src=twsrc%5Etfw\" rel=\"nofollow noopener\" target=\"_blank\">#SantAndreuCelta<\/a> \u22c4 <a href=\"https:\/\/twitter.com\/hashtag\/AD%C3%A9beda?src=hash&amp;ref_src=twsrc%5Etfw\" rel=\"nofollow noopener\" target=\"_blank\">#AD\u00e9beda<\/a> <a href=\"https:\/\/t.co\/pfhYyrRBvw\" rel=\"nofollow\">pic.twitter.com\/pfhYyrRBvw<\/a><\/p>\n<p>\u2014 Celta (@RCCelta) <a href=\"https:\/\/twitter.com\/RCCelta\/status\/1996659552872550603?ref_src=twsrc%5Etfw\" rel=\"nofollow noopener\" target=\"_blank\">December 4, 2025<\/a><\/p>\n<\/blockquote>\n<p>El Sant Andreu sale con un once formado por Ra\u00fal Garc\u00eda, Pablo, Carlos Blanco; Javi G\u00f3mez, Jordi M\u00e9ndez, Noel, Pau, Albertito, Armand, Sergi Garc\u00eda; y Serrano.<\/p>\n<blockquote class=\"twitter-tweet\">\n<p dir=\"ltr\" lang=\"ca\">\ud83c\udfc6 L&#8217;1\ufe0f\u20e31\ufe0f\u20e3 del Sant Andreu! \ud83d\udc9b\u2764\ufe0f<\/p>\n<p>\ud83c\udf7a Amb <a href=\"https:\/\/twitter.com\/EstrellaDammCat?ref_src=twsrc%5Etfw\" rel=\"nofollow noopener\" target=\"_blank\">@EstrellaDammCat<\/a> <a href=\"https:\/\/t.co\/LuZdmp1u0Y\" rel=\"nofollow\">pic.twitter.com\/LuZdmp1u0Y<\/a><\/p>\n<p>\u2014 Uni\u00f3 Esportiva Sant Andreu (@uesantandreu) <a href=\"https:\/\/twitter.com\/uesantandreu\/status\/1996655060705857560?ref_src=twsrc%5Etfw\" rel=\"nofollow noopener\" target=\"_blank\">December 4, 2025<\/a><\/p>\n<\/blockquote>\n<p>El \u00e1rbitro del partido es Mateo Busquets Ferrer. De 32 a\u00f1os, esta es su tercera temporada en la m\u00e1xima categor\u00eda. A lo largo de su corta carrera ha dirigido al Celta en solo 3 ocasiones, con un balance de 2 victorias y 1 derrota.<\/p>\n<p>Al Sant Andreu solo lo arbitr\u00f3 una vez, fue en la Copa del Rey la pasada temporada en la segunda ronda de la competici\u00f3n, y curiosamente el mismo d\u00eda, un 4 de diciembre. Gan\u00f3 el Betis 1-3 en un partido que llego con empate a un gol hasta el minuto 78.<\/p>\n<blockquote class=\"twitter-tweet\">\n<p dir=\"ltr\" lang=\"es\">\u2696\ufe0f Mateo Busquets, del colegio balear, arbitrar\u00e1 el <a href=\"https:\/\/twitter.com\/hashtag\/SantAndreuCelta?src=hash&amp;ref_src=twsrc%5Etfw\" rel=\"nofollow noopener\" target=\"_blank\">#SantAndreuCelta<\/a>. <a href=\"https:\/\/t.co\/pFNCNhE4ta\" rel=\"nofollow\">https:\/\/t.co\/pFNCNhE4ta<\/a> <a href=\"https:\/\/t.co\/4lCRPP3BOw\" rel=\"nofollow\">pic.twitter.com\/4lCRPP3BOw<\/a><\/p>\n<p>\u2014 Celta (@RCCelta) <a href=\"https:\/\/twitter.com\/RCCelta\/status\/1996169506398642495?ref_src=twsrc%5Etfw\" rel=\"nofollow noopener\" target=\"_blank\">December 3, 2025<\/a><\/p>\n<\/blockquote>\n<p><strong>Natxo Gonz\u00e1lez<\/strong>, entrenador del conjunto catal\u00e1n, apunt\u00f3 en la previa que este jueves \u00abes un acontecimiento para todos, para nosotros, para la afici\u00f3n. Son d\u00edas chulos y bonitos para<strong> intentar disfrutarlos, competir y agarrarnos a las opciones que podamos<\/strong> tener para darnos una alegr\u00eda. La preparaci\u00f3n es la de un partido m\u00e1s, sabiendo lo que vamos a tener enfrente. Intentaremos hacerles da\u00f1o\u00bb.<\/p>\n<p>Del Celta expuso que \u00abno es f\u00e1cil porque estamos hablando de un equipo de Europa League. <strong>Son mejores que nosotros en todos los aspectos, f\u00edsica y futbol\u00edsticamente, as\u00ed que no va a ser f\u00e1cil contrarrestar juego<\/strong>. Pero vamos a intentar encontrar el modo de hacerles da\u00f1o, a ver si lo conseguimos. Insisto en que va a ser un partido a ganar y a meter mucha intensidad, que es la gran diferencia que hay entre categor\u00eda\u00bb.<\/p>\n<p>El delantero del Celta regresa a sus or\u00edgenes al jugar en el Narc\u00eds Sala, donde defendi\u00f3 la camiseta del Sant Andreu.<\/p>\n<p>\u00ab\u00a1Alberto! Tengo ganas de veros. Est\u00e1s hecho todo un capit\u00e1n. <strong>Qu\u00e9 buenos recuerdos que tengo en el Narc\u00eds Sala<\/strong>. Nos vemos pronto. \u00a1Un abrazo!\u00bb, ha dicho Jutgl\u00e0 a trav\u00e9s de TV3 al actual capit\u00e1n del Sant Andreu.<\/p>\n<p>\u201cUn grande. La verdad es que cuando estaba aqu\u00ed ya se ve\u00eda venir el potencial que ten\u00eda. Un gran compa\u00f1ero, muy humilde. <strong>Esto le ha hecho llegar a Primera Divisi\u00f3n y est\u00e1 disfrutando como un loco<\/strong>. Pero el jueves, \u00a1Que afloje un poco! \u201d, ha sido la petici\u00f3n de Albertito a su antiguo compa\u00f1ero.<\/p>\n<p><img decoding=\"async\" src=\"https:\/\/www.europesays.com\/es\/wp-content\/uploads\/2025\/12\/diseno_sin_titulo_12png_001.png\" alt=\"Ferr\u00e1n Jutgl\u00e0 marca su primer gol con el Celta (Foto: Celta).\" width=\"660\" height=\"auto\"\/><br \/>\nFerr\u00e1n Jutgl\u00e0 marca su primer gol con el Celta (Foto: Celta).<\/p>\n<blockquote class=\"twitter-tweet\">\n<p dir=\"ltr\" lang=\"ca\">\ud83e\udd1d\ud83c\udffb Intercanvi d&#8217;obsequis en el dinar amb els representants de la directiva del <a href=\"https:\/\/twitter.com\/RCCelta?ref_src=twsrc%5Etfw\" rel=\"nofollow noopener\" target=\"_blank\">@RCCelta<\/a>, encap\u00e7alada per la seva presidenta, Mari\u00e1n Mouri\u00f1o, i acompanyats de la regidora de Sant Andreu, Marta Villanueva. <a href=\"https:\/\/t.co\/ppB0xYVFpl\" rel=\"nofollow\">pic.twitter.com\/ppB0xYVFpl<\/a><\/p>\n<p>\u2014 Uni\u00f3 Esportiva Sant Andreu (@uesantandreu) <a href=\"https:\/\/twitter.com\/uesantandreu\/status\/1996596977266499803?ref_src=twsrc%5Etfw\" rel=\"nofollow noopener\" target=\"_blank\">December 4, 2025<\/a><\/p>\n<\/blockquote>\n<p>El Celta de Vigo muestra como est\u00e1 el Narc\u00eds Sala antes del arranque del partido: \u00ab<strong>El orgullo del Pueblo<\/strong>\u00ab. El orgullo de un barrio como el de Sant Andreu de Palomar.<\/p>\n<blockquote class=\"twitter-tweet\">\n<p dir=\"ltr\" lang=\"ca\">Narc\u00eds Sala. L&#8217;orgull del poble, <a href=\"https:\/\/twitter.com\/uesantandreu?ref_src=twsrc%5Etfw\" rel=\"nofollow noopener\" target=\"_blank\">@uesantandreu<\/a>. <a href=\"https:\/\/t.co\/hZrm8Z23bs\" rel=\"nofollow\">pic.twitter.com\/hZrm8Z23bs<\/a><\/p>\n<p>\u2014 Celta (@RCCelta) <a href=\"https:\/\/twitter.com\/RCCelta\/status\/1996615317439861059?ref_src=twsrc%5Etfw\" rel=\"nofollow noopener\" target=\"_blank\">December 4, 2025<\/a><\/p>\n<\/blockquote>\n<p>Natxo Gonz\u00e1lez no puede contar con Salvans y Mendes, su pichichi con siete goles, por lesi\u00f3n.<\/p>\n<blockquote class=\"twitter-tweet\">\n<p dir=\"ltr\" lang=\"ca\">\ud83d\udcdc \ud835\udc0b\ud835\udc0b\ud835\udc08\ud835\udc12\ud835\udc13\ud835\udc00 \ud835\udc03\ud835\udc04 \ud835\udc02\ud835\udc0e\ud835\udc0d\ud835\udc15\ud835\udc0e\ud835\udc02\ud835\udc00\ud835\udc13\ud835\udc12<\/p>\n<p>\ud83c\udfdf\ufe0f Els 22 jugadors convocats pel partit de Copa contra el Celta al Narc\u00eds Sala.<\/p>\n<p>\u274c Baixes: Salvans i Mendes, per lesi\u00f3. <a href=\"https:\/\/t.co\/1eYH1zWzda\" rel=\"nofollow\">pic.twitter.com\/1eYH1zWzda<\/a><\/p>\n<p>\u2014 Uni\u00f3 Esportiva Sant Andreu (@uesantandreu) <a href=\"https:\/\/twitter.com\/uesantandreu\/status\/1996195346473799761?ref_src=twsrc%5Etfw\" rel=\"nofollow noopener\" target=\"_blank\">December 3, 2025<\/a><\/p>\n<\/blockquote>\n<p>Son muchas las ausencias en la lista de convocados del Celta. Se quedan en Vigo Ionut Radu, Carl Starfelt, Marcos Alonso, Javi Rodr\u00edguez, Javi Rueda, Miguel Rom\u00e1n, Ilaix Moriba, Bryan Zaragoza y Jones El-Abdellaoui. Un\u00a0<strong style=\"box-sizing: border-box; font-weight: bold; font-family: 'Fira Sans', sans-serif; font-size: 18px;\">total de diez futbolistas del primer equipo<\/strong>.<\/p>\n<p>Las novedades son la presencia de <strong>Yoel<\/strong> <strong>Lago<\/strong>, <strong>Manu<\/strong> <strong>Fern\u00e1ndez<\/strong>, <strong>Dami\u00e1n<\/strong> <strong>Rodr\u00edguez<\/strong> y <strong>Franco<\/strong> <strong>Cervi<\/strong>. Todos ellos se hab\u00edan quedado fuera de la lista este pasado fin de semana ante el RCD Espanyol. <\/p>\n<p>La convocatoria la completan <strong>Marcos<\/strong> <strong>Gonz\u00e1lez<\/strong>, <strong>\u00d3scar Marcos,<\/strong> <strong>\u00c1ngel<\/strong> <strong>Arcos<\/strong> y <strong>Andr\u00e9s<\/strong> <strong>Anta\u00f1\u00f3n<\/strong>, del Celta Fortuna.<\/p>\n<blockquote class=\"twitter-tweet\">\n<p dir=\"ltr\" lang=\"pt\">\ud83d\udc65 \ud835\uddd6\ud835\udde2\ud835\udde1\ud835\udde9\ud835\udde2\ud835\uddd6\ud835\uddd4\ud835\udde7\ud835\udde2\ud835\udde5\ud835\udddc\ud835\uddd4 \u22c4 <a href=\"https:\/\/twitter.com\/hashtag\/SantAndreuCelta?src=hash&amp;ref_src=twsrc%5Etfw\" rel=\"nofollow noopener\" target=\"_blank\">#SantAndreuCelta<\/a> <a href=\"https:\/\/t.co\/K1D4njcniK\" rel=\"nofollow\">pic.twitter.com\/K1D4njcniK<\/a><\/p>\n<p>\u2014 Celta (@RCCelta) <a href=\"https:\/\/twitter.com\/RCCelta\/status\/1996241333845934536?ref_src=twsrc%5Etfw\" rel=\"nofollow noopener\" target=\"_blank\">December 3, 2025<\/a><\/p>\n<\/blockquote>\n<p>Muy buenas tardes, en poco menos de dos horas arranca el Sant Andreu &#8211; Celta de Vigo de la segunda ronda de la Copa del Rey.<\/p>\n<p>Duelo de m\u00e1xima dificultad para un equipo, el de Claudio Gir\u00e1ldez, que no se f\u00eda de un campo peque\u00f1o, que aprieta mucho y con c\u00e9sped artificial como el Narc\u00eds Sala.<\/p>\n<p>A partir de ahora os contaremos todo lo que suceda antes, durantes y despu\u00e9s del partido entre barceloneses y vigueses en esta eliminatoria a partido \u00fanico.<\/p>\n<p><img decoding=\"async\" src=\"https:\/\/www.europesays.com\/es\/wp-content\/uploads\/2025\/12\/diseno_sin_titulo_1png.png\" alt=\"Narc\u00eds Sala de Barcelona.\" width=\"660\" height=\"auto\"\/><br \/>\nNarc\u00eds Sala de Barcelona.<\/p>\n<p><script async src=\"https:\/\/platform.twitter.com\/widgets.js\" charset=\"utf-8\"><\/script><\/p>\n","protected":false},"excerpt":{"rendered":"M\u00e1s noticias M\u00e1s de M\u00e1s noticias de Celta de vigo El Celta de Vigo necesit\u00f3 este jueves la&hellip;\n","protected":false},"author":2,"featured_media":271917,"comment_status":"","ping_status":"","sticky":false,"template":"","format":"standard","meta":{"footnotes":""},"categories":[268],"tags":[168,25,24,280,282,281,23,167],"class_list":{"0":"post-271916","1":"post","2":"type-post","3":"status-publish","4":"format-standard","5":"has-post-thumbnail","7":"category-futbol","8":"tag-deportes","9":"tag-es","10":"tag-espana","11":"tag-football","12":"tag-futbol","13":"tag-soccer","14":"tag-spain","15":"tag-sports"},"share_on_mastodon":{"url":"https:\/\/pubeurope.com\/@es\/115665151678906276","error":""},"_links":{"self":[{"href":"https:\/\/www.europesays.com\/es\/wp-json\/wp\/v2\/posts\/271916","targetHints":{"allow":["GET"]}}],"collection":[{"href":"https:\/\/www.europesays.com\/es\/wp-json\/wp\/v2\/posts"}],"about":[{"href":"https:\/\/www.europesays.com\/es\/wp-json\/wp\/v2\/types\/post"}],"author":[{"embeddable":true,"href":"https:\/\/www.europesays.com\/es\/wp-json\/wp\/v2\/users\/2"}],"replies":[{"embeddable":true,"href":"https:\/\/www.europesays.com\/es\/wp-json\/wp\/v2\/comments?post=271916"}],"version-history":[{"count":0,"href":"https:\/\/www.europesays.com\/es\/wp-json\/wp\/v2\/posts\/271916\/revisions"}],"wp:featuredmedia":[{"embeddable":true,"href":"https:\/\/www.europesays.com\/es\/wp-json\/wp\/v2\/media\/271917"}],"wp:attachment":[{"href":"https:\/\/www.europesays.com\/es\/wp-json\/wp\/v2\/media?parent=271916"}],"wp:term":[{"taxonomy":"category","embeddable":true,"href":"https:\/\/www.europesays.com\/es\/wp-json\/wp\/v2\/categories?post=271916"},{"taxonomy":"post_tag","embeddable":true,"href":"https:\/\/www.europesays.com\/es\/wp-json\/wp\/v2\/tags?post=271916"}],"curies":[{"name":"wp","href":"https:\/\/api.w.org\/{rel}","templated":true}]}}