{"id":271918,"date":"2025-12-05T04:48:25","date_gmt":"2025-12-05T04:48:25","guid":{"rendered":"https:\/\/www.europesays.com\/es\/271918\/"},"modified":"2025-12-05T04:48:25","modified_gmt":"2025-12-05T04:48:25","slug":"descubrimos-a-patty-pravo-la-bambola-casi-octogenaria-que-ha-desbancado-a-rosalia-y-taylor-swift-del-numero-1-por-culpa-de-madonna","status":"publish","type":"post","link":"https:\/\/www.europesays.com\/es\/271918\/","title":{"rendered":"Descubrimos a Patty Pravo, la &#8216;bambola&#8217; (casi) octogenaria que ha desbancado a Rosal\u00eda y Taylor Swift del N\u00famero 1 por &#8216;culpa&#8217; de Madonna"},"content":{"rendered":"<p id=\"erzawsTDCP\" data-wc=\"235\">Estallaba el rumor y, en menos de un chasquido de dedos, corr\u00eda como la p\u00f3lvora por las redes y dinamitaba el podium de las listas de escucha en streaming. Ni Rosal\u00eda ni Aitana ni Billie Eilish o Bad Bunny. <a class=\"hm-link ho-link\" href=\"https:\/\/www.hola.com\/actualidad\/20251105865780\/madonna-se-rinde-a-los-pies-de-rosalia-tras-escuchar-lux-filtrado-en-internet-dos-dias-antes-de-su-estreno\/\" data-mrf-recirculation=\"article-body-link\" rel=\"nofollow noopener\" target=\"_blank\">Todos, adelantados por la derecha con un terremoto informativo con la potencia de un megat\u00f3n<\/a>. De hecho, bast\u00f3 con este enunciado para que\u00a0La perla\u00a0de la de giganta de Sant Esteve Sesrovires quedara reducida a polvo. Era \u00e9ste: \u00abAccording to an insider, <strong>Madonna recorded a cover of\u00a0Pensiero Stupendo,\u00a0an absolute classic by Patty Pravo<\/strong>\u201d. Ehhhh WTF? \u00bfMadonna? \u00bfPensiero stupendo? \u00bfUn cl\u00e1sico? \u00bfPatty Pravo? El mundo queer \u2014y todos sus aleda\u00f1os\u2014 daba la espalda a las \u00faltimas estrellas del pop, del rock, de la m\u00fasica urbana y latina para, al igual que la reina de Bay City (Michigan<strong>) volver la mirada a sus or\u00edgenes<\/strong>. A los m\u00e1s sofisticados, experimentales, glam (e italianos) para <strong>abandonarse as\u00ed y por completo a uno de los timbres y estilos m\u00e1s extra\u00f1amente elegantes y provocadores <\/strong>que ha parido el pa\u00eds de la bota. Eso, o que la curiosidad mata al gato y a la mism\u00edsima Taylor Swift porque medio mundo olvid\u00f3 su lista habitual de reproducciones para, ante una epifan\u00eda tal, <strong>descubrir por s\u00ed mismo qu\u00e9 vio la reina del pop en una \u201cdesconocida\u201d diva italiana<\/strong>. Una diva a la que, por cierto, te adelantamos, <strong>lleva copiando desde hace d\u00e9cadas.<\/strong><\/p>\n<p> <img src=\"https:\/\/www.europesays.com\/es\/wp-content\/uploads\/2025\/12\/d2d1dacc4408-gettyimages-158743175-612x612.jpg\"   width=\"806\" height=\"1024\" loading=\"lazy\" decoding=\"async\" alt=\"Patty Pravo\" fetchpriority=\"auto\" class=\"image ho-image\"\/>\u00a9 Getty Images<\/p>\n<p id=\"e66mX5TX4Wp\" data-wc=\"91\">Pero venga, va. Hazlo t\u00fa tambi\u00e9n. C\u00f3mo no permit\u00edrtelo\u2026 Vete a tu plataforma de \u201cconfi\u201d y teclea:<strong> \u201cPatty Pravo\u201d. Ve al disco\u00a0Miss Italia,\u00a0de 1978. Y ahora, Track 8. <\/strong>Y ya que tienes el \u00e1lbum delante, te vamos a contar qui\u00e9n es esta fantas\u00eda de mujer. Que tambi\u00e9n ya te habr\u00e1s dado cuenta, que no das cr\u00e9dito con la cover del LP\u2026 Pues por eso (y por m\u00e1s cosas), <strong>Madonna la emula desde el principio de los tiempos. <\/strong>Recorriendo d\u00e9cada a d\u00e9cada cada una de sus etapas musicales y est\u00e9ticas.\u00a0<\/p>\n<p> <img src=\"https:\/\/www.europesays.com\/es\/wp-content\/uploads\/2025\/12\/a8ab33480cee-gettyimages-1224636236.jpg\"   width=\"1024\" height=\"682\" loading=\"lazy\" decoding=\"async\" alt=\"Patty Pravo\" fetchpriority=\"auto\" class=\"image ho-image\"\/>\u00a9 Getty Images<\/p>\n<p id=\"egF86YPilGN\" data-wc=\"78\">Ella, lo est\u00e1s leyendo, es Patty Pravo. Tu abuela la conoce<strong>. Cantaba\u00a0<\/strong><strong>La bambola <\/strong>(s\u00ed, s\u00ed, tambi\u00e9n la version\u00f3 Marta S\u00e1nchez), <strong>un hit que la hizo mundialmente conocida y que supon\u00eda la respuesta italiana a La poup\u00e9e de cire, de France Gall<\/strong>. Pero, mientras que la ganadora de Eurovisi\u00f3n 1965 se reconoc\u00eda como una mu\u00f1eca de porcelana (o cera), la italiana, con su voz aguardentosa, se negaba a serlo y, m\u00e1s a\u00fan, si era de usar y tirar.\u00a0<\/p>\n<p> <img src=\"https:\/\/www.europesays.com\/es\/wp-content\/uploads\/2025\/12\/612b66a365a4-gettyimages-150336457-612x612.jpg\"   width=\"741\" height=\"1024\" loading=\"lazy\" decoding=\"async\" alt=\"Patty Pravo actuando en Televisi\u00f3n Espa\u00f1ola\" fetchpriority=\"auto\" class=\"image ho-image\"\/>\u00a9 Getty ImagesPatty Pravo actuando en Televisi\u00f3n Espa\u00f1ola<\/p>\n<p id=\"eNFubU3rhYe\" data-wc=\"144\">Porque ella <strong>ya era considerada la David Bowie femenina cuando a\u00fan David Bowie no era ni el David Bowie de Heroes <\/strong>o de Stage. Una mujer que a\u00fan hoy, a sus 77, volver\u00e1 en febrero a <a class=\"hm-link ho-link\" href=\"https:\/\/www.hola.com\/actualidad\/20221127339723\/fedez-chiara-ferragni-polemica-festival-sanremo\/\" data-mrf-recirculation=\"article-body-link\" rel=\"nofollow noopener\" target=\"_blank\">batirse el cobre sobre el escenario del Ariston del Festival Sanremo y que sigue provocando esc\u00e1ndalos. <\/a>Por sus actuaciones desprejuiciadas, (siempre de alta costura. Decirte que en la \u00faltima Semana de Par\u00eds, ten\u00eda <strong>mejor lugar en el\u00a0<\/strong><strong>front row<\/strong> que Pen\u00e9lope Cruz, Naomi Campbell y Tylda Swinton, porque es <strong>musa del<\/strong> <strong>director creativo de la Maison, Matthieu<\/strong> <strong>Blazy<\/strong>) y por su vida m\u00e1s desprejuiciada a\u00fan. Otro apunte,<strong> estuvo en la c\u00e1rcel por drogas y esc\u00e1ndalo p\u00fablico<\/strong>. De hecho P<strong>edro Almod\u00f3var se inspir\u00f3 en ella para su Becky del P\u00e1ramo de\u00a0<\/strong><strong>Tacones Lejanos<\/strong>\u00a0aunque Marisa Paredes cantara \u2014a trav\u00e9s de Luz Casal\u2014 un tema de Mina (Un anno d\u2019amore).\u00a0<\/p>\n<p> <img src=\"https:\/\/www.europesays.com\/es\/wp-content\/uploads\/2025\/12\/57f3bf9b8611-gettyimages-1142855284.jpg\"   width=\"617\" height=\"1024\" loading=\"lazy\" decoding=\"async\" alt=\"Patty Pravo\" fetchpriority=\"auto\" class=\"image ho-image\"\/>\u00a9 Getty Images<\/p>\n<p id=\"eFqdKO8NsG8\" data-wc=\"152\">\u00bfLo \u00faltimo de lo \u00faltimo (antes de explicarte lo de Madonna, obvio)? Que aparte de que en su \u201ctormentone\u201d veraniego \u2014Ratatan\u2014<strong>\u00a0sale en brazos de un mocet\u00f3n musculado como el bronce bru\u00f1ido con el que, se dijo tuvo, pudo haber un affaire, ya ha provocado la primera pol\u00e9mica en el festival m\u00e1s antiguo de Europa.\u00a0<\/strong>Que si bien todo hijo de vecino, ll\u00e1mase Fedez o Annalisa, tiene que ir con un tema in\u00e9dito, ella vuelve, s\u00ed, pero lo hace con el mismo tema con el que ya quiso concursar el a\u00f1o pasado. Sin cambiarle ni una coma. \u00abO esta o nada\u00bb. Y <strong>c<\/strong><strong>omo slogan ya aparece en camisetas en el lungomare de la ciudad,<\/strong> porque es un must tan rotundo como un castillo merece como m\u00ednimo una T-shirt. Y no es para menos.<strong> Todo en ella es majestuoso. O megal\u00f3mano. Grande grande grande.<\/strong> Como una instalaci\u00f3n de Cristo. Pero (con glamour) permanente.<\/p>\n<p> <img src=\"https:\/\/www.europesays.com\/es\/wp-content\/uploads\/2025\/12\/7dee8b5df672-gettyimages-56241255.jpg\"   width=\"680\" height=\"1024\" loading=\"lazy\" decoding=\"async\" alt=\"Madonna en la presentaci\u00f3n de su \u00e1lbum &quot;Confessions on a Dance Floor&quot; \" fetchpriority=\"auto\" class=\"image ho-image\"\/>\u00a9 Getty Images<\/p>\n<p id=\"esAquZ2nMwu\" data-wc=\"107\">Y Madonna lo sabe. Y<strong>a lo supo cuando grab\u00f3 el videoclip de Frozen, replicando el look de Patty de 1984 para la final de Sanremo<\/strong>. Cantando Per una bambola\u00a0(otra canci\u00f3n de mu\u00f1ecas\u2026) y <strong>vestida en maya de hierro, con patr\u00f3n de Maurice Bejart <\/strong>(ah\u00ed es nada) <strong>y aguja y dedal de Gianni Versace<\/strong>. Pero tambi\u00e9n con Hung up. O, incluso antes, con\u00a0<strong>Like a prayer,<\/strong><strong>\u00a0que rod\u00f3 en la ciudad natal de Patty\u2026 <\/strong>As\u00ed que, \u00bf\u00a1c\u00f3mo no va a saberlo ahora!? Especialmente cuando, pese a la diferencia de edad<strong>, ambas parecen hermanas siamesas.<\/strong> Como reci\u00e9n salidas del mismo cirujano pl\u00e1stico: <strong>rubias, felinas, andr\u00f3ginas y deliciosamente alien\u00edgenas. <\/strong><\/p>\n<p> <img src=\"https:\/\/www.europesays.com\/es\/wp-content\/uploads\/2025\/12\/06e2ef2bbcb3-gettyimages-1224636241.jpg\"   width=\"682\" height=\"1024\" loading=\"lazy\" decoding=\"async\" alt=\"Patty Pravo\" fetchpriority=\"auto\" class=\"image ho-image\"\/>\u00a9 Getty ImagesPatty, en una sesi\u00f3n de fotos reciente<\/p>\n<p> <img src=\"https:\/\/www.europesays.com\/es\/wp-content\/uploads\/2025\/12\/2f63f889d3c7-gettyimages-138322734-612x612.jpg\"   width=\"1024\" height=\"689\" loading=\"lazy\" decoding=\"async\" alt=\"Madonna en la Super Bowl\" fetchpriority=\"auto\" class=\"image ho-image\"\/>\u00a9 Getty ImagesMadonna en la Super Bowl<\/p>\n<p id=\"eobjRLewID3\" data-wc=\"130\">La popstar italoamericana h<strong>abr\u00eda grabado como tema central de su Confessions On A Dancefloor Part II, <\/strong>el <strong>cl\u00e1sico de Patty titulado Pensiero Stupendo <\/strong>pero, por primera vez, <strong>ahorr\u00e1ndose los subterfugios de la referencia, del esp\u00edritu est\u00e9tico o la imitaci\u00f3n.<\/strong> O sea, yendo a las claras. Abordando <strong>nota a nota la versi\u00f3n italoinglesa del \u00e9xito de la veneciana <\/strong>con el que ella ya <strong>intent\u00f3 el abordaje del mercado estadounidense a mediados de los 70 <\/strong>y que, a mediados de los dosmiles, tambi\u00e9n rescatar\u00eda Roisyn Murphy (\u00bfa que te est\u00e1s muriendo de ganas de escucharla ya?). El tema mantendr\u00eda el estribillo en la lengua de Dante, con lo que, tambi\u00e9n por primera vez, escuchar\u00edamos a Veronica Louise Ciccone cantar con el mismo acento con el que se com\u00eda los spaghetti en casa.<\/p>\n<p> <img src=\"https:\/\/www.europesays.com\/es\/wp-content\/uploads\/2025\/12\/4e17e3d98087-gettyimages-1487128183.jpg\"   width=\"716\" height=\"1024\" loading=\"lazy\" decoding=\"async\" alt=\"Patty Pravo\" fetchpriority=\"auto\" class=\"image ho-image\"\/>\u00a9 Getty Images<\/p>\n<p id=\"eof-JniaRpp\" data-wc=\"127\">\u00bfPor qu\u00e9 el condicional?<a class=\"hm-link ho-link\" href=\"https:\/\/www.hola.com\/actualidad\/20251127869795\/ornella-vanoni-diva-italiana-muerte-icono-elegancia-animal-televisivo-inspiracion-raperos-disenadores\/\" data-mrf-recirculation=\"article-body-link\" rel=\"nofollow noopener\" target=\"_blank\"> Porque la noticia no ha sido confirmada por ninguno de estos astros del espect\u00e1culo.<\/a> Es decir, la conjunci\u00f3n de sus \u00f3rbitas forma parte todav\u00eda de un futuro. <strong>\u00bfExplosivo? S\u00ed. \u00bfDeseable? Mucho. <\/strong>Pero a\u00fan en suspense, lo que no ha evitado que su onda expansiva se nos haya adelantado, ya tenga las dimensiones del hongo de una bomba H y haya sido devastador<strong>. Las escuchas de la Pravo se multiplicaron en un 500% en un solo d\u00eda<\/strong> y se incrementaron a\u00fan m\u00e1s a medida que iban pasando las horas y la noticia iba moviliz\u00e1ndose sin encontrar la vacuna del desmentido o de una voz autorizada que frenara la fiebre. N<strong>i \u201crepres\u201d, ni discogr\u00e1ficas\u2026 Ni las susodichas estrellas<\/strong>. Que podr\u00edan haberlo hecho. Ojo. Al alim\u00f3n.\u00a0<\/p>\n<p> <img src=\"https:\/\/www.europesays.com\/es\/wp-content\/uploads\/2025\/12\/1f8887912156-gettyimages-1470738770.jpg\"   width=\"1024\" height=\"720\" loading=\"lazy\" decoding=\"async\" alt=\"Madonna, con corset de Jean-Paul Gaultier, en Tokio\" fetchpriority=\"auto\" class=\"image ho-image\"\/>\u00a9 Getty ImagesMadonna durante un concierto en Tokio<\/p>\n<p id=\"eGu9kXERNmZn\" data-wc=\"170\">Porque <strong>Patty y Madonna se siguen en Instagram. Se mandan mensajitos de admiraci\u00f3n mutua,<\/strong> incluso Madonna ha colgado stories con su m\u00fasica de fondo o, directamente, con sus temas como protagonistas. Ora o mai piu, por ejemplo. Y quiz\u00e1s de ah\u00ed venga todo. De que en \u201cla tonter\u00eda\u201d de \u201c&#8230; guapa t\u00fa\/ no, t\u00fa\/ no, no, no, t\u00fa, m\u00e1s\u2026\u201d <strong>hablaron de una sesi\u00f3n de estudio compartida en donde cantaron un tema escrito por Ivano Fossati y Oscar Prudente<\/strong>\u2026 \u00a0Y ya sabes, siempre hay una amiga ratona que, atenta a las redes, te pilla en un renuncio. Blanco y en botella. El tema, con esos mimbres, solo pod\u00eda ser Pensiero stupendo. <strong>La yuxtaposici\u00f3n de sus nombres encendi\u00f3 las redes transalpinas<\/strong>. Y no solo, tambi\u00e9n el mundo \u201canglo\u201d se ha rendido a la idea, la de <strong>asistir a uno de los crossovers m\u00e1s sorprendentes y queer de los \u00faltimos a\u00f1os.<\/strong> Por darte otro \u00edtem, Ryan Murphy, creador de Pose, siempre introduce un tema de Patty en las bandas sonoras de sus series\u2026\u00a0<\/p>\n<p> <img src=\"https:\/\/www.europesays.com\/es\/wp-content\/uploads\/2025\/12\/1143d1fa4382-gettyimages-687059948.jpg\"   width=\"681\" height=\"1024\" loading=\"lazy\" decoding=\"async\" alt=\"Patty Pravo\" fetchpriority=\"auto\" class=\"image ho-image\"\/>\u00a9 Getty Images<\/p>\n<p id=\"ey57p25TwfZD\" data-wc=\"97\">Pero es que adem\u00e1s, ahora mismo, la industria musical vuelve a arder con\u00a0<strong>Bedtime Stories The Untold Chapter,\u00a0<\/strong><strong>el EP con el que Madonna celebra el 30\u00ba aniversario de su \u00e1lbum Bedtime Storie<\/strong><strong>s<\/strong>, con lo que, con esta cultural del \u201cy ahora, qu\u00e9?\u201d que nos devora, <strong>s<\/strong><strong>olo queremos saber c\u00f3mo ser\u00e1 la segunda parte del Confession por el 20\u00ba de aquella obra maestra de 2005<\/strong>. Una masterpiece que la italiana, est\u00e9ticamente al menos, ya nos adelant\u00f3 en 1977. Que si<strong> Madonna es la reina incontestable <\/strong>en eso de mezclar \u00e9pocas y lenguajes, la<strong> Pravo es Reina Madre. <\/strong><\/p>\n<p> <img src=\"https:\/\/www.europesays.com\/es\/wp-content\/uploads\/2025\/12\/e367f56f7ae1-gettyimages-97088755-612x612.jpg\"   width=\"1024\" height=\"679\" loading=\"lazy\" decoding=\"async\" alt=\"Patty Pravo en el programa italiano Scalo 76\" fetchpriority=\"auto\" class=\"image ho-image\"\/>\u00a9 Getty Images<\/p>\n<p id=\"eID97rjFTLhw\" data-wc=\"87\">Ya lo habr\u00e1s hecho\u2026 Que si no te has ido a tu plataforma de escuchas<strong>, te habr\u00e1s ido a Youtube y ah\u00ed te habr\u00e1s quedado en shock con la actuaci\u00f3n de la italiana en color satinado\u2026 <\/strong>Es de una Navidad. La de 1977 (\u00bfves lo que te dec\u00edamos?) y sin embargo, parece de 2046\u2026 Est\u00e1s en lo cierto. <strong>Con esa delgadez, ese pelo platino, ese maquillaje met\u00e1lico y ese ronroneo masculino y sensual\u2026 no parece de este planeta. <\/strong>Ni humana. Pero es <strong>irresis<\/strong><strong>tible<\/strong> y, sobre todo, <strong>provocadora<\/strong>.\u00a0<\/p>\n<p> <img src=\"https:\/\/www.europesays.com\/es\/wp-content\/uploads\/2025\/12\/e5b11a88f047-gettyimages-687059932-612x612.jpg\"   width=\"691\" height=\"1024\" loading=\"lazy\" decoding=\"async\" alt=\"Patty Pravo con su premio Telegatto\" fetchpriority=\"auto\" class=\"image ho-image\"\/>\u00a9 Getty Images<\/p>\n<p id=\"ebGmXuF7NkZ_\" data-wc=\"147\">Ocurr\u00eda despu\u00e9s de algunos a\u00f1os de <strong>ausencia involuntaria de las pantallas de televisi\u00f3n por sus cositas con la censura<\/strong>. Por aquello de sus <strong>desnudos en fanzines <\/strong>(que combinaba con, por ejemplo, con un Vogue Am\u00e9rica,) por su <strong>tenencia (y consumo) de drogas <\/strong>(que luego le cost\u00f3 la c\u00e1rcel a finales de los 80 y tambi\u00e9n primeros de los 90) y <a class=\"hm-link ho-link\" href=\"https:\/\/www.hola.com\/actualidad\/20231030352034\/mina-mazzini-cantante-italiana-ancora-viral\/\" data-mrf-recirculation=\"article-body-link\" rel=\"nofollow noopener\" target=\"_blank\">por sus declaraciones sobre su pr\u00e1ctica del poliamor (s\u00ed, el poliamor)<\/a>. Es que\u00a0<strong>Pensiero Stupendo\u00a0<\/strong><strong>va\u2026 de poliamor. <\/strong>Y qu\u00e9 mejor que cantar el tema un <strong>25 de diciembre en su vuelta a la RAI como decoraci\u00f3n de intenciones<\/strong>. N\u00f3tese la iron\u00eda\u2026 O si no, lee: \u00a0E tu\/E noi\/E lei\/Fra noi\/Vorrei\/Non so\/Che lei\/O no\/Le mani\/Le sue\u2026 Pensiero Stupendo. Ehhhhh, pues claro \u00bfC\u00f3mo no le iba a gustar esto a Madonna si se dice m\u00e1s en las barras de separaci\u00f3n de las estrofas que en los propios versos?\u00a0<\/p>\n<p> <img src=\"https:\/\/www.europesays.com\/es\/wp-content\/uploads\/2025\/12\/929898fc8fb7-gettyimages-1142855124.jpg\"   width=\"784\" height=\"1024\" loading=\"lazy\" decoding=\"async\" alt=\"Patty Pravo\" fetchpriority=\"auto\" class=\"image ho-image\"\/>\u00a9 Getty Images<\/p>\n<p id=\"eVN76wgNldJs\" data-wc=\"89\">La<strong> canci\u00f3n es una oda a los tr\u00edos en toda regla con la creaci\u00f3n,<\/strong> por si faltaba algo, de una nueva figura ret\u00f3rica, \u201cla elipsis sexual\u201d. <strong>Tan ambigua y tan f\u00e1cil \u2014o enrevesada\u2014 como un\u00a0<\/strong><strong>menage a trois<\/strong>. Y si no, compara con Je T\u2019Aime\u2026 Moi Non Plus de Gainsbourg. Nada que ver. Que<strong> aqu\u00ed est\u00e1 todo est\u00e1 en tu cabeza y, aunque nos mole igual, el jadeo expl\u00edcito de la Birkin se sit\u00faa en las ant\u00edpodas.<\/strong> Es m\u00e1s\u2026 m\u00e1s\u2026 pon tu el adjetivo que se nos han acabado.\u00a0<\/p>\n<p> <img src=\"https:\/\/www.europesays.com\/es\/wp-content\/uploads\/2025\/12\/3e9bc2b96b86-gettyimages-158742907.jpg\"   width=\"682\" height=\"1024\" loading=\"lazy\" decoding=\"async\" alt=\"Patty Pravo\" fetchpriority=\"auto\" class=\"image ho-image\"\/>\u00a9 Getty Images<\/p>\n<p id=\"e_li0l2naFEJ\" data-wc=\"136\">En cualquier caso, <strong>lo de Patty es menos obvio<\/strong>. Como la belleza de la niebla de su ciudad. Acuosa. Con un punto de melancol\u00eda. Y de irrealidad. Su vida tiene ese punto tambi\u00e9n de realismo m\u00e1gico. Como <strong>su apariencia, es como de cuento. \u00c9lfico<\/strong>. De ni\u00f1a, un cardenal, afable y bonach\u00f3n, le abr\u00eda el jard\u00edn de palacio para que jugara. Era el <strong>Palacio Roncalli y, aquel se\u00f1or, el futuro Juan XXIII.<\/strong> Aprend\u00eda palabras en <strong>i<\/strong><strong>ngl\u00e9s gracias a otro se\u00f1or americano expatriado,\u00a0<\/strong>simpatiqu\u00edsimo, que le compraba helados y le recitaba adivinanzas. \u00bfSu nombre? <strong>Ezra Pound\u00a0<\/strong>y los deberes, sobre todo, los de <strong>piano, los hac\u00eda en la terraza de una vecina<\/strong>, muy exc\u00e9ntrica, que sub\u00eda el instrumento hasta all\u00ed para que tocara con vistas a la Salute. Se trataba del <strong>Palazzo Nonfinito<\/strong> y,<strong> la vecina, Peggy Guggenheim. <\/strong><\/p>\n<p> <img src=\"https:\/\/www.europesays.com\/es\/wp-content\/uploads\/2025\/12\/8b9dd02ace9f-gettyimages-1777991344-612x612.jpg\"   width=\"1024\" height=\"682\" loading=\"lazy\" decoding=\"async\" alt=\"Patty Pravo en el programa italiano Domenica In\" fetchpriority=\"auto\" class=\"image ho-image\"\/>\u00a9 Getty Images<\/p>\n<p id=\"eSAP3VbTODPG\" data-wc=\"159\">Su <strong>primer \u00e9xito llega en 1966, con\u00a0Ragazzo Triste, l<\/strong>a versi\u00f3n italiana de But You&#8217;re Mine de Sonny Bono; luego llegar\u00eda <strong>Se perdo te\u00a0<\/strong><strong>y en 1968,\u00a0<\/strong><strong>La bambola\u2026<\/strong> Despu\u00e9s, se ir\u00eda a Estados Unidos (Los \u00c1ngeles, San Francisco, Nueva York\u2026) regresar\u00eda a Europa, a Londres,<strong> volver\u00eda a triunfar con Pazza idea en 1973<\/strong> y, por fin, <strong>Pensiero stupendo<\/strong><strong>&#8230; que la convirti\u00f3 en un s\u00edmbolo de trasgresi\u00f3n y en un icono de moda<\/strong>. Raro, original, inc\u00f3modo, irresistible, nuevo\u2026 que<strong> enamoraba por su extravagancia a Fellini y a Leo Ferr\u00e9, fascinaba a The Beatles o Paolo Conte<\/strong>, por su modernidad o a Jacques Brel por su carisma.<strong> Patty fue m\u00e1s salvaje que Mina, m\u00e1s ambigua que Dalida, m\u00e1s sexual que Kate Rush, y sobre todo, m\u00e1s a la vanguardia que la propia Madonna.<\/strong> Que antes que Madame X, Patty ya se puso el parche. \u00bfO es que has podido parar de ver sus actuaciones en TV sin despegar los ojos?\u00a0<\/p>\n<p> <img src=\"https:\/\/www.europesays.com\/es\/wp-content\/uploads\/2025\/12\/458ae81f9c24-gettyimages-158743225.jpg\"   width=\"706\" height=\"1024\" loading=\"lazy\" decoding=\"async\" alt=\"La cantante italiana Patty Pravo\" fetchpriority=\"auto\" class=\"image ho-image\"\/>\u00a9 Getty Images<\/p>\n<p id=\"ek1cGm4GlS0t\" data-wc=\"46\">Sigue, sigue. No te sientas culpable.<strong> Todo en ella es superlativo y, al mismo tiempo, inaprensible y sutil:<\/strong> \u201cLas historias que he tenido, incluso mis maridos (cinco, por cierto), fueron una manera de perder el tiempo. La vida s\u00f3lo es un buen recuerdo\u201d. Palabra de Patty<\/p>\n","protected":false},"excerpt":{"rendered":"Estallaba el rumor y, en menos de un chasquido de dedos, corr\u00eda como la p\u00f3lvora por las redes&hellip;\n","protected":false},"author":2,"featured_media":271919,"comment_status":"","ping_status":"","sticky":false,"template":"","format":"standard","meta":{"footnotes":""},"categories":[174],"tags":[517,255,146,147,25,24,256,15547,185,23],"class_list":{"0":"post-271918","1":"post","2":"type-post","3":"status-publish","4":"format-standard","5":"has-post-thumbnail","7":"category-famosos","8":"tag-actualidad","9":"tag-celebrities","10":"tag-entertainment","11":"tag-entretenimiento","12":"tag-es","13":"tag-espana","14":"tag-famosos","15":"tag-madonna","16":"tag-musica","17":"tag-spain"},"share_on_mastodon":{"url":"https:\/\/pubeurope.com\/@es\/115665156293038313","error":""},"_links":{"self":[{"href":"https:\/\/www.europesays.com\/es\/wp-json\/wp\/v2\/posts\/271918","targetHints":{"allow":["GET"]}}],"collection":[{"href":"https:\/\/www.europesays.com\/es\/wp-json\/wp\/v2\/posts"}],"about":[{"href":"https:\/\/www.europesays.com\/es\/wp-json\/wp\/v2\/types\/post"}],"author":[{"embeddable":true,"href":"https:\/\/www.europesays.com\/es\/wp-json\/wp\/v2\/users\/2"}],"replies":[{"embeddable":true,"href":"https:\/\/www.europesays.com\/es\/wp-json\/wp\/v2\/comments?post=271918"}],"version-history":[{"count":0,"href":"https:\/\/www.europesays.com\/es\/wp-json\/wp\/v2\/posts\/271918\/revisions"}],"wp:featuredmedia":[{"embeddable":true,"href":"https:\/\/www.europesays.com\/es\/wp-json\/wp\/v2\/media\/271919"}],"wp:attachment":[{"href":"https:\/\/www.europesays.com\/es\/wp-json\/wp\/v2\/media?parent=271918"}],"wp:term":[{"taxonomy":"category","embeddable":true,"href":"https:\/\/www.europesays.com\/es\/wp-json\/wp\/v2\/categories?post=271918"},{"taxonomy":"post_tag","embeddable":true,"href":"https:\/\/www.europesays.com\/es\/wp-json\/wp\/v2\/tags?post=271918"}],"curies":[{"name":"wp","href":"https:\/\/api.w.org\/{rel}","templated":true}]}}