{"id":271924,"date":"2025-12-05T04:55:09","date_gmt":"2025-12-05T04:55:09","guid":{"rendered":"https:\/\/www.europesays.com\/es\/271924\/"},"modified":"2025-12-05T04:55:09","modified_gmt":"2025-12-05T04:55:09","slug":"hallan-un-patron-en-enfermedades-de-cerebro-e-intestino-que-mejoraria-la-deteccion-del-parkinson","status":"publish","type":"post","link":"https:\/\/www.europesays.com\/es\/271924\/","title":{"rendered":"Hallan un patr\u00f3n en enfermedades de cerebro e intestino que mejorar\u00eda la detecci\u00f3n del P\u00e1rkinson"},"content":{"rendered":"<p class=\"c-paragraph\">Una investigaci\u00f3n liderada por el CSIC y el CIBERSAM se\u00f1ala que tres reguladores de la<b> expresi\u00f3n de genes <\/b>aparecen alterados en el<b> P\u00e1rkinson,<\/b> la depresi\u00f3n y la disfunci\u00f3n intestinal, lo que podr\u00eda permitir un posible diagn\u00f3stico y una intervenci\u00f3n temprana.<\/p>\n<p class=\"c-paragraph\">Publicada en &#8216;Journal of Neuroinflammation&#8217;, ofrece una \u00abevidencia directa de un proceso patol\u00f3gico paralelo que abarca el <b>eje intestino-cerebro <\/b>y sugiere un bucle inflamatorio<b> bidireccional\u00bb, <\/b>informa la Delegaci\u00f3n del CSIC en Catalunya este jueves en un comunicado. Adem\u00e1s,\u00a0 el equipo ha hallado un <b>mecanismo molecular <\/b>que probar\u00eda esa conexi\u00f3n: han identificado la misma desregulaci\u00f3n de tres microRNA en muestras post-mortem del cerebro de pacientes con P\u00e1rkinson y con <b>trastorno depresivo.<\/b><\/p>\n<p class=\"c-paragraph\">Los investigadores han podido reproducir y confirmar la misma <b>cascada molecular<\/b> en dos modelos de rat\u00f3n: el primero, un modelo con estr\u00e9s que presenta un perfil similar a la<b> depresi\u00f3n<\/b>, mostraba el mismo patr\u00f3n alterado de microRNA y un aumento de los marcadores inflamatorios en el cerebro.<\/p>\n<p class=\"c-paragraph\">En un segundo modelo, con una sobreexpresi\u00f3n patol\u00f3gica de alfa-sinucle\u00edna en las<b> <a href=\"https:\/\/www.20minutos.es\/salud\/actualidad\/neurologo-alejandro-andersson-alerta-habito-fundamental-evitar-perdida-memoria-5685730\/\" title=\"El neur\u00f3logo Alejandro Andersson alerta sobre el h\u00e1bito fundamental para evitar la p\u00e9rdida de memoria\" rel=\"nofollow noopener\" target=\"_blank\">neuronas de serotonina<\/a><\/b><a href=\"\"> <\/a>y que desarrolla un fenotipo depresivo y de P\u00e1rkinson, tambi\u00e9n se repet\u00eda el <b>patr\u00f3n exacto<\/b> de microRNA y de inflamaci\u00f3n, tanto en el cerebro como en el<b> intestino.<\/b><\/p>\n<p class=\"c-paragraph\">La investigadora Analia Bortolozzi, que ha liderado el equipo, destaca que este estudio \u00abidentifica este eje espec\u00edfico de inflamaci\u00f3n, la tr\u00edada de microRNA actuando sobre los <b>marcadores de inflamaci\u00f3n<\/b>, como un mecanismo molecular com\u00fan que conecta la fisiopatolog\u00eda del P\u00e1rkinson, depresi\u00f3n y la <b>disfunci\u00f3n intestinal\u00bb.<\/b><\/p>\n<p>Aplicaci\u00f3n<\/p>\n<p class=\"c-paragraph\">Los investigadores se\u00f1ala que en el caso de los humanos esta investigaci\u00f3n solo analiz\u00f3 muestras de <b>tejido cerebral<\/b>, pero que \u00abexisten otros estudios que han confirmado la presencia de la acumulaci\u00f3n patol\u00f3gica de<b> alfa-sinucle\u00edna<\/b> en el intestino\u00bb.\u00a0Adem\u00e1s, explican, se sabe que los s\u00edntomas gastrointestinales a menudo preceden a los s\u00edntomas motores en a\u00f1os, \u00absi bien no todos los pacientes parecen seguir este patr\u00f3n de<b> propagaci\u00f3n\u00bb.<\/b><\/p>\n<p class=\"c-paragraph\">Asimismo, Bortolozzi ha apuntado que\u00a0\u00abm\u00e1s del 80% de los pacientes con P\u00e1rkinson presentan <b>trastornos gastrointestinales<\/b>, y existe una asociaci\u00f3n bidireccional entre P\u00e1rkinson, depresi\u00f3n y enfermedades <b>inflamatorias intestinales\u00bb.<\/b> Una de las implicaciones futuras de esta investigaci\u00f3n es el potencial de este patr\u00f3n de microRNA como biomarcador: dado que este patr\u00f3n tambi\u00e9n existe en el tejido intestinal del <b>modelo animal<\/b>, \u00abla idea de analizarlos en biopsias intestinales de pacientes vivos es una extensi\u00f3n l\u00f3gica y muy relevante de este trabajo\u00bb.<\/p>\n","protected":false},"excerpt":{"rendered":"Una investigaci\u00f3n liderada por el CSIC y el CIBERSAM se\u00f1ala que tres reguladores de la expresi\u00f3n de genes&hellip;\n","protected":false},"author":2,"featured_media":271925,"comment_status":"","ping_status":"","sticky":false,"template":"","format":"standard","meta":{"footnotes":""},"categories":[92],"tags":[2670,6525,2996,25,24,165,25480,3351,166,23],"class_list":{"0":"post-271924","1":"post","2":"type-post","3":"status-publish","4":"format-standard","5":"has-post-thumbnail","7":"category-salud","8":"tag-cerebro","9":"tag-deteccion","10":"tag-enfermedad","11":"tag-es","12":"tag-espana","13":"tag-health","14":"tag-intestino","15":"tag-parkinson","16":"tag-salud","17":"tag-spain"},"share_on_mastodon":{"url":"https:\/\/pubeurope.com\/@es\/115665183125483297","error":""},"_links":{"self":[{"href":"https:\/\/www.europesays.com\/es\/wp-json\/wp\/v2\/posts\/271924","targetHints":{"allow":["GET"]}}],"collection":[{"href":"https:\/\/www.europesays.com\/es\/wp-json\/wp\/v2\/posts"}],"about":[{"href":"https:\/\/www.europesays.com\/es\/wp-json\/wp\/v2\/types\/post"}],"author":[{"embeddable":true,"href":"https:\/\/www.europesays.com\/es\/wp-json\/wp\/v2\/users\/2"}],"replies":[{"embeddable":true,"href":"https:\/\/www.europesays.com\/es\/wp-json\/wp\/v2\/comments?post=271924"}],"version-history":[{"count":0,"href":"https:\/\/www.europesays.com\/es\/wp-json\/wp\/v2\/posts\/271924\/revisions"}],"wp:featuredmedia":[{"embeddable":true,"href":"https:\/\/www.europesays.com\/es\/wp-json\/wp\/v2\/media\/271925"}],"wp:attachment":[{"href":"https:\/\/www.europesays.com\/es\/wp-json\/wp\/v2\/media?parent=271924"}],"wp:term":[{"taxonomy":"category","embeddable":true,"href":"https:\/\/www.europesays.com\/es\/wp-json\/wp\/v2\/categories?post=271924"},{"taxonomy":"post_tag","embeddable":true,"href":"https:\/\/www.europesays.com\/es\/wp-json\/wp\/v2\/tags?post=271924"}],"curies":[{"name":"wp","href":"https:\/\/api.w.org\/{rel}","templated":true}]}}