{"id":271931,"date":"2025-12-05T05:00:14","date_gmt":"2025-12-05T05:00:14","guid":{"rendered":"https:\/\/www.europesays.com\/es\/271931\/"},"modified":"2025-12-05T05:00:14","modified_gmt":"2025-12-05T05:00:14","slug":"asi-se-ha-cuadruplicado-la-poblacion-de-jabalies-espanoles-en-dos-decadas-clima-y-medio-ambiente","status":"publish","type":"post","link":"https:\/\/www.europesays.com\/es\/271931\/","title":{"rendered":"As\u00ed se ha cuadruplicado la poblaci\u00f3n de jabal\u00edes espa\u00f1oles en dos d\u00e9cadas | Clima y Medio Ambiente"},"content":{"rendered":"<p class=\"\">En los \u00faltimos veinte a\u00f1os, la poblaci\u00f3n de jabal\u00edes en Espa\u00f1a se ha disparado: se estima que ronda los dos millones de ejemplares tras multiplicarse por cuatro. El <a href=\"https:\/\/elpais.com\/ciencia\/2025-12-03\/desarmados-ante-la-peor-pandemia-animal-de-la-historia.html\" target=\"_self\" rel=\"nofollow noopener\" title=\"https:\/\/elpais.com\/ciencia\/2025-12-03\/desarmados-ante-la-peor-pandemia-animal-de-la-historia.html\">brote de peste porcina africana<\/a> en Barcelona \u2015que deja hasta el momento 13 jabal\u00edes muertos\u2015 ha reabierto la pol\u00e9mica sobre si existe un exceso de ejemplares y la forma de gesti\u00f3n. <a href=\"https:\/\/elpais.com\/clima-y-medio-ambiente\/2025-12-01\/claves-de-la-peste-porcina-demasiados-jabalies-sueltos-un-virus-muy-contagioso-y-la-posible-pista-del-bocata.html\" target=\"_self\" rel=\"nofollow noopener\" title=\"https:\/\/elpais.com\/clima-y-medio-ambiente\/2025-12-01\/claves-de-la-peste-porcina-demasiados-jabalies-sueltos-un-virus-muy-contagioso-y-la-posible-pista-del-bocata.html\">Al peligro del virus<\/a> para la caba\u00f1a porcina se suma que en ese avance exponencial muchos jabal\u00edes han cambiado de h\u00e1bitos y se acercan m\u00e1s a las zonas urbanas, al olor de la comida f\u00e1cil, sin que les afecte la presencia humana. En 2000 se abatieron en Espa\u00f1a 118.885 jabal\u00edes, y en la temporada de caza 2022-2023 la cifra subi\u00f3 a 450.150. <\/p>\n<p class=\"\">A pesar de que <a href=\"https:\/\/elpais.com\/espana\/2024-10-22\/la-costa-del-sol-declara-la-guerra-al-jabali.html\" target=\"_self\" rel=\"nofollow noopener\" title=\"https:\/\/elpais.com\/espana\/2024-10-22\/la-costa-del-sol-declara-la-guerra-al-jabali.html\">la especie vive una \u00e9poca de bonanza<\/a>, no crece igual en todos los lugares, e incluso en algunas \u00e1reas la curva se est\u00e1 estabilizando, \u201cporque se llega a la carga m\u00e1xima y ese aumento no puede ser infinito\u201d, explica Joaqu\u00edn Vicente, catedr\u00e1tico de la Universidad de Castilla-La Mancha en Sanidad Animal e investigador del Instituto de Investigaci\u00f3n en Recursos Cineg\u00e9ticos (IREC) del CSIC. <\/p>\n<p class=\"\">En el Arco Mediterr\u00e1neo el incremento poblacional es elevado, \u201cdesde Francia a Murcia; de hecho tiene continuidad hasta Italia\u201d. Catalu\u00f1a, donde se ha producido el brote de peste porcina africana, es una de las comunidades que m\u00e1s destaca en Espa\u00f1a, con un 100% de subida en la caza \u2015 un indicador de crecimiento poblacional\u2015 en una d\u00e9cada. En 2022-2023 se cazaron 70.736. <\/p>\n<p class=\"\">En esta zona <a href=\"https:\/\/elpais.com\/clima-y-medio-ambiente\/2024-09-15\/el-gran-avance-del-bosque-en-espana-asi-ha-cambiado-el-paisaje-en-100-anos.html\" target=\"_self\" rel=\"nofollow noopener\" title=\"https:\/\/elpais.com\/clima-y-medio-ambiente\/2024-09-15\/el-gran-avance-del-bosque-en-espana-asi-ha-cambiado-el-paisaje-en-100-anos.html\">juega a favor de la especie el h\u00e1bitat, un bosque mediterr\u00e1neo<\/a> relativamente h\u00famedo alternado con cultivos en el que encuentran refugio y comida todo el a\u00f1o. A ello, se suman los restos que localizan en la basura cerca de las ciudades. <\/p>\n<p class=\"\">El \u00e1rea de Levante tambi\u00e9n gusta al jabal\u00ed, y mucho. En la Comunidad Valenciana y Murcia la caza de jabal\u00edes ha crecido casi un 300%, triplic\u00e1ndose en 12 a\u00f1os. \u201cSeguramente, le ha ayudado la producci\u00f3n agr\u00edcola intensiva, una de sus fuentes de alimentaci\u00f3n\u201d, plantea Vicente. <\/p>\n<p class=\"\">Destacan tambi\u00e9n dos provincias de Castilla-La Mancha (Toledo y Ciudad Real) con elevada tradici\u00f3n cineg\u00e9tica y manejos del territorio bastante intensivos (fincas de caza, algunas valladas que promueven elevadas densidades de especies cineg\u00e9ticas como el jabal\u00ed, b\u00e1sicamente con alimentaci\u00f3n artificial). En la meseta Norte, la poblaci\u00f3n de Madrid y Castilla y Le\u00f3n crece al mismo ritmo que en Catalu\u00f1a. <\/p>\n<p class=\"\">En la zona cant\u00e1brica, sin embargo, los aumentos son moderados. \u201cCoincide con la presencia del lobo, lo que permitir\u00eda gestionar la caza de una forma m\u00e1s natural y, adem\u00e1s, los cambios agr\u00edcolas que favorecen al jabal\u00ed (intensificaci\u00f3n de la producci\u00f3n) son menos marcados aqu\u00ed\u201d, a\u00f1ade Vicente. Y aunque tambi\u00e9n se ha producido un abandono del campo, coincide con la principal \u00e1rea de <a href=\"https:\/\/elpais.com\/clima-y-medio-ambiente\/2025-06-27\/el-nuevo-censo-del-lobo-detecta-333-manadas-en-espana-un-aumento-de-36-que-no-garantiza-su-futuro.html\" target=\"_self\" rel=\"nofollow noopener\" title=\"https:\/\/elpais.com\/clima-y-medio-ambiente\/2025-06-27\/el-nuevo-censo-del-lobo-detecta-333-manadas-en-espana-un-aumento-de-36-que-no-garantiza-su-futuro.html\">distribuci\u00f3n de los grandes depredadores ib\u00e9ricos<\/a>, que pueden contribuir al control de la poblaci\u00f3n. <\/p>\n<p>Comida, m\u00e1s vegetaci\u00f3n y basura<\/p>\n<p class=\"\">El factor clave en la expansi\u00f3n del mam\u00edfero es la comida disponible. La encuentran tanto en un \u00e1mbito rural, que al ser abandonado tiene una mayor cobertura vegetal y adem\u00e1s les ofrece refugio, como en \u00e1reas peri urbanas y urbanas. En estas rebuscan entre la basura, visitan huertos e incluso se comen los piensos que se dejan para alimentar a colonias felinas. La agricultura intensiva, por ejemplo, los maizales, se ha convertido en otro de los supermercados que visitan. La subida de las temperaturas por el cambio clim\u00e1tico favorece, a su vez, una mayor supervivencia de las cr\u00edas. La falta de depredadores como el lobo tambi\u00e9n le ayuda. <\/p>\n<p class=\"\">Adem\u00e1s, \u201cpara ser un mam\u00edfero mediano-grande tiene una estrategia reproductiva m\u00e1s similar a la de un roedor con muchas cr\u00edas\u201d, a\u00f1ade Gregorio Mentaberre, veterinario y profesor en la Universidad de Lleida y especialista en gesti\u00f3n poblacional y sanitaria de fauna silvestre. Muchas mueren en el camino, pero aun as\u00ed, sobrevive un n\u00famero importante de animales.<\/p>\n<p>Un l\u00edmite dif\u00edcil de marcar<\/p>\n<p class=\"\">El concepto de sobreabundancia es dif\u00edcil de determinar, advierte el investigar Joaqu\u00edn Vicente. \u201cDesde el punto de vista del conflicto humano se podr\u00eda interpretar como el momento en el que percibimos que la especie nos hace da\u00f1o o nos amenaza\u201d, comenta. Pero, a\u00f1ade, independientemente del n\u00famero de jabal\u00edes, existen unos par\u00e1metros m\u00e1s objetivos: cuando los da\u00f1os que producen repercuten en la biodiversidad, sobre el medio, incluso afectan a las caracter\u00edsticas del ecosistema y pueden incrementar el riesgo de que haya enfermedades que pasen a los humanos. <\/p>\n<p><img decoding=\"auto\" class=\"_re lazyload a_m-h\" height=\"233\"  width=\"414\"  src=\"https:\/\/www.europesays.com\/es\/wp-content\/uploads\/2025\/12\/JMU3HCVXDNDTLFUYKOMVVN3UXA.jpg\" loading=\"lazy\"\/>En la imagen jabalies en una calle de Esplugues de Llobregat, cerca del parque de Collserola.  (Barcelona)Massimiliano Minocri<\/p>\n<p class=\"\">\u201cEl jabal\u00ed, sin ninguna duda, en ciertas densidades que van a variar seg\u00fan el lugar, va a producir este tipo de da\u00f1os, de disfunciones y ah\u00ed nosotros s\u00ed que tenemos que actuar y gestionarlo\u201d, concreta. <\/p>\n<p class=\"\">Ecologistas en Acci\u00f3n rechaza que se criminalice a una especie silvestre como el jabal\u00ed como consecuencia del brote de peste porcina. La organizaci\u00f3n apunta a que el problema se encuentra en la insostenibilidad del modelo agroindustrial con granjas en las que se cr\u00eda a miles de cerdos sin espacio. Rechaza que esta situaci\u00f3n justifique medidas de mayor presi\u00f3n y sacrificios masivos de estos mam\u00edferos que son propios de ecosistemas europeos. <\/p>\n<p class=\"\">Mentaberre, especialista en gesti\u00f3n de fauna silvestre, a\u00f1ade que \u201cdesde el sector agr\u00edcola y ganadero se tiende a demonizar a la fauna y el jabal\u00ed es otra v\u00edctima, el virus no lo ha tra\u00eddo el jabal\u00ed, sino la actividad humana\u201d. Lo dice en referencia a la hip\u00f3tesis que se maneja de que el PPA haya llegado a alg\u00fan jabal\u00ed tras comer restos de un bocadillo con alg\u00fan producto de cerdo contaminado. <\/p>\n<p class=\"\">\u201cLa gesti\u00f3n actual se centra en el jabal\u00ed, porque una parte de la sociedad pide que se prime la econom\u00eda y los intereses humanos\u201d, explica. Mentaberre est\u00e1 convencido de que si se realizara una consulta p\u00fablica, ese ser\u00eda el resultado. <\/p>\n<p class=\"\">La gesti\u00f3n futura de la especie \u201ces un desaf\u00edo\u201d, considera Vicente. El entorno polarizado \u2015a favor y en contra de la captura y muerte de los animales\u2015, la disminuci\u00f3n en el n\u00famero de cazadores y la continuidad de las causas que favorecen su expansi\u00f3n, complican la situaci\u00f3n. A lo que se suma \u201cun entorno globalizado con una red de transportes que te trae una enfermedad como la peste porcina en unas horas desde el centro o este de Europa\u201d, concluye Vicente. <\/p>\n","protected":false},"excerpt":{"rendered":"En los \u00faltimos veinte a\u00f1os, la poblaci\u00f3n de jabal\u00edes en Espa\u00f1a se ha disparado: se estima que ronda&hellip;\n","protected":false},"author":2,"featured_media":271932,"comment_status":"","ping_status":"","sticky":false,"template":"","format":"standard","meta":{"footnotes":""},"categories":[8],"tags":[3685,17,18,1980,19446,25,24,13,14,11,65111,19,20,6688,9,10,15,16,65110,24356,43488,30308,492,23,12,21,22],"class_list":{"0":"post-271931","1":"post","2":"type-post","3":"status-publish","4":"format-standard","5":"has-post-thumbnail","7":"category-espana","8":"tag-animales","9":"tag-breaking-news","10":"tag-breakingnews","11":"tag-cataluna","12":"tag-caza","13":"tag-es","14":"tag-espana","15":"tag-featured-news","16":"tag-featurednews","17":"tag-headlines","18":"tag-jabalies","19":"tag-latest-news","20":"tag-latestnews","21":"tag-medio-ambiente","22":"tag-news","23":"tag-noticias","24":"tag-noticias-destacadas","25":"tag-noticiasdestacadas","26":"tag-peste-porcina","27":"tag-proteccion-ambiental","28":"tag-proteccion-animales","29":"tag-proteccion-espacios-naturales","30":"tag-sociedad","31":"tag-spain","32":"tag-titulares","33":"tag-ultimas-noticias","34":"tag-ultimasnoticias"},"share_on_mastodon":{"url":"https:\/\/pubeurope.com\/@es\/115665202938602802","error":""},"_links":{"self":[{"href":"https:\/\/www.europesays.com\/es\/wp-json\/wp\/v2\/posts\/271931","targetHints":{"allow":["GET"]}}],"collection":[{"href":"https:\/\/www.europesays.com\/es\/wp-json\/wp\/v2\/posts"}],"about":[{"href":"https:\/\/www.europesays.com\/es\/wp-json\/wp\/v2\/types\/post"}],"author":[{"embeddable":true,"href":"https:\/\/www.europesays.com\/es\/wp-json\/wp\/v2\/users\/2"}],"replies":[{"embeddable":true,"href":"https:\/\/www.europesays.com\/es\/wp-json\/wp\/v2\/comments?post=271931"}],"version-history":[{"count":0,"href":"https:\/\/www.europesays.com\/es\/wp-json\/wp\/v2\/posts\/271931\/revisions"}],"wp:featuredmedia":[{"embeddable":true,"href":"https:\/\/www.europesays.com\/es\/wp-json\/wp\/v2\/media\/271932"}],"wp:attachment":[{"href":"https:\/\/www.europesays.com\/es\/wp-json\/wp\/v2\/media?parent=271931"}],"wp:term":[{"taxonomy":"category","embeddable":true,"href":"https:\/\/www.europesays.com\/es\/wp-json\/wp\/v2\/categories?post=271931"},{"taxonomy":"post_tag","embeddable":true,"href":"https:\/\/www.europesays.com\/es\/wp-json\/wp\/v2\/tags?post=271931"}],"curies":[{"name":"wp","href":"https:\/\/api.w.org\/{rel}","templated":true}]}}