{"id":271935,"date":"2025-12-05T05:05:12","date_gmt":"2025-12-05T05:05:12","guid":{"rendered":"https:\/\/www.europesays.com\/es\/271935\/"},"modified":"2025-12-05T05:05:12","modified_gmt":"2025-12-05T05:05:12","slug":"espectacular-inicio-de-augusto-nunez-en-el-campeonato-abierto-del-oeste","status":"publish","type":"post","link":"https:\/\/www.europesays.com\/es\/271935\/","title":{"rendered":"\u00a1Espectacular inicio de Augusto N\u00fa\u00f1ez en el Campeonato Abierto del Oeste!"},"content":{"rendered":"<p><img fetchpriority=\"high\" decoding=\"async\" class=\"alignnone size-full wp-image-117811\" src=\"https:\/\/www.europesays.com\/es\/wp-content\/uploads\/2025\/12\/Primera-ronda-_98-copia.jpeg\" alt=\"\" width=\"1903\" height=\"640\"  \/><\/p>\n<p>Con 61 golpes, Augusto N\u00fa\u00f1ez puso paso firme desde el inicio del campeonato para establecer once bajo el par y una diferencia de seis con respecto a F\u00e9lix C\u00f3rdoba. Fabi\u00e1n G\u00f3mez, que viene de ganar en Rosario, se ubica en la tercera posici\u00f3n con 68 golpes, uno menos que lo registrado por Abel Gallegos, Sergiio Acevedo, Mat\u00edas Simaski y Mateo Fern\u00e1ndez de Oliveira.<\/p>\n<p>La ronda inicial del puntero cont\u00f3 con aciertos en los hoyos 2, 3, 5, 7, 8, 10, 12, 13, 14, 17, 18. M\u00e1s del cincuenta por ciento de efectividad para el Profesional de Tucum\u00e1n, que no cometi\u00f3 errores en la espl\u00e9ndida tarde mendocina.<\/p>\n<p><img loading=\"lazy\" decoding=\"async\" class=\"alignnone size-full wp-image-117810\" src=\"https:\/\/www.europesays.com\/es\/wp-content\/uploads\/2025\/12\/Primera-ronda-_8.jpg\" alt=\"\" width=\"1903\" height=\"640\"  \/><\/p>\n<p>Por su parte, Alejandro Marsano (foto), del club anfitri\u00f3n, es el mejor Aficionado hasta el momento. Con 70 golpes en su haber, baja dos golpes el par del Club de Campo Mendoza con birdies se\u00f1alados en los casilleros de los hoyos 3, 7, 13 y solamente un bogey en el 9. Detr\u00e1s de \u00e9l, con 71 golpes, se encuentran los locales Pablo Bernal y Facundo Gonz\u00e1lez Villanueva, Gonzalo Oliva Pinto del C\u00f3rdoba GC y Emilio Benenati, tambi\u00e9n de la instituci\u00f3n que oficia como sede.<\/p>\n<p>La primera edici\u00f3n del Campeonato Abierto del Oeste se disput\u00f3 en 2024. En esa oportunidad, Ignacio Marino se qued\u00f3 con el t\u00edtulo. El profesional de R\u00edo Cuarto arranc\u00f3 la jornada final con dos golpes de ventaja en la punta, para anotar 68 golpes y sumar 273 en total (-15). En la Scratch, Mateo Pulcini fue el ganador.<\/p>\n","protected":false},"excerpt":{"rendered":"Con 61 golpes, Augusto N\u00fa\u00f1ez puso paso firme desde el inicio del campeonato para establecer once bajo el&hellip;\n","protected":false},"author":2,"featured_media":271936,"comment_status":"","ping_status":"","sticky":false,"template":"","format":"standard","meta":{"footnotes":""},"categories":[275],"tags":[168,25,24,329,23,167],"class_list":{"0":"post-271935","1":"post","2":"type-post","3":"status-publish","4":"format-standard","5":"has-post-thumbnail","7":"category-golf","8":"tag-deportes","9":"tag-es","10":"tag-espana","11":"tag-golf","12":"tag-spain","13":"tag-sports"},"share_on_mastodon":{"url":"https:\/\/pubeurope.com\/@es\/115665222317557865","error":""},"_links":{"self":[{"href":"https:\/\/www.europesays.com\/es\/wp-json\/wp\/v2\/posts\/271935","targetHints":{"allow":["GET"]}}],"collection":[{"href":"https:\/\/www.europesays.com\/es\/wp-json\/wp\/v2\/posts"}],"about":[{"href":"https:\/\/www.europesays.com\/es\/wp-json\/wp\/v2\/types\/post"}],"author":[{"embeddable":true,"href":"https:\/\/www.europesays.com\/es\/wp-json\/wp\/v2\/users\/2"}],"replies":[{"embeddable":true,"href":"https:\/\/www.europesays.com\/es\/wp-json\/wp\/v2\/comments?post=271935"}],"version-history":[{"count":0,"href":"https:\/\/www.europesays.com\/es\/wp-json\/wp\/v2\/posts\/271935\/revisions"}],"wp:featuredmedia":[{"embeddable":true,"href":"https:\/\/www.europesays.com\/es\/wp-json\/wp\/v2\/media\/271936"}],"wp:attachment":[{"href":"https:\/\/www.europesays.com\/es\/wp-json\/wp\/v2\/media?parent=271935"}],"wp:term":[{"taxonomy":"category","embeddable":true,"href":"https:\/\/www.europesays.com\/es\/wp-json\/wp\/v2\/categories?post=271935"},{"taxonomy":"post_tag","embeddable":true,"href":"https:\/\/www.europesays.com\/es\/wp-json\/wp\/v2\/tags?post=271935"}],"curies":[{"name":"wp","href":"https:\/\/api.w.org\/{rel}","templated":true}]}}