{"id":271938,"date":"2025-12-05T05:10:10","date_gmt":"2025-12-05T05:10:10","guid":{"rendered":"https:\/\/www.europesays.com\/es\/271938\/"},"modified":"2025-12-05T05:10:10","modified_gmt":"2025-12-05T05:10:10","slug":"directo-cartagena-fc-valencia-cf-la-copa-del-rey-en-vivo","status":"publish","type":"post","link":"https:\/\/www.europesays.com\/es\/271938\/","title":{"rendered":"Directo | Cartagena FC &#8211; Valencia CF, la Copa del Rey en vivo"},"content":{"rendered":"<p class=\"ft-text\"><strong>El\u00a0<\/strong><a href=\"https:\/\/www.superdeporte.es\/tags\/valencia-cf\/\" class=\"ft-link ft-link--decoration\" rel=\"nofollow noopener\" target=\"_blank\"><strong>Valencia CF<\/strong><\/a><strong>\u00a0afronta la semana m\u00e1s dura en lo que va de curso<\/strong>\u00a0con tres partidos en siete d\u00edas. Hoy se presenta en la\u00a0<strong>segunda ronda de la\u00a0<\/strong><a href=\"https:\/\/www.superdeporte.es\/tags\/copa-del-rey\/\" class=\"ft-link ft-link--decoration\" rel=\"nofollow noopener\" target=\"_blank\"><strong>Copa del Rey<\/strong><\/a>\u00a0entre medias de los encuentros de Liga ante el\u00a0<strong>Rayo Vallecano<\/strong>\u00a0y el\u00a0<a href=\"https:\/\/www.superdeporte.es\/tags\/sevilla-fc\/\" class=\"ft-link ft-link--decoration\" rel=\"nofollow noopener\" target=\"_blank\"><strong>Sevilla FC<\/strong><\/a><strong>.<\/strong>\u00a0<strong>Por tercera vez en el \u00faltimo lustro, el Cartagena se cruza en el camino blanquinegro.<\/strong>\u00a0Un\u00a0<strong>rival de\u00a0<\/strong><a href=\"https:\/\/www.superdeporte.es\/tags\/primera-rfef\/\" class=\"ft-link ft-link--decoration\" rel=\"nofollow noopener\" target=\"_blank\"><strong>Primera RFEF<\/strong><\/a><strong>, aspirante a regresar a la Liga Hypermotion,<\/strong>\u00a0que nada tiene que ver ya con\u00a0<a href=\"https:\/\/www.superdeporte.es\/valencia-cf\/2025\/10\/28\/valencia-cf-pasa-ronda-cinco-goles-granada-copa-123125082.html\" class=\"ft-link ft-link--decoration\" rel=\"nofollow noopener\" target=\"_blank\">el sencillo Maracena, al que los de Carlos Corber\u00e1n se quitaron del medio en la primera ronda con un contundente 5-0<\/a>.<\/p>\n<p class=\"ft-text\">Para el Valencia,\u00a0<strong>la Copa vuelve a la acci\u00f3n en medio de la reacci\u00f3n del \u00faltimo mes,<\/strong>\u00a0tiempo en que el equipo ha logrado encadenar tres encuentros de Liga sin derrotas.\u00a0<strong>Cinco de nueve puntos posibles<\/strong>\u00a0gracias al empate contra el\u00a0<a href=\"https:\/\/www.superdeporte.es\/tags\/betis\/\" class=\"ft-link ft-link--decoration\" rel=\"nofollow noopener\" target=\"_blank\">Betis<\/a>\u00a0(1-1), la victoria en el derbi con el Levante UD (1-0), y un\u00a0<a href=\"https:\/\/www.superdeporte.es\/valencia-cf\/2025\/12\/01\/valencia-suma-punto-rebote-vallecas-cronica-124336905.html\" class=\"ft-link ft-link--decoration\" rel=\"nofollow noopener\" target=\"_blank\">nuevo empate este lunes en Vallecas frente al Rayo (1-1).<\/a><\/p>\n<p class=\"ft-text\">Un partido que tiene que ser la oportunidad para que la unidad B de este Valencia de un paso al frente.Hombres como\u00a0<strong>T\u00e1rrega<\/strong>, que se ha quedado en Val\u00e8ncia,\u00a0<strong>Gay\u00e1, Copete, Pepelu, Guerra o Diego L\u00f3pez<\/strong>, fijos para Corber\u00e1n, podr\u00edan tener descanso de cara al partido de\u00a0<a href=\"https:\/\/www.superdeporte.es\/valencia-cf\/2025\/12\/03\/advertencia-partido-sevilla-maraton-valencia-124394722.html\" class=\"ft-link ft-link--decoration\" rel=\"nofollow noopener\" target=\"_blank\">este domingo contra el sevilla<\/a>.<\/p>\n<p class=\"ft-text\">La vuelta de\u00a0<a href=\"https:\/\/www.superdeporte.es\/tags\/largie-ramazani\/\" class=\"ft-link ft-link--decoration\" rel=\"nofollow noopener\" target=\"_blank\">Largie Ramazani\u00a0<\/a>\u00a0es una de las grandes novedades. Su temporada hab\u00eda arrancado con buenas expectativas, pese a su escasa participaci\u00f3n:<strong>\u00a0solo 85 minutos en cinco partidos<\/strong>, en los que dej\u00f3 una asistencia en su debut ante el Getafe en la jornada 3. Sin embargo, una lesi\u00f3n muscular en el cu\u00e1driceps fren\u00f3 su evoluci\u00f3n y le oblig\u00f3 a perderse varias convocatorias. Su \u00faltimo encuentro tuvo lugar el 4 de octubre, frente al Girona en Montilivi, correspondiente a la jornada 8. Desde entonces, el belga hab\u00eda seguido un proceso de recuperaci\u00f3n individualizado, del que por fin parece haber salido reforzado.<\/p>\n<p>Horario y d\u00f3nde ver el partido<\/p>\n<p class=\"ft-text\">El Cartagena-Valencia se juega en el estadio Cartagonova este jueves 4 de diciembre a las 21:00 horas y se podr\u00e1 ver en televisi\u00f3n a trav\u00e9s de Movistar Copa del Rey. Puedes seguir el minuto a minuto en la<a href=\"https:\/\/www.superdeporte.es\/\" class=\"ft-link ft-link--decoration\" rel=\"nofollow noopener\" target=\"_blank\">\u00a0web de Superdeporte.es<\/a><\/p>\n<p><a id=\"beforeMessages\" name=\"beforeMessages\" title=\"\" class=\"ft-anchor ft-anchor--absolute ft-helper-spacer-voffset-xlg\" rel=\"\"><\/a><a id=\"page1\" name=\"item_10556166\" title=\"\" class=\"ft-anchor ft-anchor--absolute ft-helper-spacer-voffset-xlg\" rel=\"\"><\/a>LA CR\u00d3NICA DEL CARTAGENA 1-2 VALENCIA<a id=\"\" name=\"item_10556162\" title=\"\" class=\"ft-anchor ft-anchor--absolute ft-helper-spacer-voffset-xlg\" rel=\"\"><\/a>POSIBLES RIVALES DEL VALENCIA EN COPA<a id=\"\" name=\"item_10556157\" title=\"\" class=\"ft-anchor ft-anchor--absolute ft-helper-spacer-voffset-xlg\" rel=\"\"><\/a><\/p>\n<p class=\"ft-text\"><strong>\ud83d\udccd FC Cartagena 1\u20132 Valencia CF<\/strong><\/p>\n<p class=\"ft-text\"><strong>\ud83d\udcf0 \u00a1\u00a1FINAL FINAL FINAL FINAL FINAL!! \u00a1EL VALENCIA CF LOGRA EL PASE A DIECIS\u00c9ISAVOS DE FINAL EN LA PR\u00d3RROGA!<\/strong><\/p>\n<p><a id=\"\" name=\"item_10556156\" title=\"\" class=\"ft-anchor ft-anchor--absolute ft-helper-spacer-voffset-xlg\" rel=\"\"><\/a><\/p>\n<p class=\"ft-text\"><strong>\ud83d\udccd FC Cartagena 1\u20132 Valencia CF<\/strong><\/p>\n<p class=\"ft-text\"><strong>\ud83d\udcf0 \u00a1\u00a1SAQUE DE ESQUINA DEL VALENCIA, SE QUEDA LA PELOTA MUERTA EN EL \u00c1REA Y JES\u00daS V\u00c1ZQUEZ REMACHA PARA DENTRO!!<\/strong><\/p>\n<p><a id=\"\" name=\"item_10556153\" title=\"\" class=\"ft-anchor ft-anchor--absolute ft-helper-spacer-voffset-xlg\" rel=\"\"><\/a>\u231a 120&#8242; \ud83d\udccd FC Cartagena 1\u20132 Valencia CF<\/p>\n<p class=\"ft-text\">\ud83d\udcf0 \u00a1\u00a1GOOOOOOOOOOOOOOOOOOOOOOOOOOOOOOOOOOOOOOL DEL VALENCIAAAAAA!!<\/p>\n<p><a id=\"\" name=\"item_10556152\" title=\"\" class=\"ft-anchor ft-anchor--absolute ft-helper-spacer-voffset-xlg\" rel=\"\"><\/a>\u231a 117&#8242; \ud83d\udccd FC Cartagena 1\u20131 Valencia CF<\/p>\n<p class=\"ft-text\">\ud83d\udcf0 \u00a1LO PARA! \u00a1LO PARA! \u00a1LO PARA! \u00a1LO PARA! \u00a1LO PARA! \u00a1DIMITRIEEEEVSKIIII!<\/p>\n<p><a id=\"\" name=\"item_10556151\" title=\"\" class=\"ft-anchor ft-anchor--absolute ft-helper-spacer-voffset-xlg\" rel=\"\"><\/a>\u231a 117&#8242; \ud83d\udccd FC Cartagena 1\u20131 Valencia CF<\/p>\n<p class=\"ft-text\">\ud83d\udcf0 Un bal\u00f3n rebotado acaba golpeando en la mano de Andr\u00e9 Almeida y D\u00edaz de Mera Escuderos no ha dudado en se\u00f1alarlo<\/p>\n<p><a id=\"\" name=\"item_10556148\" title=\"\" class=\"ft-anchor ft-anchor--absolute ft-helper-spacer-voffset-xlg\" rel=\"\"><\/a>\u231a 117&#8242; \ud83d\udccd FC Cartagena 1\u20131 Valencia CF<\/p>\n<p class=\"ft-text\">\ud83d\udcf0 \u00a1PENALTI EN CONTRA DEL VALENCIA!<\/p>\n<p><a id=\"\" name=\"item_10556144\" title=\"\" class=\"ft-anchor ft-anchor--absolute ft-helper-spacer-voffset-xlg\" rel=\"\"><\/a>\u231a 112&#8242; \ud83d\udccd FC Cartagena 1\u20131 Valencia CF<\/p>\n<p class=\"ft-text\">\ud83d\udcf0 \u00a1OOOOOOOOOOTRA A LA MADERA! Sale del regate Rioja, se la acomoda a la izquierda y zapatazo al palo.<\/p>\n<p><a id=\"\" name=\"item_10556143\" title=\"\" class=\"ft-anchor ft-anchor--absolute ft-helper-spacer-voffset-xlg\" rel=\"\"><\/a>\u231a 111&#8242; \ud83d\udccd FC Cartagena 1\u20131 Valencia CF<\/p>\n<p class=\"ft-text\">\ud83d\udcf0 El mediocentro ha visto la segunda cartulina amarilla y se va a la caseta antes de tiempo.<\/p>\n","protected":false},"excerpt":{"rendered":"El\u00a0Valencia CF\u00a0afronta la semana m\u00e1s dura en lo que va de curso\u00a0con tres partidos en siete d\u00edas. Hoy&hellip;\n","protected":false},"author":2,"featured_media":271939,"comment_status":"","ping_status":"","sticky":false,"template":"","format":"standard","meta":{"footnotes":""},"categories":[268],"tags":[66707,66708,168,25,24,280,282,281,23,167,66710,66709],"class_list":{"0":"post-271938","1":"post","2":"type-post","3":"status-publish","4":"format-standard","5":"has-post-thumbnail","7":"category-futbol","8":"tag-cartagena-valencia","9":"tag-cartagena-valencia-directo-copa","10":"tag-deportes","11":"tag-es","12":"tag-espana","13":"tag-football","14":"tag-futbol","15":"tag-soccer","16":"tag-spain","17":"tag-sports","18":"tag-valencia-copa-del-rey","19":"tag-valencia-en-directo-hoy"},"share_on_mastodon":{"url":"https:\/\/pubeurope.com\/@es\/115665241587934101","error":""},"_links":{"self":[{"href":"https:\/\/www.europesays.com\/es\/wp-json\/wp\/v2\/posts\/271938","targetHints":{"allow":["GET"]}}],"collection":[{"href":"https:\/\/www.europesays.com\/es\/wp-json\/wp\/v2\/posts"}],"about":[{"href":"https:\/\/www.europesays.com\/es\/wp-json\/wp\/v2\/types\/post"}],"author":[{"embeddable":true,"href":"https:\/\/www.europesays.com\/es\/wp-json\/wp\/v2\/users\/2"}],"replies":[{"embeddable":true,"href":"https:\/\/www.europesays.com\/es\/wp-json\/wp\/v2\/comments?post=271938"}],"version-history":[{"count":0,"href":"https:\/\/www.europesays.com\/es\/wp-json\/wp\/v2\/posts\/271938\/revisions"}],"wp:featuredmedia":[{"embeddable":true,"href":"https:\/\/www.europesays.com\/es\/wp-json\/wp\/v2\/media\/271939"}],"wp:attachment":[{"href":"https:\/\/www.europesays.com\/es\/wp-json\/wp\/v2\/media?parent=271938"}],"wp:term":[{"taxonomy":"category","embeddable":true,"href":"https:\/\/www.europesays.com\/es\/wp-json\/wp\/v2\/categories?post=271938"},{"taxonomy":"post_tag","embeddable":true,"href":"https:\/\/www.europesays.com\/es\/wp-json\/wp\/v2\/tags?post=271938"}],"curies":[{"name":"wp","href":"https:\/\/api.w.org\/{rel}","templated":true}]}}