{"id":271940,"date":"2025-12-05T05:11:18","date_gmt":"2025-12-05T05:11:18","guid":{"rendered":"https:\/\/www.europesays.com\/es\/271940\/"},"modified":"2025-12-05T05:11:18","modified_gmt":"2025-12-05T05:11:18","slug":"la-reina-sofia-vuelve-a-la-escena-con-un-look-impecable-ajena-a-las-memorias-de-juan-carlos","status":"publish","type":"post","link":"https:\/\/www.europesays.com\/es\/271940\/","title":{"rendered":"La Reina Sof\u00eda vuelve a la escena con un look impecable ajena a las memorias de Juan Carlos"},"content":{"rendered":"<p data-start=\"196\" data-end=\"896\">La <a href=\"https:\/\/okdiario.com\/look\/estilo\/rubies-preferidos-reina-sofia-que-nunca-llevado-reina-letizia-2437511\" rel=\"nofollow noopener\" target=\"_blank\">Reina Sof\u00eda<\/a> ha vuelto este jueves a ocupar el centro de la agenda institucional con una presencia especialmente relevante en el Museo Arqueol\u00f3gico Nacional, donde ha presidido la entrega de la <strong data-start=\"384\" data-end=\"456\">IV edici\u00f3n del premio Nacional Palarq de Arqueolog\u00eda y Paleontolog\u00eda<\/strong>. Su aparici\u00f3n ten\u00eda un significado especial: se trataba de su <strong data-start=\"519\" data-end=\"610\">primer acto p\u00fablico tras la publicaci\u00f3n en Espa\u00f1a de las memorias de Juan Carlos I<\/strong>, un acontecimiento editorial que ha generado una enorme expectaci\u00f3n medi\u00e1tica. Ajena a cualquier ruido, Do\u00f1a Sof\u00eda ha mantenido la serenidad y el aplomo que la caracterizan, reafirmando su papel como figura estable, cultural y profundamente comprometida con la ciencia y el patrimonio.<\/p>\n<p data-start=\"898\" data-end=\"1652\">El Premio Nacional Palarq, <strong>dotado con 80.000 euros y considerado el mayor reconocimiento en Espa\u00f1a en las disciplinas de arqueolog\u00eda y paleontolog\u00eda<\/strong>, reuni\u00f3 a investigadores, acad\u00e9micos y representantes institucionales en un acto que destac\u00f3 tanto por su solemnidad como por la relevancia cient\u00edfica de los proyectos finalistas. La presencia de la Reina Sof\u00eda aport\u00f3 el sello de continuidad que ha acompa\u00f1ado a este galard\u00f3n desde su creaci\u00f3n en 2018, <strong>reforzando el v\u00ednculo entre la Corona y la promoci\u00f3n de la investigaci\u00f3n espa\u00f1ola.<\/strong> Su intervenci\u00f3n, sobria y emotiva, puso en valor el trabajo de los equipos que dedican su vida a reconstruir la historia humana, describi\u00e9ndolos como <strong>\u00abguardianes del tiempo que nos ayudan a comprender de d\u00f3nde venimos\u00bb<\/strong>.<\/p>\n<p>\n<img decoding=\"async\" loading=\"lazy\" class=\"size-full wp-image-2442738\" alt=\"La Reina Sof\u00eda en un acto oficial. (Foto: Gtres)\" width=\"1707\" height=\"2560\"  src=\"https:\/\/www.europesays.com\/es\/wp-content\/uploads\/2025\/10\/placeholder.jpg\"  bad-src=\"https:\/\/www.europesays.com\/es\/wp-content\/uploads\/2025\/10\/placeholder.jpg\"\/><\/p>\n<p><img decoding=\"async\" loading=\"lazy\" class=\"size-full wp-image-2442738\" src=\"https:\/\/www.europesays.com\/es\/wp-content\/uploads\/2025\/12\/u596218_009-1-scaled.jpg\" alt=\"La Reina Sof\u00eda en un acto oficial. (Foto: Gtres)\" width=\"1707\" height=\"2560\"  \/><\/p>\n<p> La Reina Sof\u00eda en un acto oficial. (Foto: Gtres)\n<\/p>\n<p data-start=\"1654\" data-end=\"2353\">Los seis proyectos seleccionados este a\u00f1o han vuelto a demostrar el alto nivel de la ciencia espa\u00f1ola. La Draga, \u00fanico asentamiento neol\u00edtico lacustre de la Pen\u00ednsula; el monumental complejo de <strong data-start=\"1848\" data-end=\"1861\">Valencina<\/strong>, clave para entender las primeras sociedades jerarquizadas; el innovador proyecto subacu\u00e1tico <strong data-start=\"1956\" data-end=\"1977\">Arqueomallornauta<\/strong>; las investigaciones neandertales de <strong data-start=\"2015\" data-end=\"2045\">El Salt y Abric del Pastor<\/strong>; la excepcional conservaci\u00f3n org\u00e1nica de la <strong data-start=\"2090\" data-end=\"2129\">Cueva de los Murci\u00e9lagos de Albu\u00f1ol<\/strong> y la plataforma digital <strong data-start=\"2154\" data-end=\"2178\">Moneda Ib\u00e9rica (MIB)<\/strong>, que cataloga miles de piezas monetarias antiguas, fueron presentados como ejemplos de excelencia cient\u00edfica, innovaci\u00f3n tecnol\u00f3gica y una admirable capacidad de divulgaci\u00f3n.<\/p>\n<p>El look de la Reina Sof\u00eda<\/p>\n<p data-start=\"2915\" data-end=\"3520\">M\u00e1s all\u00e1 de lo cient\u00edfico, uno de los detalles m\u00e1s comentados del acto ha sido el <strong data-start=\"2997\" data-end=\"3019\">look de Do\u00f1a Sof\u00eda<\/strong>, fiel a su elegancia cl\u00e1sica. Para la ocasi\u00f3n, la Reina em\u00e9rita opt\u00f3 por un conjunto compuesto por una americana azul klein y un pantal\u00f3n aterciopelado. Complet\u00f3 el estilismo con uno de sus caracter\u00edsticos broches, una pieza discreta pero simb\u00f3lica que reforz\u00f3 la armon\u00eda del conjunto. Su imagen transmiti\u00f3 sobriedad, coherencia y ese estilo propio que la ha convertido en un referente de elegancia institucional a lo largo de d\u00e9cadas.<\/p>\n<p>\n<img decoding=\"async\" loading=\"lazy\" class=\"size-full wp-image-2442739\" alt=\"La Reina Sof\u00eda en un acto oficial. (Foto: Gtres)\" width=\"1707\" height=\"2560\"  src=\"https:\/\/www.europesays.com\/es\/wp-content\/uploads\/2025\/10\/placeholder.jpg\"  bad-src=\"https:\/\/www.europesays.com\/es\/wp-content\/uploads\/2025\/10\/placeholder.jpg\"\/><\/p>\n<p><img decoding=\"async\" loading=\"lazy\" class=\"size-full wp-image-2442739\" src=\"https:\/\/www.europesays.com\/es\/wp-content\/uploads\/2025\/12\/u596218_013-1-scaled.jpg\" alt=\"La Reina Sof\u00eda en un acto oficial. (Foto: Gtres)\" width=\"1707\" height=\"2560\"  \/><\/p>\n<p> La Reina Sof\u00eda en un acto oficial. (Foto: Gtres)\n<\/p>\n<p data-start=\"2915\" data-end=\"3520\">Con este acto, Do\u00f1a Sof\u00eda concluye su agenda p\u00fablica de la semana, <strong>a la espera de que la Casa Real d\u00e9 a conocer las citas oficiales para los pr\u00f3ximos d\u00edas.<\/strong> Su presencia hoy cierra un periodo marcado por su constante compromiso institucional y su discreta firmeza frente a la atenci\u00f3n medi\u00e1tica, dejando claro que seguir\u00e1 desempe\u00f1ando un papel estable dentro de la Corona.<\/p>\n","protected":false},"excerpt":{"rendered":"La Reina Sof\u00eda ha vuelto este jueves a ocupar el centro de la agenda institucional con una presencia&hellip;\n","protected":false},"author":2,"featured_media":271941,"comment_status":"","ping_status":"","sticky":false,"template":"","format":"standard","meta":{"footnotes":""},"categories":[174],"tags":[255,146,147,25,24,256,11789,23],"class_list":{"0":"post-271940","1":"post","2":"type-post","3":"status-publish","4":"format-standard","5":"has-post-thumbnail","7":"category-famosos","8":"tag-celebrities","9":"tag-entertainment","10":"tag-entretenimiento","11":"tag-es","12":"tag-espana","13":"tag-famosos","14":"tag-reina-sofia","15":"tag-spain"},"share_on_mastodon":{"url":"","error":""},"_links":{"self":[{"href":"https:\/\/www.europesays.com\/es\/wp-json\/wp\/v2\/posts\/271940","targetHints":{"allow":["GET"]}}],"collection":[{"href":"https:\/\/www.europesays.com\/es\/wp-json\/wp\/v2\/posts"}],"about":[{"href":"https:\/\/www.europesays.com\/es\/wp-json\/wp\/v2\/types\/post"}],"author":[{"embeddable":true,"href":"https:\/\/www.europesays.com\/es\/wp-json\/wp\/v2\/users\/2"}],"replies":[{"embeddable":true,"href":"https:\/\/www.europesays.com\/es\/wp-json\/wp\/v2\/comments?post=271940"}],"version-history":[{"count":0,"href":"https:\/\/www.europesays.com\/es\/wp-json\/wp\/v2\/posts\/271940\/revisions"}],"wp:featuredmedia":[{"embeddable":true,"href":"https:\/\/www.europesays.com\/es\/wp-json\/wp\/v2\/media\/271941"}],"wp:attachment":[{"href":"https:\/\/www.europesays.com\/es\/wp-json\/wp\/v2\/media?parent=271940"}],"wp:term":[{"taxonomy":"category","embeddable":true,"href":"https:\/\/www.europesays.com\/es\/wp-json\/wp\/v2\/categories?post=271940"},{"taxonomy":"post_tag","embeddable":true,"href":"https:\/\/www.europesays.com\/es\/wp-json\/wp\/v2\/tags?post=271940"}],"curies":[{"name":"wp","href":"https:\/\/api.w.org\/{rel}","templated":true}]}}