{"id":271944,"date":"2025-12-05T05:14:20","date_gmt":"2025-12-05T05:14:20","guid":{"rendered":"https:\/\/www.europesays.com\/es\/271944\/"},"modified":"2025-12-05T05:14:20","modified_gmt":"2025-12-05T05:14:20","slug":"la-vida-de-los-valdes-se-complica-17-anos-despues-de-dejar-galicia","status":"publish","type":"post","link":"https:\/\/www.europesays.com\/es\/271944\/","title":{"rendered":"la vida de los Vald\u00e9s se complica 17 a\u00f1os despu\u00e9s de dejar Galicia"},"content":{"rendered":"<p>Han pasado casi <b>17 a\u00f1os<\/b> desde que los <b>Vald\u00e9s Lazariego <\/b>abandonaron Punta do Bico. <b>Clara y Catalina<\/b> han crecido viviendo realidades muy distintas y ninguna de ellas se imagina que vive separada de su madre biol\u00f3gica porque <b>Renata <\/b>las intercambi\u00f3 al nacer.<\/p>\n<p><b>Gustavo <\/b>ha intentado calmar su conciencia cumpliendo todos los caprichos de <b>Catalina<\/b>, que se ha convertido en una mujer consentida y preocupada por lo que los dem\u00e1s digan de ella. Ahora mismo solo piensa en celebrar por todo lo alto su cumplea\u00f1os.<\/p>\n<p>En la otra punta del mundo, <b>Clara <\/b>ha crecido viviendo una realidad muy distinta a <b>Catalina<\/b>. Sin embargo, a pesar de desconocer la verdad sobre sus or\u00edgenes, las trabajadoras del pueblo comenzar\u00e1n a compararla con do\u00f1a In\u00e9s.<\/p>\n<p>La situaci\u00f3n de los Vald\u00e9s en <b>Cuba <\/b>se complicar\u00e1 por momentos e In\u00e9s se ver\u00e1 obligada a ponerle las cartas sobre la mesa a su marido. \u00bfVolver\u00e1n pronto a Punta do Bico? \u00a1<b><a title=\"Desc\u00fabrelo en el segundo cap\u00edtulo de Las hijas de la criada\" href=\"https:\/\/www.atresplayer.com\/antena3\/series\/las-hijas-de-la-criada\/\" target=\"_blank\" rel=\"nofollow noopener\">Desc\u00fabrelo en el segundo cap\u00edtulo de Las hijas de la criada<\/a><\/b>!<\/p>\n<p>   <img decoding=\"async\" title=\"\u201cEs un personaje m\u00e1s\u201d: Sonsoles \u00d3nega confiesa por qu\u00e9 decidi\u00f3 ambientar Las hijas de la criada en Galicia\" alt=\"\u201cEs un personaje m\u00e1s\u201d: Sonsoles \u00d3nega confiesa por qu\u00e9 decidi\u00f3 ambientar Las hijas de la criada en Galicia\" width=\"480\" height=\"270\" src=\"https:\/\/www.europesays.com\/es\/wp-content\/uploads\/2025\/12\/1764911660_555_70.jpg\" loading=\"lazy\" class=\"lazy\"\/><\/p>\n","protected":false},"excerpt":{"rendered":"Han pasado casi 17 a\u00f1os desde que los Vald\u00e9s Lazariego abandonaron Punta do Bico. Clara y Catalina han&hellip;\n","protected":false},"author":2,"featured_media":271945,"comment_status":"","ping_status":"","sticky":false,"template":"","format":"standard","meta":{"footnotes":""},"categories":[171],"tags":[146,147,25,24,23,214],"class_list":{"0":"post-271944","1":"post","2":"type-post","3":"status-publish","4":"format-standard","5":"has-post-thumbnail","7":"category-tv","8":"tag-entertainment","9":"tag-entretenimiento","10":"tag-es","11":"tag-espana","12":"tag-spain","13":"tag-tv"},"share_on_mastodon":{"url":"https:\/\/pubeurope.com\/@es\/115665257748435248","error":""},"_links":{"self":[{"href":"https:\/\/www.europesays.com\/es\/wp-json\/wp\/v2\/posts\/271944","targetHints":{"allow":["GET"]}}],"collection":[{"href":"https:\/\/www.europesays.com\/es\/wp-json\/wp\/v2\/posts"}],"about":[{"href":"https:\/\/www.europesays.com\/es\/wp-json\/wp\/v2\/types\/post"}],"author":[{"embeddable":true,"href":"https:\/\/www.europesays.com\/es\/wp-json\/wp\/v2\/users\/2"}],"replies":[{"embeddable":true,"href":"https:\/\/www.europesays.com\/es\/wp-json\/wp\/v2\/comments?post=271944"}],"version-history":[{"count":0,"href":"https:\/\/www.europesays.com\/es\/wp-json\/wp\/v2\/posts\/271944\/revisions"}],"wp:featuredmedia":[{"embeddable":true,"href":"https:\/\/www.europesays.com\/es\/wp-json\/wp\/v2\/media\/271945"}],"wp:attachment":[{"href":"https:\/\/www.europesays.com\/es\/wp-json\/wp\/v2\/media?parent=271944"}],"wp:term":[{"taxonomy":"category","embeddable":true,"href":"https:\/\/www.europesays.com\/es\/wp-json\/wp\/v2\/categories?post=271944"},{"taxonomy":"post_tag","embeddable":true,"href":"https:\/\/www.europesays.com\/es\/wp-json\/wp\/v2\/tags?post=271944"}],"curies":[{"name":"wp","href":"https:\/\/api.w.org\/{rel}","templated":true}]}}