{"id":271946,"date":"2025-12-05T05:17:10","date_gmt":"2025-12-05T05:17:10","guid":{"rendered":"https:\/\/www.europesays.com\/es\/271946\/"},"modified":"2025-12-05T05:17:10","modified_gmt":"2025-12-05T05:17:10","slug":"el-penal-ejecutado-por-el-arquero-del-napoli-que-sorprendio-por-su-inusual-velocidad-y-recorre-el-mundo","status":"publish","type":"post","link":"https:\/\/www.europesays.com\/es\/271946\/","title":{"rendered":"El penal ejecutado por el arquero del Napoli que sorprendi\u00f3 por su inusual velocidad y recorre el mundo"},"content":{"rendered":"<p class=\"mb-4 text-lg md:leading-8 break-words\">El penal que ejecut\u00f3 <b>Vanja Milinkovi\u0107-Savi\u0107<\/b>, arquero del Napoli, recorre el mundo por <b>la inusual potencia del disparo<\/b>. El remate, que form\u00f3 parte de la extensa tanda de penaltis ante Cagliari por los octavos de final de la Copa Italia, qued\u00f3 registrado en video, <a href=\"https:\/\/es-us.noticias.yahoo.com\/deportes\/gabriel-silva-sorprendi%C3%B3-liga-portugal-133527437.html\" rel=\"nofollow noopener\" data-ylk=\"slk:se viraliz\u00f3 en redes sociales;elm:context_link;itc:0;sec:content-canvas;outcm:mb_qualified_link;_E:mb_qualified_link;ct:story;\" class=\"link  yahoo-link\" target=\"_blank\">se viraliz\u00f3 en redes sociales<\/a> y sorprendi\u00f3 a m\u00e1s de uno.<\/p>\n<p class=\"mb-4 text-lg md:leading-8 break-words\">A la espera de una medici\u00f3n oficial sobre la velocidad del disparo, usuarios compartieron sus propios c\u00e1lculos. Uno de ellos afirm\u00f3 que, si las im\u00e1genes fueron tomadas a 60 fotogramas por segundo y la pelota tard\u00f3 19 fotogramas en llegar al arco, aquel tiempo \u20140,316 segundos\u2014 <b>arrojar\u00eda una velocidad aproximada de 125 km\/h.<\/b><\/p>\n<p class=\"mb-4 text-lg md:leading-8 break-words\">El tanto del arquero serbio fue uno de los momentos bisagra en la clasificaci\u00f3n del Napoli,<b> que avanz\u00f3 a los cuartos de final tras imponerse por 9 a 8 en una tanda llena de tensi\u00f3n.<\/b> Antes, el encuentro hab\u00eda terminado 1\u20141 en el tiempo reglamentario. El equipo de Antonio Conte se puso en ventaja a la media hora con un cabezazo de Lucca.<\/p>\n<p class=\"mb-4 text-lg md:leading-8 break-words\"><b>Cagliari empat\u00f3 en la segunda mitad con un gol de Sebastiano Esposito, quien aprovech\u00f3 un rebote dentro del \u00e1rea. <\/b>En la definici\u00f3n, Milinkovi\u0107-Savi\u0107 ataj\u00f3 primero el remate de Felici, y ya en la serie individual, convirti\u00f3 el suyo y luego tap\u00f3 el remate de Luvumbo, mientras que Alessandro Buongiorno anot\u00f3 el tiro final que asegur\u00f3 el pase a la pr\u00f3xima etapa del torneo.<\/p>\n<p class=\"mb-4 text-lg md:leading-8 break-words\">En di\u00e1logo con la prensa, el arquero valor\u00f3 el avance y explic\u00f3 c\u00f3mo vivi\u00f3 su doble aporte: \u201c<b>Estoy contento porque hemos pasado. Ejecut\u00e9 mi penal con mucha decisi\u00f3n porque ten\u00edamos que anotar como fuera\u201d.<\/b><\/p>\n<p class=\"mb-4 text-lg md:leading-8 break-words\">Conte tambi\u00e9n destac\u00f3 la actitud del grupo y sostuvo que su equipo mereci\u00f3 la clasificaci\u00f3n pese al empate fortuito de Cagliari. <b>El entrenador remarc\u00f3 m\u00e1s que nada el aporte de los futbolistas con menos minutos.<\/b><\/p>\n<p class=\"mb-4 text-lg md:leading-8 break-words\">Los remates a gran velocidad no son in\u00e9ditos en el f\u00fatbol, aunque son poco comunes en ejecuciones desde el punto del penal. En 2023, <b>la futbolista <\/b><a href=\"https:\/\/es-us.noticias.yahoo.com\/deportes\/l%C3%ADmite-milagro-inglaterra-llega-final-233156144.html\" rel=\"nofollow noopener\" data-ylk=\"slk:Chloe Kelly;elm:context_link;itc:0;sec:content-canvas;outcm:mb_qualified_link;_E:mb_qualified_link;ct:story;\" class=\"link  yahoo-link\" target=\"_blank\"><b>Chloe Kelly <\/b><\/a><b>convirti\u00f3 un remate registrado oficialmente a 110,79 km\/h<\/b>, una cifra que super\u00f3 incluso el disparo m\u00e1s fuerte de toda la temporada anterior en la Premier League.<\/p>\n<p class=\"mb-4 text-lg md:leading-8 break-words\">El avance del Gli Azzurri llega en un momento en el que Napoli busca estabilidad y continuidad en los resultados<b>.<\/b> <b>Su entrenador subray\u00f3 que el equipo deber\u00e1 \u201ctrabajar unido\u201d en esta etapa de la temporada<\/b>, mientras que los futbolistas valoraron la victoria y el impulso an\u00edmico de cara a los pr\u00f3ximos compromisos. En los cuartos de final de la Copa, Napoli espera al ganador del cruce entre Fiorentina y Como.<\/p>\n<p><img alt=\"Alessandro Buongiorno celebra tras marcar en la tanda de penales contra Cagliari en los cuartos de final de la Copa Italia\" loading=\"lazy\" width=\"768\" height=\"512\" decoding=\"async\" data-nimg=\"1\" class=\"rounded-lg\" style=\"color:transparent\" src=\"https:\/\/www.europesays.com\/es\/wp-content\/uploads\/2025\/12\/a34b6520b653112326dc5486c2a586b4.jpeg\"\/><\/p>\n<p>Alessandro Buongiorno celebra tras marcar en la tanda de penales contra Cagliari en los cuartos de final de la Copa Italia &#8211; Cr\u00e9ditos: @Alessandro Garofalo<\/p>\n<p class=\"mb-4 text-lg md:leading-8 break-words\">Buongiorno, autor del penal decisivo, asegur\u00f3 que la atenci\u00f3n ahora est\u00e1 puesta en el duelo ante Juventus el domingo pr\u00f3ximo, en el estadio Diego Maradona, por la decimocuarta fecha del Calcio, <b>mientras que Ambrosino, que fue titular por primera vez, defini\u00f3 la jornada como \u201cun sue\u00f1o\u201d. <\/b>Napoli comparte el primer puesto de la Liga con Milan, ya que ambos re\u00fanen 28 puntos, pero el Rossonero tiene un gol m\u00e1s de diferencia favorable. El conjunto de Conte tiene, adem\u00e1s, otro objetivo cercano: dentro de dos semanas se cruzar\u00e1 con Milan por las semifinales de la Supercopa de Italia, que se celebrar\u00e1 en Riad. El otro pase a la final lo disputar\u00e1n Inter de Milan y Bologna.<\/p>\n<p class=\"mb-4 text-lg md:leading-8 break-words\"><b>Con informaci\u00f3n de AFP y Reuters<\/b><\/p>\n","protected":false},"excerpt":{"rendered":"El penal que ejecut\u00f3 Vanja Milinkovi\u0107-Savi\u0107, arquero del Napoli, recorre el mundo por la inusual potencia del disparo.&hellip;\n","protected":false},"author":2,"featured_media":271947,"comment_status":"","ping_status":"","sticky":false,"template":"","format":"standard","meta":{"footnotes":""},"categories":[93],"tags":[53717,66715,66716,31903,7543,168,360,25,24,6336,66712,15829,66711,8688,47248,66714,23,167,66713],"class_list":{"0":"post-271946","1":"post","2":"type-post","3":"status-publish","4":"format-standard","5":"has-post-thumbnail","7":"category-deportes","8":"tag-alessandro-buongiorno","9":"tag-ambrosino","10":"tag-bologna","11":"tag-cagliari","12":"tag-chloe-kelly","13":"tag-deportes","14":"tag-el-mundo","15":"tag-es","16":"tag-espana","17":"tag-fiorentina","18":"tag-fotogramas-por-segundo","19":"tag-juventus","20":"tag-la-copa","21":"tag-milan","22":"tag-napoli","23":"tag-sebastiano-esposito","24":"tag-spain","25":"tag-sports","26":"tag-tanda-de-penaltis"},"share_on_mastodon":{"url":"https:\/\/pubeurope.com\/@es\/115665269504632374","error":""},"_links":{"self":[{"href":"https:\/\/www.europesays.com\/es\/wp-json\/wp\/v2\/posts\/271946","targetHints":{"allow":["GET"]}}],"collection":[{"href":"https:\/\/www.europesays.com\/es\/wp-json\/wp\/v2\/posts"}],"about":[{"href":"https:\/\/www.europesays.com\/es\/wp-json\/wp\/v2\/types\/post"}],"author":[{"embeddable":true,"href":"https:\/\/www.europesays.com\/es\/wp-json\/wp\/v2\/users\/2"}],"replies":[{"embeddable":true,"href":"https:\/\/www.europesays.com\/es\/wp-json\/wp\/v2\/comments?post=271946"}],"version-history":[{"count":0,"href":"https:\/\/www.europesays.com\/es\/wp-json\/wp\/v2\/posts\/271946\/revisions"}],"wp:featuredmedia":[{"embeddable":true,"href":"https:\/\/www.europesays.com\/es\/wp-json\/wp\/v2\/media\/271947"}],"wp:attachment":[{"href":"https:\/\/www.europesays.com\/es\/wp-json\/wp\/v2\/media?parent=271946"}],"wp:term":[{"taxonomy":"category","embeddable":true,"href":"https:\/\/www.europesays.com\/es\/wp-json\/wp\/v2\/categories?post=271946"},{"taxonomy":"post_tag","embeddable":true,"href":"https:\/\/www.europesays.com\/es\/wp-json\/wp\/v2\/tags?post=271946"}],"curies":[{"name":"wp","href":"https:\/\/api.w.org\/{rel}","templated":true}]}}