{"id":271953,"date":"2025-12-05T05:22:20","date_gmt":"2025-12-05T05:22:20","guid":{"rendered":"https:\/\/www.europesays.com\/es\/271953\/"},"modified":"2025-12-05T05:22:20","modified_gmt":"2025-12-05T05:22:20","slug":"australia-prohibe-el-acceso-a-redes-sociales-a-menores-de-16-anos-y-la-union-europea-estudia-medidas-similares","status":"publish","type":"post","link":"https:\/\/www.europesays.com\/es\/271953\/","title":{"rendered":"Australia prohibe el acceso a redes sociales a menores de 16 a\u00f1os y la Uni\u00f3n Europea estudia medidas similares"},"content":{"rendered":"<p>A partir del 10 de diciembre de este a\u00f1o los australianos menores de 16 a\u00f1os no podr\u00e1n tener ni crear usuarios en <a href=\"https:\/\/www.reasonwhy.es\/noticias-sobre\/redes-sociales\" target=\"_blank\" rel=\"nofollow noopener\"><strong>redes sociales<\/strong> <\/a>como TikTok, Instagram, YouTube, Snapchat, X o Facebook. El objetivo de la nueva ley del gobierno australiano es proteger el bienestar de ni\u00f1os y adolescentes, y forma parte de una corriente que est\u00e1 siendo contemplada en otras regiones, entre ellas, la Uni\u00f3n Europea.\u00a0<\/p>\n<p>El movimiento en Australia responde al Proyecto de Ley de Enmienda de Seguridad Online (Edad M\u00ednima para Redes Sociales), aprobado a finales de noviembre de 2024. La prohibici\u00f3n de las redes sociales a menores de 16 a\u00f1os es, seg\u00fan el Ejecutivo, necesaria para <strong>proteger la salud mental y el bienestar de los ni\u00f1os y adolescentes<\/strong> y evitar situaciones como el ciberacoso, el contenido da\u00f1ino o la adicci\u00f3n, entendidos como riesgos de estas plataformas que superan a las ventajas que aportan.\u00a0<\/p>\n<p>La nueva norma afecta, de momento, a 10 redes sociales y plataformas digitales<\/p>\n<p>La ley afecta de momento a diez redes sociales: <strong>Facebook, Instagram, Snapchat, Threads, TikTok, X, YouTube, Reddit <\/strong>y los servicios de streaming<strong> Kick y Twitch<\/strong>. El gobierno australiano ha determinado el objeto de aplicaci\u00f3n de la nueva norma teniendo en cuenta tres criterios principales: si el \u00fanico prop\u00f3sito o \u00abprop\u00f3sito significativo\u00bb de la plataforma es facilitar la interacci\u00f3n social online entre dos o m\u00e1s usuarios; si permite a los usuarios interactuar con algunos o todos los dem\u00e1s usuarios; y si permite a los usuarios publicar material.\u00a0<\/p>\n<p>En este sentido, plataformas como <strong>YouTube Kids, Google Classroom, Messenger Kids y WhatsApp no \u200b\u200best\u00e1n incluidos<\/strong>, ya que se considera que no cumplen dichos criterios.\u00a0<br \/>No obstante, los menores de 16 a\u00f1os podr\u00e1n continuar viendo la mayor\u00eda del contenido en aquellas plataformas online que no requieran la creaci\u00f3n de una cuenta.<br \/>Algunos sectores m\u00e1s cr\u00edticos con las redes sociales tambi\u00e9n han solicitado la inclusi\u00f3n de plataformas de videojuegos, como Roblox, as\u00ed como herramientas de inteligencia artificial y aplicaciones para citas bajo la prohibici\u00f3n.\u00a0<\/p>\n<p>Seg\u00fan la norma, ni los menores de 16 ni sus progenitores ser\u00e1n sancionados por infringir la prohibici\u00f3n, pero s\u00ed lo ser\u00e1n las empresas que gestionan las redes sociales. As\u00ed, se enfrentan a <strong>multas de hasta 50 millones de d\u00f3lares australianos <\/strong>si no ponen en marcha medidas y mecanismos para limitar el acceso de ni\u00f1os y adolescentes.\u00a0<\/p>\n<p>De esta forma, el gobierno insta a las compa\u00f1\u00edas a<strong> implementar tecnolog\u00edas de verificaci\u00f3n de edad.<\/strong> Estas podr\u00edan incluir identificaciones oficiales, reconocimiento facial o de voz, o la llamada \u00abinferencia de edad\u00bb, que analiza el comportamiento y las interacciones en l\u00ednea para estimar la edad de una persona.<br \/>A partir de la entrada en vigor de la ley, las plataformas no podr\u00e1n considerar ni la autocertificaci\u00f3n de los usuarios ni la autorizaci\u00f3n de los padres.\u00a0<\/p>\n<p>Noticias Relacionadas<img decoding=\"async\" src=\"https:\/\/www.europesays.com\/es\/wp-content\/uploads\/2025\/12\/foca-anuncio-fad-juventud.jpg\"\/><\/p>\n<p><a href=\"https:\/\/www.reasonwhy.es\/actualidad\/fad-juventud-ecommerce-marcas-odio-insultos-jovenes\" rel=\"nofollow noopener\" target=\"_blank\">Fad Juventud convierte el odio en una marca para denunciar su normalizaci\u00f3n entre los j\u00f3venes<\/a><\/p>\n<p>{\u00abid\u00bb:28291,\u00bbtitular\u00bb:\u00bbFad Juventud convierte el odio en una marca para denunciar su normalizaci\u00f3n entre los j\u00f3venes\u00bb,\u00bbprefijo\u00bb:null,\u00bbslug\u00bb:null,\u00bbimage\u00bb:\u00bbhttps:\/\/www.europesays.com\/es\/wp-content\/uploads\/2025\/12\/foca-anuncio-fad-juventud.jpg\u00bb,\u00bbpath\u00bb:\u00bbhttps:\/\/www.reasonwhy.es\/actualidad\/fad-juventud-ecommerce-marcas-odio-insultos-jovenes\u00bb}<img decoding=\"async\" src=\"https:\/\/www.europesays.com\/es\/wp-content\/uploads\/2025\/12\/palabra-ano-2025-oxford.jpg\"\/><\/p>\n<p><a href=\"https:\/\/www.reasonwhy.es\/actualidad\/rage-bait-diccionario-oxford-palabra-ano-2025\" rel=\"nofollow noopener\" target=\"_blank\">Rage bait es la Palabra del A\u00f1o para el Diccionario Oxford<\/a><\/p>\n<p>{\u00abid\u00bb:28279,\u00bbtitular\u00bb:\u00bbRage bait es la Palabra del A\u00f1o para el Diccionario Oxford\u00bb,\u00bbprefijo\u00bb:null,\u00bbslug\u00bb:null,\u00bbimage\u00bb:\u00bbhttps:\/\/www.europesays.com\/es\/wp-content\/uploads\/2025\/12\/palabra-ano-2025-oxford.jpg\u00bb,\u00bbpath\u00bb:\u00bbhttps:\/\/www.reasonwhy.es\/actualidad\/rage-bait-diccionario-oxford-palabra-ano-2025&#8243;}<\/p>\n<p>Ante la llegada de la nueva norma, j\u00f3venes de todo el pa\u00eds se plantean la opci\u00f3n de crear cuentas con edades falsas, o de compartir las cuentas con sus padres, seg\u00fan informa BBC. Otras voces prev\u00e9n el incremento del uso de las redes privadas virtuales (VPN), que permiten conectarse a internet a trav\u00e9s de servidores de otros pa\u00edses.\u00a0<\/p>\n<p>Tal y como informa The Guardian, <strong>Meta ya ha comenzado a desactivar las cuentas<\/strong> de usuarios menores de 16 a\u00f1os en Facebook e Instagram, as\u00ed como a bloquear la creaci\u00f3n de nuevos perfiles. Previamente, ya hab\u00eda notificado a los propietarios de las cuentas de la entrada en vigor de la norma.\u00a0<br \/>Seg\u00fan el citado medio, todas las compa\u00f1\u00edas, excepto X y Reddit, se han comprometido ya a acatar la norma.\u00a0<\/p>\n<p>No obstante, las compa\u00f1\u00edas han defendido las medidas que han implementado a lo largo de los \u00faltimos a\u00f1os para proteger el bienestar de los menores y garantizar un espacio online m\u00e1s seguro. Consideran tambi\u00e9n que la prohibici\u00f3n llevar\u00e1 a los usuarios a <strong>buscar otros m\u00e9todos para acceder a las plataformas <\/strong>que terminar\u00e1 exponi\u00e9ndolos a contenido no deseado y los dejar\u00e1 al margen del control parental.\u00a0<\/p>\n<p>Medidas similares en la Uni\u00f3n Europea<\/p>\n<p>En paralelo, la Uni\u00f3n Europea est\u00e1 planteando medidas similares a la australiana. A finales del mes de noviembre el<strong> Parlamento Europeo<\/strong> aprob\u00f3 una propuesta para establecer una edad m\u00ednima armonizada en todo el espacio comunitario para <strong>prohibir el acceso a redes sociales a los menores de 13 a\u00f1os, <\/strong>edad que se ampliar\u00eda<strong> <\/strong>hasta los 16 en caso de no contar con el consentimiento parental.\u00a0<\/p>\n<p>Europa muestra su preocupaci\u00f3n por los riegos de las redes sociales para los menores<\/p>\n<p>La votaci\u00f3n no es todav\u00eda vinculante, pero cont\u00f3 con una amplia mayor\u00eda, lo que refleja consenso en torno a la cuesti\u00f3n en Europa. Los eurodiputados, al igual que el gobierno de Australia, han mostrado su preocupaci\u00f3n respecto a los <strong>riesgos que las redes sociales<\/strong> implican para la salud f\u00edsica y mental de los menores.\u00a0<\/p>\n<p>A este respecto, el Parlamento Europeo ha expresado su apoyo al proyecto para desarrollar una <strong>aplicaci\u00f3n europea de verificaci\u00f3n de edad y la cartera de identidad digital europea (eID),<\/strong> en el que trabaja la Comisi\u00f3n Europea. No obstante, han recordado que estos mecanismos, una vez est\u00e9n listos para implementarse, no eximen a las plataformas de garantizar espacios seguros.\u00a0<\/p>\n<p>En <strong>Espa\u00f1a<\/strong> actualmente hay una ley para la protecci\u00f3n de los menores en entornos digitales en tramitaci\u00f3n parlamentaria, con la que el Ejecutivo planea elevar tambi\u00e9n de los 14 a los 16 a\u00f1os la edad m\u00ednima para que los j\u00f3venes puedan abrirse o usar una cuenta en redes sociales.<br \/>Pa\u00edses del entorno, como Francia o Dinamarca tambi\u00e9n trabajan en medidas similares.\u00a0<\/p>\n","protected":false},"excerpt":{"rendered":"A partir del 10 de diciembre de este a\u00f1o los australianos menores de 16 a\u00f1os no podr\u00e1n tener&hellip;\n","protected":false},"author":2,"featured_media":271954,"comment_status":"","ping_status":"","sticky":false,"template":"","format":"standard","meta":{"footnotes":""},"categories":[42],"tags":[66718,66719,17,18,13,14,11,61,62,63,64,19,20,9,10,15,16,66721,1922,66717,12,21,22,66720,65,66,67],"class_list":{"0":"post-271953","1":"post","2":"type-post","3":"status-publish","4":"format-standard","5":"has-post-thumbnail","7":"category-internacional","8":"tag-australia-redes-sociales","9":"tag-australia-redes-sociales-menores-16-anos","10":"tag-breaking-news","11":"tag-breakingnews","12":"tag-featured-news","13":"tag-featurednews","14":"tag-headlines","15":"tag-internacional","16":"tag-international","17":"tag-international-news","18":"tag-internationalnews","19":"tag-latest-news","20":"tag-latestnews","21":"tag-news","22":"tag-noticias","23":"tag-noticias-destacadas","24":"tag-noticiasdestacadas","25":"tag-prohibicion-redes-sociales","26":"tag-redes-sociales","27":"tag-redes-sociales-16-anos","28":"tag-titulares","29":"tag-ultimas-noticias","30":"tag-ultimasnoticias","31":"tag-union-europea-redes-sociales-ue-redes-sociales-menores","32":"tag-world","33":"tag-world-news","34":"tag-worldnews"},"share_on_mastodon":{"url":"","error":"Validation failed: Text character limit of 500 exceeded"},"_links":{"self":[{"href":"https:\/\/www.europesays.com\/es\/wp-json\/wp\/v2\/posts\/271953","targetHints":{"allow":["GET"]}}],"collection":[{"href":"https:\/\/www.europesays.com\/es\/wp-json\/wp\/v2\/posts"}],"about":[{"href":"https:\/\/www.europesays.com\/es\/wp-json\/wp\/v2\/types\/post"}],"author":[{"embeddable":true,"href":"https:\/\/www.europesays.com\/es\/wp-json\/wp\/v2\/users\/2"}],"replies":[{"embeddable":true,"href":"https:\/\/www.europesays.com\/es\/wp-json\/wp\/v2\/comments?post=271953"}],"version-history":[{"count":0,"href":"https:\/\/www.europesays.com\/es\/wp-json\/wp\/v2\/posts\/271953\/revisions"}],"wp:featuredmedia":[{"embeddable":true,"href":"https:\/\/www.europesays.com\/es\/wp-json\/wp\/v2\/media\/271954"}],"wp:attachment":[{"href":"https:\/\/www.europesays.com\/es\/wp-json\/wp\/v2\/media?parent=271953"}],"wp:term":[{"taxonomy":"category","embeddable":true,"href":"https:\/\/www.europesays.com\/es\/wp-json\/wp\/v2\/categories?post=271953"},{"taxonomy":"post_tag","embeddable":true,"href":"https:\/\/www.europesays.com\/es\/wp-json\/wp\/v2\/tags?post=271953"}],"curies":[{"name":"wp","href":"https:\/\/api.w.org\/{rel}","templated":true}]}}