{"id":271955,"date":"2025-12-05T05:23:10","date_gmt":"2025-12-05T05:23:10","guid":{"rendered":"https:\/\/www.europesays.com\/es\/271955\/"},"modified":"2025-12-05T05:23:10","modified_gmt":"2025-12-05T05:23:10","slug":"el-pp-toma-la-campana-extremena-como-su-primer-banco-de-pruebas-nos-jugamos-mucho","status":"publish","type":"post","link":"https:\/\/www.europesays.com\/es\/271955\/","title":{"rendered":"El PP toma la campa\u00f1a extreme\u00f1a como su primer banco de pruebas: \u00abNos jugamos mucho\u00bb"},"content":{"rendered":"<p style=\"\">La lectura nacional ser\u00e1 inevitable y marcar\u00e1 el resto de citas auton\u00f3micas. Las elecciones de Extremadura, en apenas dos semanas, ser\u00e1n \u00abel primer term\u00f3metro\u00bb con el que los partidos podr\u00e1n, al fin, calibrar en qu\u00e9 punto se encuentra la opini\u00f3n p\u00fablica en esta convulsa legislatura.  &#8230; Distintos cuadros del PP reconocen que \u00abhay mucho en juego\u00bb. <a href=\"https:\/\/www.abc.es\/noticias\/alberto-nunez-feijoo\/\" target=\"_self\" data-voc-vtm-id=\"in-text-traffic\" title=\"Alberto N\u00fa\u00f1ez Feij\u00f3o\" data-mrf-link=\"www.abc.es\" rel=\"nofollow noopener\">Alberto N\u00fa\u00f1ez Feij\u00f3o<\/a> ha desplegado una agenda de arranque de campa\u00f1a, primero en Badajoz y este viernes en C\u00e1ceres, que no deja lugar a dudas. La orden es volcarse. Las urnas deben confirmar si, como vienen pronosticando, <strong>el PSOE pierde apoyos estrepitosamente<\/strong>. Tambi\u00e9n aclarar\u00e1n la posici\u00f3n y la fuerza que tienen populares y Vox en el \u00e1mbito de la derecha. Y si, como tambi\u00e9n esperan en G\u00e9nova, el partido de <strong>Santiago Abascal<\/strong> crece pero no tanto como algunos sondeos predicen.<\/p>\n<p class=\"voc-p\" style=\"\">Fuentes del PP dan por hecho que se confirmar\u00e1, con total seguridad, el proceso de derechizaci\u00f3n que la sociedad espa\u00f1ola est\u00e1 experimentando. Le dan mucha relevancia al hecho de que Extremadura sea un territorio tradicionalmente fiel a la izquierda. \u00abVamos a ver un cambio sociol\u00f3gico muy relevante\u00bb, advierten. Y tambi\u00e9n recuerdan que en 2023 el PSOE fue el partido que gan\u00f3 las elecciones, aunque quedaron empatados en 28 esca\u00f1os. La presidenta de la Junta, <strong>Mar\u00eda Guardiola<\/strong>, se prepara para una campa\u00f1a en la que ya cuenta con la victoria. El reto ser\u00e1 acercarse mucho, casi rozar, la absoluta. Es una comunidad complicada al tener solo dos circunscripciones.<\/p>\n<p class=\"voc-p\" style=\"\">Pero la sola victoria del PP y, sobre todo, <strong>una suma de la derecha tan clara<\/strong> (hace dos a\u00f1os y medio no lo estuvo en absoluto) ser\u00e1 \u00abun \u00e9xito\u00bb para los intereses de Feij\u00f3o mirando al PSOE. Los socialistas saben que el punto de partida es complicado. Su candidato, <a href=\"https:\/\/www.abc.es\/espana\/extremadura\/elecciones-extremenas-pueden-librar-gallardo-audiencia-provincial-20251204040739-nt.html\" target=\"_self\" data-voc-vtm-id=\"in-text-traffic\" title=\"Miguel \u00c1ngel Gallardo\" data-mrf-link=\"www.abc.es\" rel=\"nofollow noopener\">Miguel \u00c1ngel Gallardo<\/a>, procesado en el caso del hermano del presidente del Gobierno y que ir\u00e1 a juicio en la primavera, lastra las posibilidades de mejorar. Pero el PSOE tambi\u00e9n sabe que la situaci\u00f3n nacional, con un desgaste muy fuerte de Pedro S\u00e1nchez por los pactos con los independentistas y la acumulaci\u00f3n de frentes judiciales -ahora mismo la trama Koldo con Jos\u00e9 Luis \u00c1balos y el asesor que da nombre al caso en la c\u00e1rcel; y tambi\u00e9n<strong> el esc\u00e1ndalo de Paco Salazar<\/strong> en pleno auge- condenan a la formaci\u00f3n a tener un mal resultado. Lo que est\u00e1 por ver, admiten en el PP, \u00abes c\u00f3mo de malo\u00bb.<\/p>\n<p class=\"voc-p\" style=\"\">Feij\u00f3o necesita una derrota de los socialistas. Y no es lo \u00fanico que necesita. Tambi\u00e9n que Vox -que crecer\u00e1 porque en 2023 tuvo 5 diputados y poco m\u00e1s del 8% del voto- no se dispare. Santiago Abascal ha decidido volcarse en la campa\u00f1a como si fuera pr\u00e1cticamente el candidato. Su constante presencia -varios m\u00edtines desde hace semanas- sobre el territorio preocupa a algunos dirigentes populares, conscientes de que el l\u00edder de Vox es el principal activo que tiene su partido. Otros dirigentes consultados por ABC, en cambio, consideran que <strong>\u00abse est\u00e1 involucrando demasiado\u00bb<\/strong> y que ser\u00e1 \u00abel principal responsable\u00bb del resultado, sea el que sea. La aspiraci\u00f3n de los populares es que su rival por la derecha crezca, pero que no consiga un resultado excepcional. \u00abEsto nos ayudar\u00eda mucho a poner las cosas en su sitio\u00bb, zanjan. Tambi\u00e9n son conscientes de que hay otras comunidades aut\u00f3nomas en las que el resultado de Abascal puede ser bastante superior.<\/p>\n<p class=\"voc-p\" style=\"\">El problema de fondo -pensando en un futuro gobierno- es la escasa sinton\u00eda que tienen PP y Vox en Extremadura. Hasta el punto de que en el entorno de Abascal, <a href=\"https:\/\/www.abc.es\/espana\/abascal-advierte-guardiola-necesita-vox-pasa-aro-20251118005754-vi.html\" target=\"_self\" data-voc-vtm-id=\"in-text-traffic\" title=\"como public\u00f3 ABC\" data-mrf-link=\"www.abc.es\" rel=\"nofollow noopener\">como public\u00f3 ABC<\/a>, no descartan forzar una repetici\u00f3n electoral si sus votos son necesarios para investir a Guardiola y la presidenta se niega a aceptar todas sus condiciones.<\/p>\n<p class=\"voc-title\">El PP cuenta con un descalabro del PSOE y aspira a que Vox no logre un gran resultado<\/p>\n<p class=\"voc-p\" style=\"\">Este mismo jueves mismo el l\u00edder del PP reconoci\u00f3 desde Don Benito (Badajoz) que las elecciones de Extremadura \u00abson importantes para toda Espa\u00f1a\u00bb &#8211; \u00abnunca antes lo hab\u00edan sido tanto\u00bb, lleg\u00f3 a afirmar- si realmente se quiere enviar \u00abun mensaje de cambio\u00bb que \u00abponga fin al sanchismo\u00bb. Casi a la vez, Abascal desplegaba un dur\u00edsimo discurso \u00abcontra el bipartidismo\u00bb equiparando a PP y PSOE por haber generado \u00abuna herencia de abandono para las tierras leales de Espa\u00f1a\u00bb. El tono no ir\u00e1 a menos a lo largo de estas dos semanas, como ya public\u00f3 ABC. Las formaciones de la derecha ten\u00edan prisa por zanjar el pacto en la Comunidad Valenciana y entregarse a una campa\u00f1a en la que hay demasiado en juego.<\/p>\n","protected":false},"excerpt":{"rendered":"La lectura nacional ser\u00e1 inevitable y marcar\u00e1 el resto de citas auton\u00f3micas. Las elecciones de Extremadura, en apenas&hellip;\n","protected":false},"author":2,"featured_media":271956,"comment_status":"","ping_status":"","sticky":false,"template":"","format":"standard","meta":{"footnotes":""},"categories":[8],"tags":[1456,17,18,658,25,24,19590,13,14,11,19,20,9,10,15,16,956,977,677,23,12,4350,21,22],"class_list":{"0":"post-271955","1":"post","2":"type-post","3":"status-publish","4":"format-standard","5":"has-post-thumbnail","7":"category-espana","8":"tag-banco","9":"tag-breaking-news","10":"tag-breakingnews","11":"tag-campana","12":"tag-es","13":"tag-espana","14":"tag-extremena","15":"tag-featured-news","16":"tag-featurednews","17":"tag-headlines","18":"tag-latest-news","19":"tag-latestnews","20":"tag-news","21":"tag-noticias","22":"tag-noticias-destacadas","23":"tag-noticiasdestacadas","24":"tag-pp","25":"tag-primer","26":"tag-pruebas","27":"tag-spain","28":"tag-titulares","29":"tag-toma","30":"tag-ultimas-noticias","31":"tag-ultimasnoticias"},"share_on_mastodon":{"url":"https:\/\/pubeurope.com\/@es\/115665292924129720","error":""},"_links":{"self":[{"href":"https:\/\/www.europesays.com\/es\/wp-json\/wp\/v2\/posts\/271955","targetHints":{"allow":["GET"]}}],"collection":[{"href":"https:\/\/www.europesays.com\/es\/wp-json\/wp\/v2\/posts"}],"about":[{"href":"https:\/\/www.europesays.com\/es\/wp-json\/wp\/v2\/types\/post"}],"author":[{"embeddable":true,"href":"https:\/\/www.europesays.com\/es\/wp-json\/wp\/v2\/users\/2"}],"replies":[{"embeddable":true,"href":"https:\/\/www.europesays.com\/es\/wp-json\/wp\/v2\/comments?post=271955"}],"version-history":[{"count":0,"href":"https:\/\/www.europesays.com\/es\/wp-json\/wp\/v2\/posts\/271955\/revisions"}],"wp:featuredmedia":[{"embeddable":true,"href":"https:\/\/www.europesays.com\/es\/wp-json\/wp\/v2\/media\/271956"}],"wp:attachment":[{"href":"https:\/\/www.europesays.com\/es\/wp-json\/wp\/v2\/media?parent=271955"}],"wp:term":[{"taxonomy":"category","embeddable":true,"href":"https:\/\/www.europesays.com\/es\/wp-json\/wp\/v2\/categories?post=271955"},{"taxonomy":"post_tag","embeddable":true,"href":"https:\/\/www.europesays.com\/es\/wp-json\/wp\/v2\/tags?post=271955"}],"curies":[{"name":"wp","href":"https:\/\/api.w.org\/{rel}","templated":true}]}}