{"id":271959,"date":"2025-12-05T05:32:11","date_gmt":"2025-12-05T05:32:11","guid":{"rendered":"https:\/\/www.europesays.com\/es\/271959\/"},"modified":"2025-12-05T05:32:11","modified_gmt":"2025-12-05T05:32:11","slug":"mirotic-hable-con-mike-james-a-ambos-nos-falta-la-euroliga","status":"publish","type":"post","link":"https:\/\/www.europesays.com\/es\/271959\/","title":{"rendered":"Mirotic: \u201cHabl\u00e9 con Mike James, a ambos nos falta la Euroliga\u201d"},"content":{"rendered":"<p class=\"\"><b>Nikola Mirotic<\/b> afronta una nueva vida en M\u00f3naco. El hispano-montenegrino abandon\u00f3 Mil\u00e1n el pasado verano para firmar por el subcampe\u00f3n de la Euroliga, con el que promedia <b>10,7 puntos y 4,8 rebotes para 13,5 de valoraci\u00f3n<\/b>, y aspira a levantar el t\u00edtulo que le falta, el de la <b>Euroliga<\/b>, aunque piensa que sin \u00e9l, su carrera tampoco quedar\u00eda incompleta. \u201cNo ser\u00eda justo. Jugu\u00e9 en la NBA, disput\u00e9 la final del Este ante los Bucks de Giannis, gan\u00e9 un Eurobasket\u2026 Obviamente me gustar\u00eda ganar la Euroliga, pero no es algo en lo que ponga<b> el foco de toda mi carrera<\/b>. Tuve cinco a\u00f1os buenos en la NBA con minutos, en cuatro jugu\u00e9 los playoffs&#8230; Y sigo luchando para ganarla. Soy un tipo creyente y creo que eso puede llegar a suceder\u201d, dijo en una entrevista con Eurohoops.<\/p>\n<p class=\"\">Precisamente en la capital monegasca coincide con otra de esas estrellas que tampoco saben qu\u00e9 sienten al ser campeones de Europa. \u201cHabl\u00e9 con<b> Mike (James) <\/b>sobre ello. Una charla corta, pero lo hablamos. A ambos nos falta y digamos que somos dos de los mejores jugadores que quedan sin lograrlo. Lo bueno es que <b>ahora estamos juntos<\/b>, en el mismo barco\u201d.<\/p>\n<p class=\"\">Mirotic considera que M\u00f3naco fue <a href=\"https:\/\/as.com\/noticias\/nikola-mirotic\/\" target=\"_self\" rel=\"nofollow noopener\" title=\"https:\/\/as.com\/noticias\/nikola-mirotic\/\">\u201cun paso natural tras Mil\u00e1n\u201d<\/a> y confiesa haberse adaptado bien a su nuevo rol. \u201cCumplo 35 a\u00f1os en unos meses. He puesto mi ego a un lado, pero todav\u00eda siento el fuego dentro de m\u00ed. Me queda baloncesto aunque, obviamente, <b>no soy la primera opci\u00f3n<\/b>. Pero puedo ser <b>la segunda, tercera, quinta<\/b>&#8230; No importa. S\u00e9 que puedo ayudar al equipo\u201d.<\/p>\n<p class=\"\">El ahora ala-p\u00edvot del M\u00f3naco record\u00f3 c\u00f3mo se gest\u00f3 su negativa a la NBA en 2019 y su regreso al baloncesto europeo. \u201cTuve una oferta incre\u00edble de Utah Jazz, un acuerdo garantizado. Estaba en Chalkidiki (Grecia) con mi familia y la franquicia me envi\u00f3 <b>billetes para ir a Los \u00c1ngeles<\/b>, reunirme con ellos y firmar el contrato. Cuando estaba en el aeropuerto me puse a pensar en que nuestro segundo hijo acababa de nacer, que ech\u00e1bamos de menos la vida europea y estar cerca de la familia, en que quer\u00eda un rol m\u00e1s importante&#8230; No se trataba solo de dinero, as\u00ed que me volv\u00ed del aeropuerto y <b>continu\u00e9 mis vacaciones<\/b>. Pocos d\u00edas despu\u00e9s firm\u00e9 con el Bar\u00e7a\u201d.<\/p>\n<p class=\"\">Mirotic habla tambi\u00e9n sobre Rajon Rondo, posiblemente y sin contar con <b>Pau Gasol<\/b>, el mejor amigo que tuvo en la NBA. \u201c\u00c9l siempre me buscaba abierto para que tirara y cuando no lo hac\u00eda, ven\u00eda y me dec\u00eda: \u2018Escucha, si te la paso otra vez y no tiras, <b>no te la vuelvo a pasar<\/b>\u2019. Me oblig\u00f3 a que tirara, a que me centrara m\u00e1s en el ataque\u201d.<\/p>\n<p class=\"\">A la NBA lleg\u00f3 procedente del Real Madrid, pero en su regreso a Europa cogi\u00f3 el Puente A\u00e9reo a Barcelona. \u201cEs normal que no agrade a todo el mundo. Siempre he intentado tomar <b>mis propias decisiones<\/b> contando con mi familia y no me arrepiento de nada. La gente no se da cuenta de lo que dif\u00edcil que es para los jugadores tomar algunas decisiones. Si ofend\u00ed a alguien, lo siento, pero siempre busqu\u00e9<b> lo mejor para m\u00ed y mi familia<\/b>\u201d.<\/p>\n<p>Noticias relacionadas<a href=\"https:\/\/as.com\/baloncesto\/nba\/nunca-se-ha-visto-a-doncic-con-un-fisico-mejor-f202511-n\/\" class=\"s_m_w\" title=\"El podcast de AS sobre NBA analiza el mal estado de Kawhi Leonard en Clippers, la gran vuelta de LeBron James a Lakers y el nivel excelso de Luka Doncic.\" data-tb-link=\"\" rel=\"nofollow noopener\" target=\"_blank\"><img decoding=\"async\" src=\"https:\/\/www.europesays.com\/es\/wp-content\/uploads\/2025\/12\/NIUXZW65VJC2VFYZKGMJYCV47M.jpg\" alt=\"\u201cNunca se ha visto a Doncic con un f\u00edsico mejor\u201d\" class=\"\" height=\"9\" width=\"16\"   loading=\"lazy\" data-tb-thumbnail=\"\"\/><\/a><a href=\"https:\/\/as.com\/baloncesto\/nba\/oi-lo-de-mi-peso-si-hubiera-querido-hablarlo-lo-habria-hecho-f202511-n\/\" class=\"s_m_w\" title=\"Guerschon Yabusele habla de los comentarios sobre su peso y asegura que este a\u00f1o est\u00e1 por debajo en kilos de lo que estuvo el pasado.\" data-tb-link=\"\" rel=\"nofollow noopener\" target=\"_blank\"><img decoding=\"async\" src=\"https:\/\/www.europesays.com\/es\/wp-content\/uploads\/2025\/12\/3RHGRDVJ7FIZJEIC4IQKLMZR5I.jpg\" alt=\"\u201cO\u00ed lo de mi peso. Si hubiera querido hablarlo, lo habr\u00eda hecho\u201d\" class=\"\" height=\"9\" width=\"16\"   loading=\"lazy\" data-tb-thumbnail=\"\"\/><\/a><\/p>\n<p class=\"\">Mirotic confirm\u00f3 que tuvo una gran oferta del Olympiacos, que rechaz\u00f3, y habla sobre<b> <\/b><a href=\"https:\/\/as.com\/baloncesto\/euroliga\/spanoulis-nuevo-entrenador-as-monaco-n\/\" target=\"_self\" rel=\"nofollow noopener\" title=\"https:\/\/as.com\/baloncesto\/euroliga\/spanoulis-nuevo-entrenador-as-monaco-n\/\"><b>Vassilis Spanoulis<\/b><\/a>, un<b> <\/b>rival (\u201cNos gan\u00f3 la final de 2013\u201d) que ahora es su entrenador. \u201cTodav\u00eda es r\u00e1pido, muy explosivo&#8230; A veces pienso \u2018que<b> le den una camiseta, est\u00e1 para jugar<\/b>\u201d.<\/p>\n<p class=\"\"><b>\u00a1Tus opiniones importan!<\/b> Comenta en los art\u00edculos y suscr\u00edbete gratis a nuestra <a href=\"https:\/\/asfan.as.com\/newsletters\/\" target=\"_blank\" rel=\"nofollow noopener\" title=\"https:\/\/asfan.as.com\/newsletters\/\">newsletter<\/a> y a las alertas informativas en la <a href=\"https:\/\/as.com\/aplicacion-de-as-n\/\" target=\"_blank\" rel=\"nofollow noopener\" title=\"https:\/\/as.com\/aplicacion-de-as-n\/\">App<\/a> o el canal de <a href=\"https:\/\/www.whatsapp.com\/channel\/0029VaAasdA7j6g745nz9M10\" target=\"_blank\" rel=\"nofollow noopener\" title=\"https:\/\/www.whatsapp.com\/channel\/0029VaAasdA7j6g745nz9M10\">WhatsApp<\/a>. \u00bfBuscas licenciar contenido? Haz clic <a href=\"https:\/\/profesional.elpais.com\/soluciones-sindicacion?utm_medium=interno&amp;utm_source=crosslinking&amp;utm_campaign=sindicacion_as_pie_articulos\" target=\"_blank\" rel=\"nofollow noopener\" title=\"https:\/\/profesional.elpais.com\/soluciones-sindicacion?utm_medium=interno&amp;utm_source=crosslinking&amp;utm_campaign=sindicacion_as_pie_articulos\">aqu\u00ed<\/a><\/p>\n","protected":false},"excerpt":{"rendered":"Nikola Mirotic afronta una nueva vida en M\u00f3naco. El hispano-montenegrino abandon\u00f3 Mil\u00e1n el pasado verano para firmar por&hellip;\n","protected":false},"author":2,"featured_media":197167,"comment_status":"","ping_status":"","sticky":false,"template":"","format":"standard","meta":{"footnotes":""},"categories":[269],"tags":[299,298,168,25,24,23,167],"class_list":{"0":"post-271959","1":"post","2":"type-post","3":"status-publish","4":"format-standard","5":"has-post-thumbnail","7":"category-baloncesto","8":"tag-baloncesto","9":"tag-basketball","10":"tag-deportes","11":"tag-es","12":"tag-espana","13":"tag-spain","14":"tag-sports"},"share_on_mastodon":{"url":"https:\/\/pubeurope.com\/@es\/115665328526753191","error":""},"_links":{"self":[{"href":"https:\/\/www.europesays.com\/es\/wp-json\/wp\/v2\/posts\/271959","targetHints":{"allow":["GET"]}}],"collection":[{"href":"https:\/\/www.europesays.com\/es\/wp-json\/wp\/v2\/posts"}],"about":[{"href":"https:\/\/www.europesays.com\/es\/wp-json\/wp\/v2\/types\/post"}],"author":[{"embeddable":true,"href":"https:\/\/www.europesays.com\/es\/wp-json\/wp\/v2\/users\/2"}],"replies":[{"embeddable":true,"href":"https:\/\/www.europesays.com\/es\/wp-json\/wp\/v2\/comments?post=271959"}],"version-history":[{"count":0,"href":"https:\/\/www.europesays.com\/es\/wp-json\/wp\/v2\/posts\/271959\/revisions"}],"wp:featuredmedia":[{"embeddable":true,"href":"https:\/\/www.europesays.com\/es\/wp-json\/wp\/v2\/media\/197167"}],"wp:attachment":[{"href":"https:\/\/www.europesays.com\/es\/wp-json\/wp\/v2\/media?parent=271959"}],"wp:term":[{"taxonomy":"category","embeddable":true,"href":"https:\/\/www.europesays.com\/es\/wp-json\/wp\/v2\/categories?post=271959"},{"taxonomy":"post_tag","embeddable":true,"href":"https:\/\/www.europesays.com\/es\/wp-json\/wp\/v2\/tags?post=271959"}],"curies":[{"name":"wp","href":"https:\/\/api.w.org\/{rel}","templated":true}]}}