{"id":271960,"date":"2025-12-05T05:33:11","date_gmt":"2025-12-05T05:33:11","guid":{"rendered":"https:\/\/www.europesays.com\/es\/271960\/"},"modified":"2025-12-05T05:33:11","modified_gmt":"2025-12-05T05:33:11","slug":"noveno-cambio-de-entrenador-entre-los-rivales-del-sporting-en-3-meses-y-medio-de-liga-la-voz-de-asturias","status":"publish","type":"post","link":"https:\/\/www.europesays.com\/es\/271960\/","title":{"rendered":"Noveno cambio de entrenador entre los rivales del Sporting en 3 meses y medio de liga &#8211; La Voz de Asturias"},"content":{"rendered":"<ol>\n<li><a href=\"https:\/\/news.google.com\/rss\/articles\/CBMi5gFBVV95cUxNRUh3RVdYLVlxZW11NEN4aGRLZUdoXzQxOXhwVmVmNWd1bV9DU3ZPbXg3V2pLR295T195ZGZ6Tkw1QXdvN3E1Z0JRUVF0YU02QkYyM1pVZldRMlMzcUE5SDJRUE5URnpqTTZYSjhNWUpfM19LSklFZVJDUXMtY0hnXzN5cGs2d0hrdzNVZktyTzB2aGxlR3R0d0lPNU9sc3lnQUNabmlZM3ZwcTNmRDBRWkdINHhPUlRPS2M4OHpSTWhHcE56VkpJVDVuOFg3VHYtZWhGM2pWbEtpUzk2ekNLUS01OW9sQdIBggJBVV95cUxPQUtuMTVQUXFMOHVQdEplVDAwaGFQcjkyM3R3bE1xTHlhT0hhQ00xb3pJU2tpelhPV1hvU2dzeU5SUGtKc1AwYXlYTWlONzFlNEdMMENQRmdrNkRGWGQ0djNXWUdQMWJLaGRqNnRfcXUyTkJ4Y3RJV2M4YU1qaExNWnJveDc2dEh6SGZkbWVHMEdGejRic0Z3bzI1SS1GSE0xWkFVdUt4TEM5MUxDYW5HTnoySEdPQ1ZFVENQelRTM09IdUFOTkRlb1MzcU9zd0ZlWXFrT2hkbzQ3VGdsRWNTRENfUHE4WmNqRVF0THdQRDhmWkdqSWRINUdqYlBwVGxVTkE?oc=5\" target=\"_blank\" rel=\"nofollow noopener\">Noveno cambio de entrenador entre los rivales del Sporting en 3 meses y medio de liga<\/a>&nbsp;&nbsp;La Voz de Asturias<\/li>\n<li><a href=\"https:\/\/news.google.com\/rss\/articles\/CBMiZkFVX3lxTFB4M0tyXzZfeFBoRV9KbERJVXNmN0kxMndaR3Z1anIxTXV5NldsQ0JhREd2TTA4eVM1dmhHRmFKYkVSRTBaRktEMlB0MzZ3dVpjZHBnSmFvWFdYVGZLTTUtNWVoQ0lqdw?oc=5\" target=\"_blank\" rel=\"nofollow noopener\">Comunicado oficial: Paco L\u00f3pez<\/a>&nbsp;&nbsp;CD Leganes<\/li>\n<li><a href=\"https:\/\/news.google.com\/rss\/articles\/CBMiowFBVV95cUxPYXNCVng5RWtma3AtRGU5MGp3MmJPd3NkY2s2WDdUa2V6NjhNQmtCQzBFQUN4ZGR5alVtVFV3R3FPeHV0d2NyM3I3RktyWnNVWmxBV0E3QjFqb3B4ZUM2U3BqUnJ4OUFlQ0ZEbWtIdVpMQ0ZYQWs2TmtoV1VTNDFIX08xNmpXbHBmYm9YX3pmVDRfTXE2cFNHNTVHajVrMkd0ZGhN0gGjAUFVX3lxTFAwVkZuUHBYOEhaOE1FRldSNnh4QUoySkJmTC1TMkF6VFNxd09odjl4QnM3dUkzbnVkbWRNZG1LLXJvMVNJa2EwRnBpLTNSWGRDeS1qVlNWRE1uLTZYYjM5VEJOdDVXMDFXQWEyenU5bGtneTYzZ3B2MHJsdndsN2FTcnd4aUJGQTVPVG50Z3hmT29xMlh0UlRRZUdBTHBrMU9JVGs?oc=5\" target=\"_blank\" rel=\"nofollow noopener\">La Copa se carga a Paco L\u00f3pez: destituido como t\u00e9cnico del Legan\u00e9s<\/a>&nbsp;&nbsp;MARCA<\/li>\n<li><a href=\"https:\/\/news.google.com\/rss\/articles\/CBMitAFBVV95cUxOSWQyamwtUUdESWFjQ0laWE1wNGJDN1dIbVZRbUw2UTFmbm9ldC16VVNRel93aHpoX2hwVUR2OUlMZkpMQUNDV2lqaVZqcXpIbjE1bDFBSTZsWENWTHduZ1VVZHZ4Q1U1TkpvenJCaVgxdTduRlV3TjE4SW9kZ2dBa25QT3dmb0RNVTNIZXk0NDg1bG9nVUJYYVRWQlAtRGRJVWlKa2t1dVdmc28yVTgxOVdZMnQ?oc=5\" target=\"_blank\" rel=\"nofollow noopener\">El Legan\u00e9s destituye a Paco L\u00f3pez tras caer en Copa<\/a>&nbsp;&nbsp;ideal.es<\/li>\n<li><a href=\"https:\/\/news.google.com\/rss\/articles\/CBMiowFBVV95cUxQMk04ZkN4al83YnRRXzdFN2Y0b1g0R28zdnp0S2lYcW1RXzUzRUlaM3l6RjBFYUdGR3NwWlhVVE0wb2g2Mmp5azBCWGU2bF9CcjI0alVqMW45ZDVMYzd0bEJKX1Q2SWJ0bTNaeGI2YXVlWGtEUjRxYWFmamUzbHJZaFpNZUJaRVVFdDdiVUFUSkxBejZMV29zOUJJcTNoOHFyT0xV0gGoAUFVX3lxTE55cklraU1vVUhoX1psQVFFSkFWSEx2T3lBckRieTIxdF9VWk5jbmU0ZWJTelV0Y1JRek1LRlpwejJ0N0laeGlqVFBQOVBMQkxTNlVzRUE4cWNlU0lmSkhHTU9ZTkpwUXpidElpZ2ViZHZVRUM2SnFtZ3lJOU9Kbmk1RW55dElQSGdsOHRsLWpITkExMTFXWHpPNy1nZzZhMmhlVzNfUWh5RA?oc=5\" target=\"_blank\" rel=\"nofollow noopener\">Paco L\u00f3pez destituido como entrenador del C.D Legan\u00e9s<\/a>&nbsp;&nbsp;Superdeporte<\/li>\n<\/ol>\n","protected":false},"excerpt":{"rendered":"Noveno cambio de entrenador entre los rivales del Sporting en 3 meses y medio de liga&nbsp;&nbsp;La Voz de&hellip;\n","protected":false},"author":2,"featured_media":271961,"comment_status":"","ping_status":"","sticky":false,"template":"","format":"standard","meta":{"footnotes":""},"categories":[268],"tags":[168,25,24,280,282,281,23,4783,167],"class_list":{"0":"post-271960","1":"post","2":"type-post","3":"status-publish","4":"format-standard","5":"has-post-thumbnail","7":"category-futbol","8":"tag-deportes","9":"tag-es","10":"tag-espana","11":"tag-football","12":"tag-futbol","13":"tag-soccer","14":"tag-spain","15":"tag-sporting-de-gijon","16":"tag-sports"},"share_on_mastodon":{"url":"https:\/\/pubeurope.com\/@es\/115665332079320759","error":""},"_links":{"self":[{"href":"https:\/\/www.europesays.com\/es\/wp-json\/wp\/v2\/posts\/271960","targetHints":{"allow":["GET"]}}],"collection":[{"href":"https:\/\/www.europesays.com\/es\/wp-json\/wp\/v2\/posts"}],"about":[{"href":"https:\/\/www.europesays.com\/es\/wp-json\/wp\/v2\/types\/post"}],"author":[{"embeddable":true,"href":"https:\/\/www.europesays.com\/es\/wp-json\/wp\/v2\/users\/2"}],"replies":[{"embeddable":true,"href":"https:\/\/www.europesays.com\/es\/wp-json\/wp\/v2\/comments?post=271960"}],"version-history":[{"count":0,"href":"https:\/\/www.europesays.com\/es\/wp-json\/wp\/v2\/posts\/271960\/revisions"}],"wp:featuredmedia":[{"embeddable":true,"href":"https:\/\/www.europesays.com\/es\/wp-json\/wp\/v2\/media\/271961"}],"wp:attachment":[{"href":"https:\/\/www.europesays.com\/es\/wp-json\/wp\/v2\/media?parent=271960"}],"wp:term":[{"taxonomy":"category","embeddable":true,"href":"https:\/\/www.europesays.com\/es\/wp-json\/wp\/v2\/categories?post=271960"},{"taxonomy":"post_tag","embeddable":true,"href":"https:\/\/www.europesays.com\/es\/wp-json\/wp\/v2\/tags?post=271960"}],"curies":[{"name":"wp","href":"https:\/\/api.w.org\/{rel}","templated":true}]}}