{"id":271970,"date":"2025-12-05T05:41:09","date_gmt":"2025-12-05T05:41:09","guid":{"rendered":"https:\/\/www.europesays.com\/es\/271970\/"},"modified":"2025-12-05T05:41:09","modified_gmt":"2025-12-05T05:41:09","slug":"hallan-un-patron-en-enfermedades-de-cerebro-e-intestino-que-mejoraria-la-deteccion-del-parkinson-2","status":"publish","type":"post","link":"https:\/\/www.europesays.com\/es\/271970\/","title":{"rendered":"Hallan un patr\u00f3n en enfermedades de cerebro e intestino que mejorar\u00eda la detecci\u00f3n del P\u00e1rkinson"},"content":{"rendered":"<p><img id=\"fotoPrincipalNoticia\" src=\"https:\/\/www.europesays.com\/es\/wp-content\/uploads\/2025\/12\/fotonoticia_20251204184951_690.jpg\" loading=\"eager\" decoding=\"async\" style=\"view-transition-name: fechor_20251204184951;\" border=\"0\" alt=\"Archivo - Imagen de archivo de actividad del cerebro\" fetchpriority=\"high\" title=\"Hallan un patr\u00f3n en enfermedades de cerebro e intestino que mejorar\u00eda la detecci\u00f3n del P\u00e1rkinson\" width=\"690\" height=\"460\" itemprop=\"image\"\/><\/p>\n<p>Archivo &#8211; Imagen de archivo de actividad del cerebro &#8211; EUROPA PRESS &#8211; Archivo<\/p>\n<p>   BARCELONA, 4 Dic. (EUROPA PRESS) &#8211; <\/p>\n<p>   Una investigaci\u00f3n liderada por el CSIC y el CIBERSAM se\u00f1ala que tres reguladores de la expresi\u00f3n de genes aparecen alterados en el P\u00e1rkinson, la depresi\u00f3n y la disfunci\u00f3n intestinal, lo que podr\u00eda permitir un posible diagn\u00f3stico y una intervenci\u00f3n temprana.<\/p>\n<p>   Publicada en &#8216;Journal of Neuroinflammation&#8217;, ofrece una \u00abevidencia directa de un proceso patol\u00f3gico paralelo que abarca el eje intestino-cerebro y sugiere un bucle inflamatorio bidireccional\u00bb, informa la Delegaci\u00f3n del CSIC en Catalunya este jueves en un comunicado.<\/p>\n<p>   El equipo ha hallado un mecanismo molecular que probar\u00eda esa conexi\u00f3n: han identificado la misma desregulaci\u00f3n de tres microRNA en muestras post-mortem del cerebro de pacientes con P\u00e1rkinson y con trastorno depresivo.<\/p>\n<p>   Los investigadores han podido reproducir y confirmar la misma cascada molecular en dos modelos de rat\u00f3n: el primero, un modelo con estr\u00e9s que presenta un perfil similar a la depresi\u00f3n, mostraba el mismo patr\u00f3n alterado de microRNA y un aumento de los marcadores inflamatorios en el cerebro.<\/p>\n<p>    En un segundo modelo, con una sobreexpresi\u00f3n patol\u00f3gica de alfa-sinucle\u00edna en las neuronas de serotonina y que desarrolla un fenotipo depresivo y de P\u00e1rkinson, tambi\u00e9n se repet\u00eda el patr\u00f3n exacto de microRNA y de inflamaci\u00f3n, tanto en el cerebro como en el intestino.<\/p>\n<p>   La investigadora Analia Bortolozzi, que ha liderado el equipo, destaca que este estudio \u00abidentifica este eje espec\u00edfico de inflamaci\u00f3n, la tr\u00edada de microRNA actuando sobre los marcadores de inflamaci\u00f3n, como un mecanismo molecular com\u00fan que conecta la fisiopatolog\u00eda del P\u00e1rkinson, depresi\u00f3n y la disfunci\u00f3n intestinal\u00bb.<\/p>\n<p>APLICACI\u00d3N<\/p>\n<p>   Los investigadores se\u00f1ala que en el caso de los humanos esta investigaci\u00f3n solo analiz\u00f3 muestras de tejido cerebral, pero que \u00abexisten otros estudios que han confirmado la presencia de la acumulaci\u00f3n patol\u00f3gica de alfa-sinucle\u00edna en el intestino\u00bb.<\/p>\n<p>    Adem\u00e1s, explican, se sabe que los s\u00edntomas gastrointestinales a menudo preceden a los s\u00edntomas motores en a\u00f1os, \u00absi bien no todos los pacientes parecen seguir este patr\u00f3n de propagaci\u00f3n\u00bb.<\/p>\n<p>    \u00abM\u00e1s del 80% de los pacientes con P\u00e1rkinson presentan trastornos gastrointestinales, y existe una asociaci\u00f3n bidireccional entre P\u00e1rkinson, depresi\u00f3n y enfermedades inflamatorias intestinales\u00bb, apunta Bortolozzi.<\/p>\n<p>    Una de las implicaciones futuras de esta investigaci\u00f3n es el potencial de este patr\u00f3n de microRNA como biomarcador: dado que este patr\u00f3n tambi\u00e9n existe en el tejido intestinal del modelo animal, \u00abla idea de analizarlos en biopsias intestinales de pacientes vivos es una extensi\u00f3n l\u00f3gica y muy relevante de este trabajo\u00bb.<\/p>\n","protected":false},"excerpt":{"rendered":"Archivo &#8211; Imagen de archivo de actividad del cerebro &#8211; EUROPA PRESS &#8211; Archivo BARCELONA, 4 Dic. (EUROPA&hellip;\n","protected":false},"author":2,"featured_media":271971,"comment_status":"","ping_status":"","sticky":false,"template":"","format":"standard","meta":{"footnotes":""},"categories":[92],"tags":[25,24,165,166,23],"class_list":{"0":"post-271970","1":"post","2":"type-post","3":"status-publish","4":"format-standard","5":"has-post-thumbnail","7":"category-salud","8":"tag-es","9":"tag-espana","10":"tag-health","11":"tag-salud","12":"tag-spain"},"share_on_mastodon":{"url":"https:\/\/pubeurope.com\/@es\/115665363920656894","error":""},"_links":{"self":[{"href":"https:\/\/www.europesays.com\/es\/wp-json\/wp\/v2\/posts\/271970","targetHints":{"allow":["GET"]}}],"collection":[{"href":"https:\/\/www.europesays.com\/es\/wp-json\/wp\/v2\/posts"}],"about":[{"href":"https:\/\/www.europesays.com\/es\/wp-json\/wp\/v2\/types\/post"}],"author":[{"embeddable":true,"href":"https:\/\/www.europesays.com\/es\/wp-json\/wp\/v2\/users\/2"}],"replies":[{"embeddable":true,"href":"https:\/\/www.europesays.com\/es\/wp-json\/wp\/v2\/comments?post=271970"}],"version-history":[{"count":0,"href":"https:\/\/www.europesays.com\/es\/wp-json\/wp\/v2\/posts\/271970\/revisions"}],"wp:featuredmedia":[{"embeddable":true,"href":"https:\/\/www.europesays.com\/es\/wp-json\/wp\/v2\/media\/271971"}],"wp:attachment":[{"href":"https:\/\/www.europesays.com\/es\/wp-json\/wp\/v2\/media?parent=271970"}],"wp:term":[{"taxonomy":"category","embeddable":true,"href":"https:\/\/www.europesays.com\/es\/wp-json\/wp\/v2\/categories?post=271970"},{"taxonomy":"post_tag","embeddable":true,"href":"https:\/\/www.europesays.com\/es\/wp-json\/wp\/v2\/tags?post=271970"}],"curies":[{"name":"wp","href":"https:\/\/api.w.org\/{rel}","templated":true}]}}