{"id":271974,"date":"2025-12-05T05:44:13","date_gmt":"2025-12-05T05:44:13","guid":{"rendered":"https:\/\/www.europesays.com\/es\/271974\/"},"modified":"2025-12-05T05:44:13","modified_gmt":"2025-12-05T05:44:13","slug":"meta-recortara-hasta-un-30-la-financiacion-al-metaverso","status":"publish","type":"post","link":"https:\/\/www.europesays.com\/es\/271974\/","title":{"rendered":"Meta recortar\u00e1 hasta un 30% la financiaci\u00f3n al metaverso"},"content":{"rendered":"<p class=\"voc-p\" style=\"\"><a href=\"https:\/\/www.abc.es\/economia\/situacion-convulsa-meta-cientifico-jefe-ia-yann-20251111201613-nt.html\" title=\"www.abc.es\" data-voc-vtm-id=\"in-text-traffic\" data-mrf-link=\"www.abc.es\" rel=\"nofollow noopener\" target=\"_blank\">Meta Platforms<\/a>, matriz de Facebook, Whatsapp o Instagram, recortar\u00e1 dr\u00e1sticamente los recursos destinados a su divisi\u00f3n del metaverso, lo que incluir\u00eda una ronda de despidos que podr\u00eda iniciarse este mismo enero.<\/p>\n<p class=\"voc-p\" style=\"\">Seg\u00fan ha informado &#8216;Bloomberg&#8217; citando fuentes conocedoras del asunto, Meta podr\u00eda reducir en  &#8230; hasta un 30% la financiaci\u00f3n para dicha unidad de negocio. No obstante, pese a que la salida de trabajadores <strong>es algo \u00abcasi seguro\u00bb<\/strong>, las informaciones han indicado que a\u00fan no se ha tomado una decisi\u00f3n en firme.<\/p>\n<p class=\"voc-p\" style=\"\">Los recortes se enmarcan dentro de la planificaci\u00f3n presupuestaria de la empresa para 2026. El presidente y consejero delegado de Meta, Mark Zuckerberg, ha pedido a los ejecutivos de la compa\u00f1\u00eda que <strong>rebajen el gasto en un 10%<\/strong>, en l\u00ednea con lo que se ha venido exigiendo otros a\u00f1os.<\/p>\n<p class=\"voc-p\" style=\"\">Sin embargo, al grupo responsable de la creaci\u00f3n del metaverso se le ha exigido un mayor esfuerzo tras <strong>no materializarse el nivel de competencia esperado<\/strong> para este nicho de mercado. La retirada de recursos \u00abprobablemente\u00bb impacte sobre el \u00e1rea de realidad virtual y Horizon Worlds.<\/p>\n<p>\nArt\u00edculo solo para suscriptores\n<\/p>\n<p>Reportar un error<\/p>\n","protected":false},"excerpt":{"rendered":"Meta Platforms, matriz de Facebook, Whatsapp o Instagram, recortar\u00e1 dr\u00e1sticamente los recursos destinados a su divisi\u00f3n del metaverso,&hellip;\n","protected":false},"author":2,"featured_media":271975,"comment_status":"","ping_status":"","sticky":false,"template":"","format":"standard","meta":{"footnotes":""},"categories":[80],"tags":[82,20356,3496,95,94,25,24,6861,15021,138,44936,66723,9251,23],"class_list":{"0":"post-271974","1":"post","2":"type-post","3":"status-publish","4":"format-standard","5":"has-post-thumbnail","7":"category-economia","8":"tag-business","9":"tag-despidos","10":"tag-division","11":"tag-economia","12":"tag-economy","13":"tag-es","14":"tag-espana","15":"tag-financiacion","16":"tag-iniciara","17":"tag-meta","18":"tag-metaverso","19":"tag-recortara","20":"tag-ronda","21":"tag-spain"},"share_on_mastodon":{"url":"https:\/\/pubeurope.com\/@es\/115665375810423437","error":""},"_links":{"self":[{"href":"https:\/\/www.europesays.com\/es\/wp-json\/wp\/v2\/posts\/271974","targetHints":{"allow":["GET"]}}],"collection":[{"href":"https:\/\/www.europesays.com\/es\/wp-json\/wp\/v2\/posts"}],"about":[{"href":"https:\/\/www.europesays.com\/es\/wp-json\/wp\/v2\/types\/post"}],"author":[{"embeddable":true,"href":"https:\/\/www.europesays.com\/es\/wp-json\/wp\/v2\/users\/2"}],"replies":[{"embeddable":true,"href":"https:\/\/www.europesays.com\/es\/wp-json\/wp\/v2\/comments?post=271974"}],"version-history":[{"count":0,"href":"https:\/\/www.europesays.com\/es\/wp-json\/wp\/v2\/posts\/271974\/revisions"}],"wp:featuredmedia":[{"embeddable":true,"href":"https:\/\/www.europesays.com\/es\/wp-json\/wp\/v2\/media\/271975"}],"wp:attachment":[{"href":"https:\/\/www.europesays.com\/es\/wp-json\/wp\/v2\/media?parent=271974"}],"wp:term":[{"taxonomy":"category","embeddable":true,"href":"https:\/\/www.europesays.com\/es\/wp-json\/wp\/v2\/categories?post=271974"},{"taxonomy":"post_tag","embeddable":true,"href":"https:\/\/www.europesays.com\/es\/wp-json\/wp\/v2\/tags?post=271974"}],"curies":[{"name":"wp","href":"https:\/\/api.w.org\/{rel}","templated":true}]}}