{"id":271976,"date":"2025-12-05T05:45:13","date_gmt":"2025-12-05T05:45:13","guid":{"rendered":"https:\/\/www.europesays.com\/es\/271976\/"},"modified":"2025-12-05T05:45:13","modified_gmt":"2025-12-05T05:45:13","slug":"lo-mas-buscado-del-ano-en-google-el-apagon-berghain-montoya-y-por-que-los-papas-cambian-de-nombre-tecnologia","status":"publish","type":"post","link":"https:\/\/www.europesays.com\/es\/271976\/","title":{"rendered":"Lo m\u00e1s buscado del a\u00f1o en Google: el apag\u00f3n, Berghain, Montoya y por qu\u00e9 los Papas cambian de nombre | Tecnolog\u00eda"},"content":{"rendered":"<p class=\"\">La inteligencia artificial todav\u00eda no ha trastocado una de las tradiciones m\u00e1s populares de diciembre, aunque Gemini haya sido lo m\u00e1s buscado del a\u00f1o en Google en todo el mundo. Como es habitual cada a\u00f1o por estas fechas, la tecnol\u00f3gica ha desvelado el listado de consultas m\u00e1s buscadas de los \u00faltimos 12 meses. Se trata de las tendencias que han impulsado los usuarios cada vez que han tenido alguna duda y han ido directos a guglearla. En Espa\u00f1a, este 2025, el m\u00e1ximo inter\u00e9s lo desat\u00f3 <a href=\"https:\/\/elpais.com\/economia\/2025-04-28\/apagon-electrico-masivo-en-espana.html\" target=\"_self\" rel=\"nofollow noopener\" title=\"https:\/\/elpais.com\/economia\/2025-04-28\/apagon-electrico-masivo-en-espana.html\">el apag\u00f3n que se produjo en el mes de abril<\/a> y que afect\u00f3 a toda la Pen\u00ednsula. Un pico de b\u00fasquedas que tuvo su reflejo en esta palabra clave y en la pregunta \u201c\u00bfpor qu\u00e9 se ha ido la luz?\u201d.<\/p>\n<p class=\"\">Y, como suele ser habitual, los eventos meteorol\u00f3gicos tambi\u00e9n han dejado huella en el buscador con consultas de actualidad como \u201calerta lluvias\u201d, \u201cincendios Espa\u00f1a\u201d y \u201cqu\u00e9 significa dana\u201d. Pero uno de los momentos clave del a\u00f1o en todo el mundo ha sido la llegada de un nuevo papa al Vaticano. Por esta raz\u00f3n, el nombramiento de Le\u00f3n XIV en mayo lo ha convertido en uno de los personajes m\u00e1s buscados de este 2025, as\u00ed como la cuesti\u00f3n \u201cpor qu\u00e9 los Papas cambian de nombre\u201d. <\/p>\n<p class=\"\">Adem\u00e1s, la guerra en Gaza ha tenido su protagonismo en los intereses de los espa\u00f1oles, sobre todo gracias a la <a href=\"https:\/\/elpais.com\/internacional\/2025-09-25\/israel-impedira-a-la-flotilla-llegar-a-gaza-pero-asegura-no-tener-problemas-con-los-buques-de-espana-e-italia-que-la-asisten.html\" rel=\"nofollow noopener\" title=\"https:\/\/elpais.com\/internacional\/2025-09-25\/israel-impedira-a-la-flotilla-llegar-a-gaza-pero-asegura-no-tener-problemas-con-los-buques-de-espana-e-italia-que-la-asisten.html\" target=\"_blank\">Global Sumud Flotilla<\/a> que sali\u00f3 de Barcelona el 31 de agosto. El conflicto en Oriente Pr\u00f3ximo tambi\u00e9n se refleja en las preguntas \u201cpor qu\u00e9 Israel ataca a Ir\u00e1n\u201d y \u201cpor qu\u00e9 la sand\u00eda es s\u00edmbolo de Palestina\u201d. Que por si alguien todav\u00eda no lo sabe,<a href=\"https:\/\/elpais.com\/cultura\/2025-08-01\/la-sandia-fuente-de-inspiracion-para-el-arte-simbolo-politico-y-emblema-reivindicativo.html\" target=\"_self\" rel=\"nofollow noopener\" title=\"https:\/\/elpais.com\/cultura\/2025-08-01\/la-sandia-fuente-de-inspiracion-para-el-arte-simbolo-politico-y-emblema-reivindicativo.html\"> debido a su forma y sus colores, incluido tambi\u00e9n el negro de sus pepitas<\/a>, esta fruta ha servido como ingeniosa forma de defender la causa palestina. <\/p>\n<p class=\"\">En las b\u00fasquedas clave del a\u00f1o tambi\u00e9n se han colado cuestiones tan dispares como <a href=\"https:\/\/elpais.com\/cultura\/2025-10-15\/el-polemista-juan-del-val-gana-el-premio-planeta-2025.html\" target=\"_self\" rel=\"nofollow noopener\" title=\"https:\/\/elpais.com\/cultura\/2025-10-15\/el-polemista-juan-del-val-gana-el-premio-planeta-2025.html\">el Premio Planeta 2025 que se llev\u00f3 Juan del Val<\/a>, programas de televisi\u00f3n como La revuelta, <a href=\"https:\/\/elpais.com\/espana\/catalunya\/2025-09-12\/la-fiebre-de-los-labubus-crece-en-barcelona-munecos-de-hasta-1200-euros-y-reventa-disparada.html\" target=\"_self\" rel=\"nofollow noopener\" title=\"https:\/\/elpais.com\/espana\/catalunya\/2025-09-12\/la-fiebre-de-los-labubus-crece-en-barcelona-munecos-de-hasta-1200-euros-y-reventa-disparada.html\">la fiebre de los Labubus<\/a> o la migraci\u00f3n de la mariposa monarca. Si se trata de pel\u00edculas o series, destacan proyectos que han liderado los premios y las conversaciones como son Anora, Sirat, La infiltrada, Emilia P\u00e9rez o Adolescencia.<\/p>\n<p>Qui\u00e9n es&#8230;<\/p>\n<p class=\"\">Adem\u00e1s de Le\u00f3n XIV, los espa\u00f1oles han querido saber m\u00e1s informaci\u00f3n sobre Andy y Lucas, espec\u00edficamente con el objetivo de saber qui\u00e9n es qui\u00e9n <a href=\"https:\/\/elpais.com\/gente\/2025-11-15\/andy-ya-canta-solo-y-no-volvera-a-hacerlo-con-lucas-ni-muerto-antes-abro-un-restaurante.html\" target=\"_self\" rel=\"nofollow noopener\" title=\"https:\/\/elpais.com\/gente\/2025-11-15\/andy-ya-canta-solo-y-no-volvera-a-hacerlo-con-lucas-ni-muerto-antes-abro-un-restaurante.html\">tras un a\u00f1o en el que ambos han recuperado le protagonismo en los medios<\/a>. Lalachus y su papel en las Campanadas, el actor Salva Reina y su Goya o Karla Sof\u00eda Gasc\u00f3n y su pol\u00e9micos tuits completan un listado en el que tambi\u00e9n est\u00e1 <a href=\"https:\/\/elpais.com\/television\/2025-02-06\/montoya-en-la-isla-de-las-tentaciones-144-minutos-de-dramatizacion-y-fantasia-vista-en-bucle-millones-de-veces.html\" target=\"_self\" rel=\"nofollow noopener\" title=\"https:\/\/elpais.com\/television\/2025-02-06\/montoya-en-la-isla-de-las-tentaciones-144-minutos-de-dramatizacion-y-fantasia-vista-en-bucle-millones-de-veces.html\">el protagonista de la pasada edici\u00f3n de La isla de las tentaciones, Montoya<\/a>, la cantante Rosal\u00eda, el luchador Ilia Topuria y el tenista Carlos Alcaraz.<\/p>\n<p>Qu\u00e9 significa&#8230;<\/p>\n<p class=\"\">Y si hay algo que suele hacer la gente en Google es preguntar por el significado de conceptos que desconoce. E incluso el \u00faltimo disco de Rosal\u00eda ha tenido su efecto en este listado a pesar de haber sido publicado en noviembre. Este a\u00f1o en Espa\u00f1a destaca la b\u00fasqueda de t\u00e9rminos como \u201cBerghain\u201d, \u201cedadismo\u201d, \u201cqueer\u201d, \u201cPH\u201d, \u201cdana\u201d, \u201cwoke\u201d, \u201cnuda propiedad\u201d, \u201cFOMO\u201d, \u201cPEC\u201d o \u201cla hora espejo\u201d.<\/p>\n<p>Qu\u00e9 es mejor&#8230;<\/p>\n<p class=\"\">Entre los t\u00e9rminos que m\u00e1s han comparado los usuarios este a\u00f1o para saber cu\u00e1l de ellos es mejor destaca la intervenci\u00f3n de la inteligencia artificial, estrella de muchas de las conversaciones de este a\u00f1o con la duda \u201cGemini o ChatGPT\u201d. El resto de batallas conceptuales las han protagonizado \u201cdi\u00e9sel o gasolina\u201d, \u201cmantequilla o margarina\u201d, \u201cdeclaraci\u00f3n conjunta o individual\u201d, \u201ccomprar un coche o renting\u201d, \u201cdesayunar antes o despu\u00e9s de entrenar\u201d, \u201cretinol o retinal\u201d y \u201ccreatina o prote\u00edna\u201d.<\/p>\n<p>C\u00f3mo hacer&#8230;<\/p>\n<p class=\"\">Otras preguntas que han llamado la atenci\u00f3n de la gente cuando ha ido a buscar algo a la barra del buscador han sido cosas tan innovadoras como \u201cc\u00f3mo hacer fotos con IA\u201d, hasta cuestiones tan triviales como \u201cc\u00f3mo hacer fuego con dos palos\u201d o \u201cc\u00f3mo hacer caca en el trabajo\u201d. Y en esta tarea, las recetas suelen ser protagonistas indiscutibles. En este caso han despertado inter\u00e9s el t\u00e9 matcha, los crepes caseros, el crumble de las cookies, el yogur casero o el chocolate de Dub\u00e1i.<\/p>\n","protected":false},"excerpt":{"rendered":"La inteligencia artificial todav\u00eda no ha trastocado una de las tradiciones m\u00e1s populares de diciembre, aunque Gemini haya&hellip;\n","protected":false},"author":2,"featured_media":271977,"comment_status":"","ping_status":"","sticky":false,"template":"","format":"standard","meta":{"footnotes":""},"categories":[42],"tags":[23356,17,18,24,13,14,5003,11,61,62,63,64,3317,19,20,9,10,15,16,400,4147,120,12,21,22,65,66,67],"class_list":{"0":"post-271976","1":"post","2":"type-post","3":"status-publish","4":"format-standard","5":"has-post-thumbnail","7":"category-internacional","8":"tag-apagones-luz","9":"tag-breaking-news","10":"tag-breakingnews","11":"tag-espana","12":"tag-featured-news","13":"tag-featurednews","14":"tag-google","15":"tag-headlines","16":"tag-internacional","17":"tag-international","18":"tag-international-news","19":"tag-internationalnews","20":"tag-internet","21":"tag-latest-news","22":"tag-latestnews","23":"tag-news","24":"tag-noticias","25":"tag-noticias-destacadas","26":"tag-noticiasdestacadas","27":"tag-papa-leon-xiv","28":"tag-rosalia","29":"tag-tecnologia","30":"tag-titulares","31":"tag-ultimas-noticias","32":"tag-ultimasnoticias","33":"tag-world","34":"tag-world-news","35":"tag-worldnews"},"share_on_mastodon":{"url":"https:\/\/pubeurope.com\/@es\/115665379207003820","error":""},"_links":{"self":[{"href":"https:\/\/www.europesays.com\/es\/wp-json\/wp\/v2\/posts\/271976","targetHints":{"allow":["GET"]}}],"collection":[{"href":"https:\/\/www.europesays.com\/es\/wp-json\/wp\/v2\/posts"}],"about":[{"href":"https:\/\/www.europesays.com\/es\/wp-json\/wp\/v2\/types\/post"}],"author":[{"embeddable":true,"href":"https:\/\/www.europesays.com\/es\/wp-json\/wp\/v2\/users\/2"}],"replies":[{"embeddable":true,"href":"https:\/\/www.europesays.com\/es\/wp-json\/wp\/v2\/comments?post=271976"}],"version-history":[{"count":0,"href":"https:\/\/www.europesays.com\/es\/wp-json\/wp\/v2\/posts\/271976\/revisions"}],"wp:featuredmedia":[{"embeddable":true,"href":"https:\/\/www.europesays.com\/es\/wp-json\/wp\/v2\/media\/271977"}],"wp:attachment":[{"href":"https:\/\/www.europesays.com\/es\/wp-json\/wp\/v2\/media?parent=271976"}],"wp:term":[{"taxonomy":"category","embeddable":true,"href":"https:\/\/www.europesays.com\/es\/wp-json\/wp\/v2\/categories?post=271976"},{"taxonomy":"post_tag","embeddable":true,"href":"https:\/\/www.europesays.com\/es\/wp-json\/wp\/v2\/tags?post=271976"}],"curies":[{"name":"wp","href":"https:\/\/api.w.org\/{rel}","templated":true}]}}