{"id":271980,"date":"2025-12-05T05:47:22","date_gmt":"2025-12-05T05:47:22","guid":{"rendered":"https:\/\/www.europesays.com\/es\/271980\/"},"modified":"2025-12-05T05:47:22","modified_gmt":"2025-12-05T05:47:22","slug":"hoy-y-siempre-viva-el-sahara-libre","status":"publish","type":"post","link":"https:\/\/www.europesays.com\/es\/271980\/","title":{"rendered":"\u201cHoy y siempre, viva el S\u00e1hara libre\u201d"},"content":{"rendered":"<p data-gtm-element-container=\"modulo-texto-link\" class=\"paragraph\">Pedro S\u00e1nchez ha reafirmado este jueves ante el primer ministro de Marruecos, Aziz Akhannouch, el giro sobre la cuesti\u00f3n saharaui que adopt\u00f3 en marzo del 2022, y que as\u00ed qued\u00f3 plasmado en la declaraci\u00f3n conjunta que ambos mandatarios sellaron al mes siguiente, para abrir una nueva \u201choja de ruta\u201d en la recomposici\u00f3n de las relaciones entre los dos pa\u00edses tras su \u00faltima crisis diplom\u00e1tica.<\/p>\n<p data-gtm-element-container=\"modulo-texto-link\" class=\"paragraph\">El presidente del Gobierno, seg\u00fan la declaraci\u00f3n conjunta que ha emanado de la reuni\u00f3n de alto nivel entre ambos pa\u00edses celebrada este jueves en la Moncloa, \u201cha reiterado la posici\u00f3n de Espa\u00f1a sobre la cuesti\u00f3n del S\u00e1hara Occidental, expresada en la declaraci\u00f3n conjunta del 7 de abril de 2022\u201d.<\/p>\n<p data-gtm-element-container=\"modulo-texto-link\" class=\"paragraph\">Seg\u00fan la declaraci\u00f3n firmada hoy, Espa\u00f1a ha acogido \u201ccon satisfacci\u00f3n\u201d la adopci\u00f3n de la resoluci\u00f3n del consejo de seguridad de la ONU del pasado 31 de octubre del 2025, que apoy\u00f3 \u201cplenamente\u201d la labor de su secretario general y su enviado personal, \u201cpara facilitar y celebrar negociaciones tomando como base la propuesta de autonom\u00eda de Marruecos con miras a lograr una soluci\u00f3n de la controversia que sea justa, duradera y aceptable para todas las partes, con arreglo a la Carta de las Naciones Unidas\u201d.<\/p>\n<p data-gtm-element-container=\"modulo-texto-link\" class=\"paragraph\">Y ha acogido \u201ccon benepl\u00e1cito cualquier sugerencia constructiva de las partes en respuesta a la propuesta de autonom\u00eda\u201d de Marruecos, que subraya que \u201cuna verdadera autonom\u00eda bajo soberan\u00eda marroqu\u00ed podr\u00eda ser la soluci\u00f3n m\u00e1s factible\u201d para \u201cuna soluci\u00f3n mutuamente aceptable\u201d.<\/p>\n<p data-gtm-element-container=\"modulo-texto-link\" class=\"paragraph\">En la reuni\u00f3n de alto nivel celebrada este jueves en la Moncloa han participado, por parte de Espa\u00f1a, hasta seis ministros. Todos del PSOE, no obstante, y ninguno de su socio de coalici\u00f3n de Gobierno, Sumar, muy cr\u00edtico precisamente con este giro de S\u00e1nchez sobre la cuesti\u00f3n saharaui.<\/p>\n<p data-gtm-element-container=\"modulo-texto-link\" class=\"paragraph\">As\u00ed lo ha resaltado de inmediato la vicepresidenta segunda del Ejecutivo, y l\u00edder de Sumar, Yolanda D\u00edaz, que ha expresado su total discrepancia al respecto. \u201cHoy se celebra en nuestro pa\u00eds una reuni\u00f3n de alto nivel con Marruecos y vamos a decirlo claramente: no vamos a ceder un cent\u00edmetro de tierra saharaui\u201d, ha advertido D\u00edaz en un v\u00eddeo que ha difundido en sus redes sociales leyendo un poema del poeta saharaui Liman Boisha.<\/p>\n<p data-gtm-element-container=\"modulo-texto-link\" class=\"paragraph\">\u201cHoy y siempre, viva el S\u00e1hara libre\u201d, ha zanjado la vicepresidenta segunda del Gobierno.<\/p>\n<p data-gtm-element-container=\"modulo-texto-link\" class=\"paragraph\">Sumar, al igual que otros grupos de la mayor\u00eda de la investidura de Pedro S\u00e1nchez, siempre han expresado su radical discrepancia ante un cambio de rasante sobre la cuesti\u00f3n saharaui alentado por Estados Unidos, y ahora avalado adem\u00e1s por el consejo de seguridad de la ONU, en sinton\u00eda con los intereses de Marruecos. La respuesta oficial de la Moncloa sobre este choque, no obstante, siempre ha sido la misma: la pol\u00edtica exterior de Espa\u00f1a la fija el presidente del Gobierno y, en su lugar, el ministro de Asuntos Exteriores, Jos\u00e9 Manuel Albares.<\/p>\n","protected":false},"excerpt":{"rendered":"Pedro S\u00e1nchez ha reafirmado este jueves ante el primer ministro de Marruecos, Aziz Akhannouch, el giro sobre la&hellip;\n","protected":false},"author":2,"featured_media":271981,"comment_status":"","ping_status":"","sticky":false,"template":"","format":"standard","meta":{"footnotes":""},"categories":[5],"tags":[17,18,25,24,13,14,11,19,20,9,10,15,16,23,12,21,22],"class_list":{"0":"post-271980","1":"post","2":"type-post","3":"status-publish","4":"format-standard","5":"has-post-thumbnail","7":"category-titulares","8":"tag-breaking-news","9":"tag-breakingnews","10":"tag-es","11":"tag-espana","12":"tag-featured-news","13":"tag-featurednews","14":"tag-headlines","15":"tag-latest-news","16":"tag-latestnews","17":"tag-news","18":"tag-noticias","19":"tag-noticias-destacadas","20":"tag-noticiasdestacadas","21":"tag-spain","22":"tag-titulares","23":"tag-ultimas-noticias","24":"tag-ultimasnoticias"},"share_on_mastodon":{"url":"https:\/\/pubeurope.com\/@es\/115665387040662421","error":""},"_links":{"self":[{"href":"https:\/\/www.europesays.com\/es\/wp-json\/wp\/v2\/posts\/271980","targetHints":{"allow":["GET"]}}],"collection":[{"href":"https:\/\/www.europesays.com\/es\/wp-json\/wp\/v2\/posts"}],"about":[{"href":"https:\/\/www.europesays.com\/es\/wp-json\/wp\/v2\/types\/post"}],"author":[{"embeddable":true,"href":"https:\/\/www.europesays.com\/es\/wp-json\/wp\/v2\/users\/2"}],"replies":[{"embeddable":true,"href":"https:\/\/www.europesays.com\/es\/wp-json\/wp\/v2\/comments?post=271980"}],"version-history":[{"count":0,"href":"https:\/\/www.europesays.com\/es\/wp-json\/wp\/v2\/posts\/271980\/revisions"}],"wp:featuredmedia":[{"embeddable":true,"href":"https:\/\/www.europesays.com\/es\/wp-json\/wp\/v2\/media\/271981"}],"wp:attachment":[{"href":"https:\/\/www.europesays.com\/es\/wp-json\/wp\/v2\/media?parent=271980"}],"wp:term":[{"taxonomy":"category","embeddable":true,"href":"https:\/\/www.europesays.com\/es\/wp-json\/wp\/v2\/categories?post=271980"},{"taxonomy":"post_tag","embeddable":true,"href":"https:\/\/www.europesays.com\/es\/wp-json\/wp\/v2\/tags?post=271980"}],"curies":[{"name":"wp","href":"https:\/\/api.w.org\/{rel}","templated":true}]}}