{"id":271988,"date":"2025-12-05T05:58:26","date_gmt":"2025-12-05T05:58:26","guid":{"rendered":"https:\/\/www.europesays.com\/es\/271988\/"},"modified":"2025-12-05T05:58:26","modified_gmt":"2025-12-05T05:58:26","slug":"buenaventura-convierte-la-cosecha-25-26-de-fuenquesada-en-una-serie-grafica-que-eleva-el-aceite-a-objeto-artistico","status":"publish","type":"post","link":"https:\/\/www.europesays.com\/es\/271988\/","title":{"rendered":"Buenaventura convierte la Cosecha 25\u201326 de Fuenquesada en una serie gr\u00e1fica que eleva el aceite a objeto art\u00edstico"},"content":{"rendered":"<p class=\"entradilla\"><a href=\"https:\/\/buenaventura.studio\/es\/proyecto\/renacer-del-olivo\/\" rel=\"nofollow noopener\" target=\"_blank\">Buenaventura<\/a> firma una campa\u00f1a que traslada al dise\u00f1o la sensibilidad del olivar andaluz a trav\u00e9s de seis envoltorios ilustrados. Un proyecto que reinterpreta la tradici\u00f3n desde un lenguaje geom\u00e9trico y crom\u00e1tico contempor\u00e1neo, acercando el virgen extra de Fuenquesada al territorio de la edici\u00f3n limitada y el arte aplicado.<\/p>\n<p><img loading=\"lazy\" decoding=\"async\" width=\"1024\" height=\"682\" src=\"https:\/\/www.europesays.com\/es\/wp-content\/uploads\/2025\/12\/1-Buenaventura-Fuenquesada-1024x682.jpg\" alt=\"\" class=\"wp-image-898646\"  \/><\/p>\n<p>La nueva campa\u00f1a de la Cosecha 25\u201326 de Fuenquesada consolida la colaboraci\u00f3n entre la marca jiennense y Buenaventura, que este a\u00f1o lleva su aproximaci\u00f3n gr\u00e1fica un paso m\u00e1s all\u00e1. El estudio transforma cada botella en una pieza ilustrada, casi un peque\u00f1o lienzo que encapsula el tiempo, el oficio y la cultura visual del olivar. La propuesta parte de una premisa sencilla pero poderosa: el aceite no solo se produce, tambi\u00e9n se narra. Y en esa narraci\u00f3n, el dise\u00f1o es un actor fundamental.<\/p>\n<p>Buenaventura articula esta edici\u00f3n especial a trav\u00e9s de seis ilustraciones originales basadas en patrones geom\u00e9tricos que evocan, sin recurrir a la representaci\u00f3n literal, la topograf\u00eda del campo andaluz. Las laderas, las hileras de olivos, la luz cambiante y la repetici\u00f3n paciente del trabajo agr\u00edcola se traducen en m\u00f3dulos, diagonales, c\u00edrculos y texturas que construyen un paisaje abstracto y reconocible. En las im\u00e1genes que acompa\u00f1an la campa\u00f1a, estas botellas envueltas componen un conjunto casi museogr\u00e1fico, como si formaran parte de una instalaci\u00f3n gr\u00e1fica sobre el tiempo y la tierra.<\/p>\n<p><img loading=\"lazy\" decoding=\"async\" width=\"1024\" height=\"682\" src=\"https:\/\/www.europesays.com\/es\/wp-content\/uploads\/2025\/12\/2-Buenaventura-Fuenquesada-1024x682.jpg\" alt=\"\" class=\"wp-image-898648\"  \/><\/p>\n<p>La mirada art\u00edstica del estudio se apoya en referentes como el movimiento Arts &amp; Crafts y la obra de William Morris, filtrados a trav\u00e9s de una sensibilidad contempor\u00e1nea. Las gamas crom\u00e1ticas recuerdan a los tonos del territorio \u2014ocres, verdes profundos, rosados terrosos, azules densos\u2014 mientras que la influencia de la abstracci\u00f3n geom\u00e9trica centroeuropea y oriental aporta estructura y ritmo. El resultado es un lenguaje donde lo org\u00e1nico y lo construido conviven sin fricciones, generando una identidad visual capaz de expresar al mismo tiempo origen y modernidad.<\/p>\n<p>Este enfoque convierte el envoltorio en un objeto con valor propio. El papel Munken Polar y la impresi\u00f3n de Gr\u00e1ficas Alhambra refuerzan la materialidad del proyecto, que se concibe como una experiencia t\u00e1ctil antes incluso de abrir la botella. Los pliegues, las tensiones y la forma en que el patr\u00f3n se adapta al volumen aportan a cada pieza el car\u00e1cter de algo hecho uno a uno, con la misma atenci\u00f3n que se dedica a la cosecha.<\/p>\n<p><img loading=\"lazy\" decoding=\"async\" width=\"1024\" height=\"682\" src=\"https:\/\/www.europesays.com\/es\/wp-content\/uploads\/2025\/12\/4-Buenaventura-Fuenquesada-1024x682.jpg\" alt=\"\" class=\"wp-image-898649\"  \/><\/p>\n<p>El dise\u00f1o como relato del territorio<\/p>\n<p>La campa\u00f1a reivindica que la tradici\u00f3n agr\u00edcola tambi\u00e9n puede hablarse en clave art\u00edstica. Buenaventura interpreta el olivar no como motivo folkl\u00f3rico, sino como un sistema visual complejo, lleno de repeticiones y geometr\u00edas naturales. La serie de envoltorios funciona as\u00ed como una lectura expandida del paisaje, una traducci\u00f3n gr\u00e1fica que conecta con la memoria y la sensibilidad contempor\u00e1nea del dise\u00f1o.<\/p>\n<p>Fuenquesada encuentra en esta colaboraci\u00f3n una manera de expresar sus valores desde otro lenguaje: autenticidad, paciencia, conocimiento y v\u00ednculo con la naturaleza. Al elevar cada botella a la categor\u00eda de pieza gr\u00e1fica, la marca amplifica su relato y sit\u00faa el virgen extra en un territorio donde conviven la artesan\u00eda y la cultura visual. En un mercado saturado de propuestas, este proyecto demuestra que el dise\u00f1o \u2014cuando entiende el origen y abraza la sensibilidad del producto\u2014 no es un adorno, sino la forma m\u00e1s directa de contar una historia.<\/p>\n<p class=\"post-modified-info\">Actualizado 04\/12\/2025 <\/p>\n","protected":false},"excerpt":{"rendered":"Buenaventura firma una campa\u00f1a que traslada al dise\u00f1o la sensibilidad del olivar andaluz a trav\u00e9s de seis envoltorios&hellip;\n","protected":false},"author":2,"featured_media":271989,"comment_status":"","ping_status":"","sticky":false,"template":"","format":"standard","meta":{"footnotes":""},"categories":[173],"tags":[229,233,231,230,58083,232,234,146,147,25,24,23],"class_list":{"0":"post-271988","1":"post","2":"type-post","3":"status-publish","4":"format-standard","5":"has-post-thumbnail","7":"category-arte-y-diseno","8":"tag-arte","9":"tag-arte-y-diseno","10":"tag-arts","11":"tag-arts-and-design","12":"tag-cabecera","13":"tag-design","14":"tag-diseno","15":"tag-entertainment","16":"tag-entretenimiento","17":"tag-es","18":"tag-espana","19":"tag-spain"},"share_on_mastodon":{"url":"https:\/\/pubeurope.com\/@es\/115665431193988148","error":""},"_links":{"self":[{"href":"https:\/\/www.europesays.com\/es\/wp-json\/wp\/v2\/posts\/271988","targetHints":{"allow":["GET"]}}],"collection":[{"href":"https:\/\/www.europesays.com\/es\/wp-json\/wp\/v2\/posts"}],"about":[{"href":"https:\/\/www.europesays.com\/es\/wp-json\/wp\/v2\/types\/post"}],"author":[{"embeddable":true,"href":"https:\/\/www.europesays.com\/es\/wp-json\/wp\/v2\/users\/2"}],"replies":[{"embeddable":true,"href":"https:\/\/www.europesays.com\/es\/wp-json\/wp\/v2\/comments?post=271988"}],"version-history":[{"count":0,"href":"https:\/\/www.europesays.com\/es\/wp-json\/wp\/v2\/posts\/271988\/revisions"}],"wp:featuredmedia":[{"embeddable":true,"href":"https:\/\/www.europesays.com\/es\/wp-json\/wp\/v2\/media\/271989"}],"wp:attachment":[{"href":"https:\/\/www.europesays.com\/es\/wp-json\/wp\/v2\/media?parent=271988"}],"wp:term":[{"taxonomy":"category","embeddable":true,"href":"https:\/\/www.europesays.com\/es\/wp-json\/wp\/v2\/categories?post=271988"},{"taxonomy":"post_tag","embeddable":true,"href":"https:\/\/www.europesays.com\/es\/wp-json\/wp\/v2\/tags?post=271988"}],"curies":[{"name":"wp","href":"https:\/\/api.w.org\/{rel}","templated":true}]}}