{"id":271994,"date":"2025-12-05T06:05:12","date_gmt":"2025-12-05T06:05:12","guid":{"rendered":"https:\/\/www.europesays.com\/es\/271994\/"},"modified":"2025-12-05T06:05:12","modified_gmt":"2025-12-05T06:05:12","slug":"rosalia-anuncia-la-gira-mundial-de-lux-con-ocho-conciertos-en-espana-el-pais-expres","status":"publish","type":"post","link":"https:\/\/www.europesays.com\/es\/271994\/","title":{"rendered":"Rosal\u00eda anuncia la gira mundial de \u2018Lux\u2019, con ocho conciertos en Espa\u00f1a | El PA\u00cdS Expr\u00e9s"},"content":{"rendered":"<p><img fetchpriority=\"high\" decoding=\"auto\" class=\"_re  a_m-h\" height=\"414\"  width=\"414\"  src=\"https:\/\/www.europesays.com\/es\/wp-content\/uploads\/2025\/12\/42JUIJVS3BCWDB62N7T3326MMY.jpg\" loading=\"eager\"\/>THE TONIGHT SHOW STARRING JIMMY FALLON &#8212; Episode 2215 &#8212; Pictured: Musical guest Rosal\u00eda performs on Sunday, November 16, 2025 &#8212; (Photo by: Todd Owyoung\/NBC via Getty Images)Foto: NBC (Todd Owyoung\/NBC via Getty Image)<\/p>\n<p class=\"\">Despu\u00e9s del \u00e1lbum, la gira. Tras el exitoso lanzamiento de Lux, Rosal\u00eda ha anunciado las fechas de sus pr\u00f3ximos conciertos alrededor del mundo. Tambi\u00e9n habr\u00e1 paradas en Espa\u00f1a.<\/p>\n<p class=\"\"><b>Desde el 16 de marzo de 2026 hasta septiembre. <\/b>La primera etapa es Lyon, en Francia, y tras recorrer Europa pasar\u00e1 por Estados Unidos, Canad\u00e1 y Latinoam\u00e9rica. <\/p>\n<p class=\"\"><b>En Espa\u00f1a dar\u00e1 ocho conciertos. <\/b>Eso s\u00ed, solo en dos ciudades: <\/p>\n<ul>\n<li>En el Movistar Arena de Madrid el 30 de marzo, 1, 3 y 4 de abril, coincidiendo con la Semana Santa. <\/li>\n<li>En Barcelona el 13, 15, 17 y 18 de abril, en el Palau Sant Jordi.<\/li>\n<li>La gira por Latinoam\u00e9rica empieza el 16 de julio en Bogot\u00e1. <\/li>\n<\/ul>\n<p class=\"\"><b>\u00bfCu\u00e1ndo salen a la venta las entradas? <\/b>Depende de las fechas: <\/p>\n<ul>\n<li>Para los primeros dos conciertos de Madrid y Barcelona se podr\u00e1n adquirir a partir del jueves 11 de diciembre a las 10.00 enlivenation.es, Ticketmaster y El Corte Ingl\u00e9s.<\/li>\n<li>Las otras fechas estar\u00e1n disponibles a partir de las 11.00.<\/li>\n<li>Lo que no se sabe es cu\u00e1nto costar\u00e1n. <\/li>\n<\/ul>\n<p class=\"\">\u00a9Foto: NBC<\/p>\n<p class=\"\"><a href=\"https:\/\/elpais.com\/cultura\/2025-12-04\/rosalia-anuncia-ocho-conciertos-en-madrid-y-barcelona-para-presentar-lux.html\" target=\"_self\" rel=\"nofollow noopener\" title=\"https:\/\/elpais.com\/cultura\/2025-12-04\/rosalia-anuncia-ocho-conciertos-en-madrid-y-barcelona-para-presentar-lux.html\">Si quieres saber m\u00e1s, puedes leer aqu\u00ed.<\/a><\/p>\n","protected":false},"excerpt":{"rendered":"THE TONIGHT SHOW STARRING JIMMY FALLON &#8212; Episode 2215 &#8212; Pictured: Musical guest Rosal\u00eda performs on Sunday, November&hellip;\n","protected":false},"author":2,"featured_media":271995,"comment_status":"","ping_status":"","sticky":false,"template":"","format":"standard","meta":{"footnotes":""},"categories":[91],"tags":[208,146,147,25,24,185,4147,23],"class_list":{"0":"post-271994","1":"post","2":"type-post","3":"status-publish","4":"format-standard","5":"has-post-thumbnail","7":"category-entretenimiento","8":"tag-conciertos","9":"tag-entertainment","10":"tag-entretenimiento","11":"tag-es","12":"tag-espana","13":"tag-musica","14":"tag-rosalia","15":"tag-spain"},"share_on_mastodon":{"url":"https:\/\/pubeurope.com\/@es\/115665458161397056","error":""},"_links":{"self":[{"href":"https:\/\/www.europesays.com\/es\/wp-json\/wp\/v2\/posts\/271994","targetHints":{"allow":["GET"]}}],"collection":[{"href":"https:\/\/www.europesays.com\/es\/wp-json\/wp\/v2\/posts"}],"about":[{"href":"https:\/\/www.europesays.com\/es\/wp-json\/wp\/v2\/types\/post"}],"author":[{"embeddable":true,"href":"https:\/\/www.europesays.com\/es\/wp-json\/wp\/v2\/users\/2"}],"replies":[{"embeddable":true,"href":"https:\/\/www.europesays.com\/es\/wp-json\/wp\/v2\/comments?post=271994"}],"version-history":[{"count":0,"href":"https:\/\/www.europesays.com\/es\/wp-json\/wp\/v2\/posts\/271994\/revisions"}],"wp:featuredmedia":[{"embeddable":true,"href":"https:\/\/www.europesays.com\/es\/wp-json\/wp\/v2\/media\/271995"}],"wp:attachment":[{"href":"https:\/\/www.europesays.com\/es\/wp-json\/wp\/v2\/media?parent=271994"}],"wp:term":[{"taxonomy":"category","embeddable":true,"href":"https:\/\/www.europesays.com\/es\/wp-json\/wp\/v2\/categories?post=271994"},{"taxonomy":"post_tag","embeddable":true,"href":"https:\/\/www.europesays.com\/es\/wp-json\/wp\/v2\/tags?post=271994"}],"curies":[{"name":"wp","href":"https:\/\/api.w.org\/{rel}","templated":true}]}}