{"id":272021,"date":"2025-12-05T06:30:11","date_gmt":"2025-12-05T06:30:11","guid":{"rendered":"https:\/\/www.europesays.com\/es\/272021\/"},"modified":"2025-12-05T06:30:11","modified_gmt":"2025-12-05T06:30:11","slug":"los-ultrarricos-espanoles-disparan-un-21-su-fortuna","status":"publish","type":"post","link":"https:\/\/www.europesays.com\/es\/272021\/","title":{"rendered":"Los ultrarricos espa\u00f1oles disparan un 21% su fortuna"},"content":{"rendered":"<p class=\"paragraph\">Los multimillonarios espa\u00f1oles (aquellos con fortunas que superan los 1.000 millones de d\u00f3lares) vieron incrementadas sus fortunas un 21,5% en 2025, hasta los 213.100 millones de d\u00f3lares (182.602 millones de euros), al tiempo que ocho personas m\u00e1s adquirieron el estatus de ultrarrico, hasta elevar la cifra a 32. As\u00ed se desprende de la \u00faltima edici\u00f3n del informe Billionaire Ambitions 2025 de UBS, los espa\u00f1oles m\u00e1s ricos a\u00f1adieron 11.600 millones de d\u00f3lares (9.940 millones de euros) a la riqueza estatal impulsados por el desempe\u00f1o de algunos de los principales empresarios de Espa\u00f1a y una mayor concentraci\u00f3n de patrimonio familiar.<\/p>\n<p class=\"paragraph\">Cabe destacar, en concreto, que el patrimonio de Amancio Ortega creci\u00f3 en 21.000 millones de d\u00f3lares (17.995 millones de euros), hasta los 124.000 millones de d\u00f3lares (106.254 millones de euros). Esta cantidad equivale al 58,2% de la riqueza total de los multimillonarios de Espa\u00f1a.<\/p>\n<p class=\"paragraph\">UBS advisti\u00f3 de que los m\u00e1s de 162.000 millones de d\u00f3lares (138.815 millones de euros) en transferencias patrimoniales previstas durante los pr\u00f3ximos 15 a\u00f1os en Espa\u00f1a ponen el foco en la necesidad de reforzar la planificaci\u00f3n a largo plazo, la gobernanza familiar y la disciplina en los procesos sucesorios. En un contexto de familias cada vez m\u00e1s internacionales y patrimonios m\u00e1s complejos, la entidad indic\u00f3 que el reto para las grandes fortunas espa\u00f1olas pasa por combinar la preservaci\u00f3n del legado con el empoderamiento de la siguiente generaci\u00f3n y una mayor atenci\u00f3n al impacto social de los multimillonarios.<\/p>\n<p class=\"paragraph\"><b>La riqueza de los multimillonarios alcanza los 13,5 billones de euros<\/b><\/p>\n<p class=\"paragraph\">\ufffd A escala global, la riqueza de los ultrarricos alcanz\u00f3 un m\u00e1ximo hist\u00f3rico de 13,54 billones de euros en 2025 tras haberse incrementado en 331.185 millones de euros ante la notable creaci\u00f3n de sociedades y la mayor ola de herencias multigeneracional desde que existe el informe. El n\u00famero de multimillonarios creci\u00f3 un 8,8%, desde los 2.682 hasta los 2.919, con 196 nuevos multimillonarios hechos a s\u00ed mismos y 91 herederos que recibieron en conjunto un r\u00e9cord de 255.180 millones de euros. As\u00ed, los 860 multimillonarios multigeneracionales gestionaron 4,03 billones de euros. El estudio tambi\u00e9n ha hecho hincapi\u00e9 en que las mujeres multimillonarias siguen aumentando su peso, con una riqueza media que creci\u00f3 un 8,4%, hasta los 4.456 millones de euros.<\/p>\n","protected":false},"excerpt":{"rendered":"Los multimillonarios espa\u00f1oles (aquellos con fortunas que superan los 1.000 millones de d\u00f3lares) vieron incrementadas sus fortunas un&hellip;\n","protected":false},"author":2,"featured_media":272022,"comment_status":"","ping_status":"","sticky":false,"template":"","format":"standard","meta":{"footnotes":""},"categories":[80],"tags":[82,95,94,25,24,23],"class_list":{"0":"post-272021","1":"post","2":"type-post","3":"status-publish","4":"format-standard","5":"has-post-thumbnail","7":"category-economia","8":"tag-business","9":"tag-economia","10":"tag-economy","11":"tag-es","12":"tag-espana","13":"tag-spain"},"share_on_mastodon":{"url":"https:\/\/pubeurope.com\/@es\/115665556324537969","error":""},"_links":{"self":[{"href":"https:\/\/www.europesays.com\/es\/wp-json\/wp\/v2\/posts\/272021","targetHints":{"allow":["GET"]}}],"collection":[{"href":"https:\/\/www.europesays.com\/es\/wp-json\/wp\/v2\/posts"}],"about":[{"href":"https:\/\/www.europesays.com\/es\/wp-json\/wp\/v2\/types\/post"}],"author":[{"embeddable":true,"href":"https:\/\/www.europesays.com\/es\/wp-json\/wp\/v2\/users\/2"}],"replies":[{"embeddable":true,"href":"https:\/\/www.europesays.com\/es\/wp-json\/wp\/v2\/comments?post=272021"}],"version-history":[{"count":0,"href":"https:\/\/www.europesays.com\/es\/wp-json\/wp\/v2\/posts\/272021\/revisions"}],"wp:featuredmedia":[{"embeddable":true,"href":"https:\/\/www.europesays.com\/es\/wp-json\/wp\/v2\/media\/272022"}],"wp:attachment":[{"href":"https:\/\/www.europesays.com\/es\/wp-json\/wp\/v2\/media?parent=272021"}],"wp:term":[{"taxonomy":"category","embeddable":true,"href":"https:\/\/www.europesays.com\/es\/wp-json\/wp\/v2\/categories?post=272021"},{"taxonomy":"post_tag","embeddable":true,"href":"https:\/\/www.europesays.com\/es\/wp-json\/wp\/v2\/tags?post=272021"}],"curies":[{"name":"wp","href":"https:\/\/api.w.org\/{rel}","templated":true}]}}