{"id":272025,"date":"2025-12-05T06:32:08","date_gmt":"2025-12-05T06:32:08","guid":{"rendered":"https:\/\/www.europesays.com\/es\/272025\/"},"modified":"2025-12-05T06:32:08","modified_gmt":"2025-12-05T06:32:08","slug":"empleados-del-hospital-de-torrejon-recibieron-la-orden-de-reutilizar-material-sanitario-de-un-solo-uso-sociedad","status":"publish","type":"post","link":"https:\/\/www.europesays.com\/es\/272025\/","title":{"rendered":"Empleados del Hospital de Torrej\u00f3n recibieron la orden de reutilizar material sanitario de un solo uso | Sociedad"},"content":{"rendered":"<p class=\"\">Una de las instrucciones para aumentar beneficios en el Hospital de Torrej\u00f3n, p\u00fablico de gesti\u00f3n privada, fue la reutilizaci\u00f3n de productos sanitarios de un solo uso. As\u00ed lo denunciaron en el canal \u00e9tico interno <a href=\"https:\/\/elpais.com\/sociedad\/2025-12-04\/ribera-despidio-a-cuatro-directivos-que-denunciaron-internamente-los-recortes-en-el-hospital-de-torrejon.html\" target=\"_blank\" rel=\"noreferrer nofollow noopener\" title=\"https:\/\/elpais.com\/sociedad\/2025-12-04\/ribera-despidio-a-cuatro-directivos-que-denunciaron-internamente-los-recortes-en-el-hospital-de-torrejon.html\">los directivos que fueron despedidos<\/a> y as\u00ed consta en documentaci\u00f3n a la que ha tenido acceso EL PA\u00cdS, aunque una portavoz del Grupo Ribera Salud, empresa que gestiona el hospital, niega que esta pr\u00e1ctica se realice.<\/p>\n<p class=\"\">Todo se enmarca en los planes de Ribera Salud para aumentar sus beneficios, que salieron a la luz cuando este peri\u00f3dico <a href=\"https:\/\/elpais.com\/sociedad\/2025-12-03\/la-empresa-gestora-del-hospital-publico-de-torrejon-ordena-rechazar-pacientes-para-ganar-mas-hacemos-actividad-que-nos-perjudica.html\" target=\"_blank\" rel=\"noreferrer nofollow noopener\" title=\"https:\/\/elpais.com\/sociedad\/2025-12-03\/la-empresa-gestora-del-hospital-publico-de-torrejon-ordena-rechazar-pacientes-para-ganar-mas-hacemos-actividad-que-nos-perjudica.html\">public\u00f3 los audios en el que el consejero delegado de la compa\u00f1\u00eda<\/a>, Pablo Gallart, daba instrucciones de aumentar listas de espera y de seleccionar la actividad rentable para conseguir un ebitda (beneficio antes de intereses, impuestos, depreciaciones y amortizaciones) \u201cde cuatro o cinco millones de euros\u201d.<\/p>\n<p class=\"\">Tres miembros de la direcci\u00f3n asistencial del grupo y la gerente del Hospital de Torrej\u00f3n interpusieron denuncias en el canal \u00e9tico que inclu\u00edan estas \u00f3rdenes, adem\u00e1s de esterilizar cat\u00e9teres de un solo uso. \u201cEsta acci\u00f3n no es legal, por ficha t\u00e9cnica ese material no se puede reesterilizar\u201d, se alertaba. Unos d\u00edas despu\u00e9s de interponer estas denuncias, estos cuatro firmantes fueron despedidos de Ribera Salud, aunque la empresa ha asegurado que las destituciones no tienen nada que ver con estos hechos.<\/p>\n<p class=\"\">Los cat\u00e9teres a los que se refiere se utilizan, entre otros, para procedimientos de electrofisiolog\u00eda, y son una herramienta fundamental en cardiolog\u00eda intervencionista para el diagn\u00f3stico y tratamiento de las arritmias. Pueden llegar a costar m\u00e1s de 2.000 euros. <\/p>\n<p class=\"\">Se trata de un dispositivo con tubos muy finos, flexibles y con electrodos en la punta que se introduce por una vena o una arteria hasta el coraz\u00f3n para estudiar su actividad el\u00e9ctrica desde dentro. En Europa, estos productos tienen un marcado CE de un solo uso. <\/p>\n<p class=\"\">Este tipo de material solo se puede volver a utilizar en hospitales si el reprocesamiento (incluyendo la limpieza, desinfecci\u00f3n y todas las fases para su reutilizaci\u00f3n) las realiza un fabricante reprocesador que cumpla todos los requisitos que le son de aplicaci\u00f3n (el reglamento 2017\/745 el <a href=\"https:\/\/www.boe.es\/buscar\/doc.php?id=BOE-A-2023-7416\" target=\"_blank\" rel=\"noreferrer nofollow noopener\" title=\"https:\/\/www.boe.es\/buscar\/doc.php?id=BOE-A-2023-7416\">Real Decreto 192\/2023<\/a>).<\/p>\n<p>Hasta 10 veces<\/p>\n<p class=\"\">Las instrucciones que ha recibido el personal del Hospital de Torrej\u00f3n, a las que ha tenido acceso este diario, van en sentido contrario. Consisten en esterilizarlas despu\u00e9s de su uso hasta un m\u00e1ximo de 10 veces, siempre que est\u00e9n en buen estado. Son directrices que se dieron dos semanas despu\u00e9s de la reuni\u00f3n del 25 de septiembre en la que Gallart pidi\u00f3 a sus subalternos usar la \u201cimaginaci\u00f3n\u201d para \u201cidentificar qu\u00e9 procesos no son contributivos para el EBITDA de la sociedad [rentables]\u201d. <\/p>\n<p class=\"\">Seg\u00fan explica Ignasi Anguera, director de la Unidad de Electrofisiolog\u00eda del Hospital de Bellvitge (Hospitalet de Llobregat), todos los cat\u00e9teres de electrofisiolog\u00eda que se comercializan en Europa son de un solo uso, y solo hay una forma de reutilizarlos: enviarlos a una empresa que los reacondiciona y les vuelve a poner el sello CE de un solo uso.<\/p>\n<p class=\"\">\u201cEn la UE solo hay una, y est\u00e1 en Alemania. Algunos son descartados por requisitos de esterilidad, eficiencia t\u00e9cnica, mec\u00e1nica. Al final, un porcentaje se puede reintroducir. Y esto, si cumplen los requisitos, se podr\u00eda hacer varias veces, pero pocas, entre dos y cuatro, como mucho\u201d, asegura Anguera.<\/p>\n<p class=\"\">El Hospital de Bellvitge <a href=\"https:\/\/bellvitgehospital.cat\/en\/news\/news\/bellvitge-hospital-launches-a%20pioneering-project-in-catalonia-for-the-reuse-of-electrophysiology-catheters?utm_source=chatgpt.com\" target=\"_blank\" rel=\"noreferrer nofollow noopener\" title=\"https:\/\/bellvitgehospital.cat\/en\/news\/news\/bellvitge-hospital-launches-a%20pioneering-project-in-catalonia-for-the-reuse-of-electrophysiology-catheters?utm_source=chatgpt.com\">est\u00e1 inmerso en este plan de reutilizaci\u00f3n<\/a>, que es habitual en otros pa\u00edses. Pero debe hacerse con este procedimiento tasado, con las debidas medidas de seguridad y, como expone el hospital, \u201cmediante un sistema exhaustivo de limpieza y esterilizaci\u00f3n, junto con hasta una veintena de pruebas mec\u00e1nicas, microbiol\u00f3gicas y visuales, entre otras\u201d. El resultado final es un cat\u00e9ter con las mismas garant\u00edas, funcionalidades y marcado CE que uno nuevo, que vuelve as\u00ed a incorporarse a la cadena de suministro hospitalaria.<\/p>\n<p class=\"\">En las denuncias interpuestas por medio del canal \u00e9tico del Grupo Ribera, los directivos despedidos alertaban de las \u201cmalas praxis\u201d que pod\u00edan comprometer la \u201csalud de los pacientes\u201d. Uno de ellos, el director m\u00e9dico de Ribera Salud, se despidi\u00f3 en un correo de una veintena de personas diciendo que no pod\u00eda \u201cceder a la amenaza\u201d de los directivos para hacer pr\u00e1cticas peligrosas para los usuarios del hospital.<\/p>\n<p>Investigaciones en Torrej\u00f3n<\/p>\n<p class=\"\">Ante las revelaciones que ha publicado EL PA\u00cdS esta semana, <a href=\"https:\/\/elpais.com\/sociedad\/2025-12-04\/sanidad-lanza-una-investigacion-para-comprobar-si-hay-irregularidades-en-el-hospital-de-torrejon.html\" target=\"_blank\" rel=\"noreferrer nofollow noopener\" title=\"https:\/\/elpais.com\/sociedad\/2025-12-04\/sanidad-lanza-una-investigacion-para-comprobar-si-hay-irregularidades-en-el-hospital-de-torrejon.html\">el Ministerio de Sanidad ha comenzado una investigaci\u00f3n<\/a> para comprobar si se han producido irregularidades en el Hospital de Torrej\u00f3n de Ardoz. El consejero delegado de Ribera Salud, Gallart, <a href=\"https:\/\/elpais.com\/sociedad\/2025-12-03\/el-ceo-de-ribera-salud-se-desvincula-del-hospital-de-torrejon-y-la-compania-anuncia-una-auditoria-en-profundidad.html\" target=\"_blank\" rel=\"noreferrer nofollow noopener\" title=\"https:\/\/elpais.com\/sociedad\/2025-12-03\/el-ceo-de-ribera-salud-se-desvincula-del-hospital-de-torrejon-y-la-compania-anuncia-una-auditoria-en-profundidad.html\">se ha apartado de la gesti\u00f3n del centro<\/a>, pese a que sigue ocupando su puesto en el grupo, que anunci\u00f3 una auditor\u00eda interna.<\/p>\n<p class=\"\">Algunas instrucciones de Gallart a sus mandos podr\u00edan ser incompatibles con la concesi\u00f3n que Ribera Salud recibi\u00f3 para gestionar el centro p\u00fablico, como la selecci\u00f3n de procesos y el rechazo de pacientes \u201cno c\u00e1pita\u201d costosos, es decir que no pertenecen a la poblaci\u00f3n de influencia, unos 150.000 habitantes de Torrej\u00f3n y algunas localidades cercanas. <\/p>\n<p class=\"\">El modelo de gesti\u00f3n en el que se basa el hospital fue inventado por el propio Grupo Ribera Salud, que lo impuls\u00f3 a finales de los noventa en la Comunidad Valenciana. Desde entonces se ha extendido a Madrid y Galicia, gobernadas tambi\u00e9n por el PP. Consiste en que la empresa construye el hospital y lo gestiona durante un periodo de tiempo \u201530 a\u00f1os en el caso de Torrej\u00f3n\u2015 a cambio de un canon fijo que paga la consejer\u00eda de Sanidad por atender a una poblaci\u00f3n determinada. Esto hace que cuanto menos dinero gaste en asistencia y cu\u00e1nto m\u00e1s ahorre en procesos, mayor sea el beneficio.<\/p>\n<p class=\"\">A diferencia de otras concesiones, no hay un abono por servicios prestados: el canon cubre toda la actividad. A todos los efectos para los pacientes, el centro est\u00e1 integrado en la red p\u00fablica. S\u00ed recibe un ingreso extra por cada usuario \u201cno c\u00e1pita\u201d que atiende, es decir, por los residentes en otras \u00e1reas de Madrid que piden acudir al hospital en virtud de la <a href=\"https:\/\/www.boe.es\/buscar\/act.php?id=BOE-A-2010-2187\" target=\"_blank\" rel=\"noreferrer nofollow noopener\" title=\"https:\/\/www.boe.es\/buscar\/act.php?id=BOE-A-2010-2187\">ley de libertad de elecci\u00f3n de la Comunidad<\/a>, que permite elegir centro y especialista.<\/p>\n<p class=\"\">El Gobierno madrile\u00f1o ha inyectado 88 millones de euros adicionales al canon en los \u00faltimos cinco a\u00f1os a Ribera Salud para la gesti\u00f3n del hospital de Torrej\u00f3n. A estos se suma un rescate adicional de 32,7 millones en julio tras una negociaci\u00f3n en la que el grupo alegaba que sin este importe no pod\u00eda hacer frente a las deudas adquiridas en su inversi\u00f3n en Madrid, que en 2022 alcanzaba los 124 millones de euros. <\/p>\n<p class=\"\"><b>\u00bfTiene algo que contar? Escriba al autor a <\/b><a href=\"https:\/\/elpais.com\/sociedad\/2025-12-05\/mailto:plinde@elpais.es\" target=\"_self\" rel=\"nofollow noopener\" title=\"https:\/\/elpais.com\/sociedad\/2025-12-05\/mailto:plinde@elpais.es\"><b>plinde@elpais.es<\/b><\/a><\/p>\n","protected":false},"excerpt":{"rendered":"Una de las instrucciones para aumentar beneficios en el Hospital de Torrej\u00f3n, p\u00fablico de gesti\u00f3n privada, fue la&hellip;\n","protected":false},"author":2,"featured_media":272026,"comment_status":"","ping_status":"","sticky":false,"template":"","format":"standard","meta":{"footnotes":""},"categories":[8],"tags":[17,18,1467,25,24,13,14,11,6138,19,20,9,10,15,16,1811,26164,17109,492,23,12,65845,21,22],"class_list":{"0":"post-272025","1":"post","2":"type-post","3":"status-publish","4":"format-standard","5":"has-post-thumbnail","7":"category-espana","8":"tag-breaking-news","9":"tag-breakingnews","10":"tag-comunidad-de-madrid","11":"tag-es","12":"tag-espana","13":"tag-featured-news","14":"tag-featurednews","15":"tag-headlines","16":"tag-hospitales","17":"tag-latest-news","18":"tag-latestnews","19":"tag-news","20":"tag-noticias","21":"tag-noticias-destacadas","22":"tag-noticiasdestacadas","23":"tag-sanidad","24":"tag-sanidad-privada","25":"tag-sanidad-publica","26":"tag-sociedad","27":"tag-spain","28":"tag-titulares","29":"tag-torrejon-de-ardoz","30":"tag-ultimas-noticias","31":"tag-ultimasnoticias"},"share_on_mastodon":{"url":"https:\/\/pubeurope.com\/@es\/115665564082228057","error":""},"_links":{"self":[{"href":"https:\/\/www.europesays.com\/es\/wp-json\/wp\/v2\/posts\/272025","targetHints":{"allow":["GET"]}}],"collection":[{"href":"https:\/\/www.europesays.com\/es\/wp-json\/wp\/v2\/posts"}],"about":[{"href":"https:\/\/www.europesays.com\/es\/wp-json\/wp\/v2\/types\/post"}],"author":[{"embeddable":true,"href":"https:\/\/www.europesays.com\/es\/wp-json\/wp\/v2\/users\/2"}],"replies":[{"embeddable":true,"href":"https:\/\/www.europesays.com\/es\/wp-json\/wp\/v2\/comments?post=272025"}],"version-history":[{"count":0,"href":"https:\/\/www.europesays.com\/es\/wp-json\/wp\/v2\/posts\/272025\/revisions"}],"wp:featuredmedia":[{"embeddable":true,"href":"https:\/\/www.europesays.com\/es\/wp-json\/wp\/v2\/media\/272026"}],"wp:attachment":[{"href":"https:\/\/www.europesays.com\/es\/wp-json\/wp\/v2\/media?parent=272025"}],"wp:term":[{"taxonomy":"category","embeddable":true,"href":"https:\/\/www.europesays.com\/es\/wp-json\/wp\/v2\/categories?post=272025"},{"taxonomy":"post_tag","embeddable":true,"href":"https:\/\/www.europesays.com\/es\/wp-json\/wp\/v2\/tags?post=272025"}],"curies":[{"name":"wp","href":"https:\/\/api.w.org\/{rel}","templated":true}]}}